{"id":21719,"date":"2022-11-01T11:31:15","date_gmt":"2022-11-01T11:31:15","guid":{"rendered":"https:\/\/5lo.lublin.pl\/?p=21719"},"modified":"2022-11-06T12:44:04","modified_gmt":"2022-11-06T12:44:04","slug":"wokol-wesela-wyspianskiego-spotkanie-autorskie-z-monika-sliwinska","status":"publish","type":"post","link":"https:\/\/5lo.lublin.pl\/?p=21719","title":{"rendered":"Wok\u00f3\u0142 Wesela Wyspia\u0144skiego &#8211; spotkanie autorskie z Monik\u0105 \u015aliwi\u0144sk\u0105"},"content":{"rendered":"\n<p>27 pa\u017adziernika w naszym liceum odby\u0142o si\u0119 spotkanie z lubelsk\u0105 pisark\u0105 Pani\u0105 Monik\u0105 \u015aliwi\u0144sk\u0105. Ta interesuj\u0105ca redaktorka i pisarka bada losy ludzi, tworz\u0105cych najciekawsze dzie\u0142a plastyczne i literackie okresu M\u0142odej Polski.<\/p>\n\n\n\n<p>Jest laureatk\u0105 Nagrody Klio i finalistk\u0105 Nagrody Literackiej Nike za swoj\u0105 ostatni\u0105 powie\u015b\u0107 &#8211; <em>Panny z \u201eWesela\u201d Siostry Miko\u0142ajczyk\u00f3wny i ich \u015bwiat<\/em>. Nominowana do Nagrody Identitas 2018 za <em>Wyspia\u0144ski. Dop\u00f3ki starczy \u017cycia<\/em>. Laureatka Nagrody Klio III stopnia w 2015 w kategorii autorskiej za <em>Muzy M\u0142odej Polski.<\/em><\/p>\n\n\n\n<p>Autorka podejmuje tematyk\u0119 zwi\u0105zan\u0105 <a href=\"http:\/\/m.in\" target=\"_blank\" rel=\"noreferrer noopener\">m.in<\/a>. ze Stanis\u0142awem Wyspia\u0144skim, Lucjanem Rydlem, W\u0142odzimierzem Tetmajerem i jego bratem Kazimierzem Przerw\u0105-Tetmajerem, Tadeuszem Boyem-\u017bele\u0144skim, Zofi\u0105, Mari\u0105 i Eliz\u0105 Pare\u0144skimi oraz Ann\u0105, Mari\u0105 i Jadwig\u0105 Miko\u0142ajczyk\u00f3wnymi.<\/p>\n\n\n\n<p>Na spotkaniu, w pe\u0142en zaanga\u017cowania i werwy spos\u00f3b, opisa\u0142a \u017cycie c\u00f3rek bronowickiego ch\u0142opa, portretowanych przez najwybitniejszych malarzy i literat\u00f3w prze\u0142omu XIX i XX wieku. Kobiet, kt\u00f3re w doros\u0142ym \u017cyciu, w ma\u0142\u017ce\u0144stwach w widoczny spos\u00f3b wp\u0142yn\u0119\u0142y na \u017cyciorysy swoich m\u0119\u017c\u00f3w. W niezwykle ciekawy spos\u00f3b przybli\u017cy\u0142a m\u0142odzie\u017cy realia powstania <em>Wesela<\/em> Wyspia\u0144skiego. Opisane przez ni\u0105 postacie odzyska\u0142y cielesno\u015b\u0107 i ludzki wymiar, gdy\u017c ka\u017cda z nich dosta\u0142a swoj\u0105 histori\u0119 i prawdziwe rysy, razem z talentami, marzeniami, u\u0142omno\u015bciami i fascynacjami.<\/p>\n\n\n\n<p>W nawi\u0105zaniu do spotkania, zapraszamy do biblioteki szkolnej na wystaw\u0119 ksi\u0105\u017cek autorstwa Stanis\u0142awa Wyspia\u0144skiego oraz biografii i album\u00f3w z jego tw\u00f3rczo\u015bci\u0105.<\/p>\n\n\n\n<p>Marta Wysocka<\/p>\n\n\n\n<div class=\"wp-block-group is-layout-flow wp-block-group-is-layout-flow\"><div class=\"wp-block-group__inner-container\">\n<figure class=\"wp-block-gallery has-nested-images columns-default is-cropped wp-block-gallery-1 is-layout-flex wp-block-gallery-is-layout-flex\">\n<figure class=\"wp-block-image size-large\"><img loading=\"lazy\" decoding=\"async\" width=\"1024\" height=\"1019\" src=\"https:\/\/5lo.lublin.pl\/wp-content\/uploads\/2022\/11\/1-1024x1019.jpg\" alt=\"\" class=\"wp-image-21724\" srcset=\"https:\/\/5lo.lublin.pl\/wp-content\/uploads\/2022\/11\/1-1024x1019.jpg 1024w, https:\/\/5lo.lublin.pl\/wp-content\/uploads\/2022\/11\/1-300x300.jpg 300w, https:\/\/5lo.lublin.pl\/wp-content\/uploads\/2022\/11\/1-150x150.jpg 150w, https:\/\/5lo.lublin.pl\/wp-content\/uploads\/2022\/11\/1-768x764.jpg 768w, https:\/\/5lo.lublin.pl\/wp-content\/uploads\/2022\/11\/1-1536x1529.jpg 1536w, https:\/\/5lo.lublin.pl\/wp-content\/uploads\/2022\/11\/1-120x120.jpg 120w, https:\/\/5lo.lublin.pl\/wp-content\/uploads\/2022\/11\/1.jpg 1960w\" sizes=\"(max-width: 1024px) 100vw, 1024px\" \/><\/figure>\n\n\n\n<figure class=\"wp-block-image size-large\"><img loading=\"lazy\" decoding=\"async\" width=\"939\" height=\"1024\" src=\"https:\/\/5lo.lublin.pl\/wp-content\/uploads\/2022\/11\/2-939x1024.jpg\" alt=\"\" class=\"wp-image-21722\" srcset=\"https:\/\/5lo.lublin.pl\/wp-content\/uploads\/2022\/11\/2-939x1024.jpg 939w, https:\/\/5lo.lublin.pl\/wp-content\/uploads\/2022\/11\/2-275x300.jpg 275w, https:\/\/5lo.lublin.pl\/wp-content\/uploads\/2022\/11\/2-768x837.jpg 768w, https:\/\/5lo.lublin.pl\/wp-content\/uploads\/2022\/11\/2-1409x1536.jpg 1409w, https:\/\/5lo.lublin.pl\/wp-content\/uploads\/2022\/11\/2.jpg 1544w\" sizes=\"(max-width: 939px) 100vw, 939px\" \/><\/figure>\n\n\n\n<figure class=\"wp-block-image size-large\"><img loading=\"lazy\" decoding=\"async\" width=\"1024\" height=\"935\" src=\"https:\/\/5lo.lublin.pl\/wp-content\/uploads\/2022\/11\/3-1024x935.jpg\" alt=\"\" class=\"wp-image-21721\" srcset=\"https:\/\/5lo.lublin.pl\/wp-content\/uploads\/2022\/11\/3-1024x935.jpg 1024w, https:\/\/5lo.lublin.pl\/wp-content\/uploads\/2022\/11\/3-300x274.jpg 300w, https:\/\/5lo.lublin.pl\/wp-content\/uploads\/2022\/11\/3-768x701.jpg 768w, https:\/\/5lo.lublin.pl\/wp-content\/uploads\/2022\/11\/3.jpg 1478w\" sizes=\"(max-width: 1024px) 100vw, 1024px\" \/><\/figure>\n\n\n\n<figure class=\"wp-block-image size-large\"><img loading=\"lazy\" decoding=\"async\" width=\"2292\" height=\"1308\" src=\"https:\/\/5lo.lublin.pl\/wp-content\/uploads\/2022\/11\/4-1024x584.jpg\" alt=\"\" class=\"wp-image-21723\" srcset=\"https:\/\/5lo.lublin.pl\/wp-content\/uploads\/2022\/11\/4-1024x584.jpg 1024w, https:\/\/5lo.lublin.pl\/wp-content\/uploads\/2022\/11\/4-300x171.jpg 300w, https:\/\/5lo.lublin.pl\/wp-content\/uploads\/2022\/11\/4-768x438.jpg 768w, https:\/\/5lo.lublin.pl\/wp-content\/uploads\/2022\/11\/4-1536x877.jpg 1536w, https:\/\/5lo.lublin.pl\/wp-content\/uploads\/2022\/11\/4-2048x1169.jpg 2048w\" sizes=\"(max-width: 2292px) 100vw, 2292px\" \/><\/figure>\n\n\n\n<figure class=\"wp-block-image size-large\"><img loading=\"lazy\" decoding=\"async\" width=\"1024\" height=\"683\" src=\"https:\/\/5lo.lublin.pl\/wp-content\/uploads\/2022\/11\/5-1024x683.jpg\" alt=\"\" class=\"wp-image-21725\" srcset=\"https:\/\/5lo.lublin.pl\/wp-content\/uploads\/2022\/11\/5-1024x683.jpg 1024w, https:\/\/5lo.lublin.pl\/wp-content\/uploads\/2022\/11\/5-300x200.jpg 300w, https:\/\/5lo.lublin.pl\/wp-content\/uploads\/2022\/11\/5-768x512.jpg 768w, https:\/\/5lo.lublin.pl\/wp-content\/uploads\/2022\/11\/5-1536x1024.jpg 1536w, https:\/\/5lo.lublin.pl\/wp-content\/uploads\/2022\/11\/5-2048x1365.jpg 2048w\" sizes=\"(max-width: 1024px) 100vw, 1024px\" \/><\/figure>\n\n\n\n<figure class=\"wp-block-image size-large\"><img loading=\"lazy\" decoding=\"async\" width=\"1024\" height=\"683\" src=\"https:\/\/5lo.lublin.pl\/wp-content\/uploads\/2022\/11\/6-1024x683.jpg\" alt=\"\" class=\"wp-image-21726\" srcset=\"https:\/\/5lo.lublin.pl\/wp-content\/uploads\/2022\/11\/6-1024x683.jpg 1024w, https:\/\/5lo.lublin.pl\/wp-content\/uploads\/2022\/11\/6-300x200.jpg 300w, https:\/\/5lo.lublin.pl\/wp-content\/uploads\/2022\/11\/6-768x512.jpg 768w, https:\/\/5lo.lublin.pl\/wp-content\/uploads\/2022\/11\/6-1536x1024.jpg 1536w, https:\/\/5lo.lublin.pl\/wp-content\/uploads\/2022\/11\/6-2048x1365.jpg 2048w\" sizes=\"(max-width: 1024px) 100vw, 1024px\" \/><\/figure>\n\n\n\n<figure class=\"wp-block-image size-large\"><img loading=\"lazy\" decoding=\"async\" width=\"1024\" height=\"621\" src=\"https:\/\/5lo.lublin.pl\/wp-content\/uploads\/2022\/11\/7-1024x621.jpg\" alt=\"\" class=\"wp-image-21727\" srcset=\"https:\/\/5lo.lublin.pl\/wp-content\/uploads\/2022\/11\/7-1024x621.jpg 1024w, https:\/\/5lo.lublin.pl\/wp-content\/uploads\/2022\/11\/7-300x182.jpg 300w, https:\/\/5lo.lublin.pl\/wp-content\/uploads\/2022\/11\/7-768x465.jpg 768w, https:\/\/5lo.lublin.pl\/wp-content\/uploads\/2022\/11\/7-1536x931.jpg 1536w, https:\/\/5lo.lublin.pl\/wp-content\/uploads\/2022\/11\/7-2048x1241.jpg 2048w\" sizes=\"(max-width: 1024px) 100vw, 1024px\" \/><\/figure>\n\n\n\n<figure class=\"wp-block-image size-large\"><img loading=\"lazy\" decoding=\"async\" width=\"1024\" height=\"656\" src=\"https:\/\/5lo.lublin.pl\/wp-content\/uploads\/2022\/11\/8-1024x656.jpg\" alt=\"\" class=\"wp-image-21728\" srcset=\"https:\/\/5lo.lublin.pl\/wp-content\/uploads\/2022\/11\/8-1024x656.jpg 1024w, https:\/\/5lo.lublin.pl\/wp-content\/uploads\/2022\/11\/8-300x192.jpg 300w, https:\/\/5lo.lublin.pl\/wp-content\/uploads\/2022\/11\/8-768x492.jpg 768w, https:\/\/5lo.lublin.pl\/wp-content\/uploads\/2022\/11\/8-1536x984.jpg 1536w, https:\/\/5lo.lublin.pl\/wp-content\/uploads\/2022\/11\/8-2048x1311.jpg 2048w\" sizes=\"(max-width: 1024px) 100vw, 1024px\" \/><\/figure>\n\n\n\n<figure class=\"wp-block-image size-large\"><img loading=\"lazy\" decoding=\"async\" width=\"1024\" height=\"683\" src=\"https:\/\/5lo.lublin.pl\/wp-content\/uploads\/2022\/11\/9-1024x683.jpg\" alt=\"\" class=\"wp-image-21729\" srcset=\"https:\/\/5lo.lublin.pl\/wp-content\/uploads\/2022\/11\/9-1024x683.jpg 1024w, https:\/\/5lo.lublin.pl\/wp-content\/uploads\/2022\/11\/9-300x200.jpg 300w, https:\/\/5lo.lublin.pl\/wp-content\/uploads\/2022\/11\/9-768x512.jpg 768w, https:\/\/5lo.lublin.pl\/wp-content\/uploads\/2022\/11\/9-1536x1024.jpg 1536w, https:\/\/5lo.lublin.pl\/wp-content\/uploads\/2022\/11\/9-2048x1365.jpg 2048w\" sizes=\"(max-width: 1024px) 100vw, 1024px\" \/><\/figure>\n\n\n\n<figure class=\"wp-block-image size-large\"><img loading=\"lazy\" decoding=\"async\" width=\"1024\" height=\"683\" src=\"https:\/\/5lo.lublin.pl\/wp-content\/uploads\/2022\/11\/10-1024x683.jpg\" alt=\"\" class=\"wp-image-21730\" srcset=\"https:\/\/5lo.lublin.pl\/wp-content\/uploads\/2022\/11\/10-1024x683.jpg 1024w, https:\/\/5lo.lublin.pl\/wp-content\/uploads\/2022\/11\/10-300x200.jpg 300w, https:\/\/5lo.lublin.pl\/wp-content\/uploads\/2022\/11\/10-768x512.jpg 768w, https:\/\/5lo.lublin.pl\/wp-content\/uploads\/2022\/11\/10-1536x1024.jpg 1536w, https:\/\/5lo.lublin.pl\/wp-content\/uploads\/2022\/11\/10-2048x1365.jpg 2048w\" sizes=\"(max-width: 1024px) 100vw, 1024px\" \/><\/figure>\n\n\n\n<figure class=\"wp-block-image size-large\"><img loading=\"lazy\" decoding=\"async\" width=\"1024\" height=\"683\" src=\"https:\/\/5lo.lublin.pl\/wp-content\/uploads\/2022\/11\/11-1024x683.jpg\" alt=\"\" class=\"wp-image-21731\" srcset=\"https:\/\/5lo.lublin.pl\/wp-content\/uploads\/2022\/11\/11-1024x683.jpg 1024w, https:\/\/5lo.lublin.pl\/wp-content\/uploads\/2022\/11\/11-300x200.jpg 300w, https:\/\/5lo.lublin.pl\/wp-content\/uploads\/2022\/11\/11-768x512.jpg 768w, https:\/\/5lo.lublin.pl\/wp-content\/uploads\/2022\/11\/11-1536x1024.jpg 1536w, https:\/\/5lo.lublin.pl\/wp-content\/uploads\/2022\/11\/11-2048x1365.jpg 2048w\" sizes=\"(max-width: 1024px) 100vw, 1024px\" \/><\/figure>\n\n\n\n<figure class=\"wp-block-image size-large\"><img loading=\"lazy\" decoding=\"async\" width=\"1024\" height=\"683\" src=\"https:\/\/5lo.lublin.pl\/wp-content\/uploads\/2022\/11\/12-1024x683.jpg\" alt=\"\" class=\"wp-image-21732\" srcset=\"https:\/\/5lo.lublin.pl\/wp-content\/uploads\/2022\/11\/12-1024x683.jpg 1024w, https:\/\/5lo.lublin.pl\/wp-content\/uploads\/2022\/11\/12-300x200.jpg 300w, https:\/\/5lo.lublin.pl\/wp-content\/uploads\/2022\/11\/12-768x512.jpg 768w, https:\/\/5lo.lublin.pl\/wp-content\/uploads\/2022\/11\/12-1536x1024.jpg 1536w, https:\/\/5lo.lublin.pl\/wp-content\/uploads\/2022\/11\/12-2048x1365.jpg 2048w\" sizes=\"(max-width: 1024px) 100vw, 1024px\" \/><\/figure>\n\n\n\n<figure class=\"wp-block-image size-large\"><img loading=\"lazy\" decoding=\"async\" width=\"1024\" height=\"768\" src=\"https:\/\/5lo.lublin.pl\/wp-content\/uploads\/2022\/11\/13-1024x768.jpg\" alt=\"\" class=\"wp-image-21733\" srcset=\"https:\/\/5lo.lublin.pl\/wp-content\/uploads\/2022\/11\/13-1024x768.jpg 1024w, https:\/\/5lo.lublin.pl\/wp-content\/uploads\/2022\/11\/13-300x225.jpg 300w, https:\/\/5lo.lublin.pl\/wp-content\/uploads\/2022\/11\/13-768x576.jpg 768w, https:\/\/5lo.lublin.pl\/wp-content\/uploads\/2022\/11\/13-1536x1152.jpg 1536w, https:\/\/5lo.lublin.pl\/wp-content\/uploads\/2022\/11\/13-2048x1536.jpg 2048w\" sizes=\"(max-width: 1024px) 100vw, 1024px\" \/><figcaption>smart<\/figcaption><\/figure>\n\n\n\n<figure class=\"wp-block-image size-large\"><img loading=\"lazy\" decoding=\"async\" width=\"731\" height=\"1024\" src=\"https:\/\/5lo.lublin.pl\/wp-content\/uploads\/2022\/11\/14-731x1024.jpg\" alt=\"\" class=\"wp-image-21734\" srcset=\"https:\/\/5lo.lublin.pl\/wp-content\/uploads\/2022\/11\/14-731x1024.jpg 731w, https:\/\/5lo.lublin.pl\/wp-content\/uploads\/2022\/11\/14-214x300.jpg 214w, https:\/\/5lo.lublin.pl\/wp-content\/uploads\/2022\/11\/14-768x1075.jpg 768w, https:\/\/5lo.lublin.pl\/wp-content\/uploads\/2022\/11\/14-1097x1536.jpg 1097w, https:\/\/5lo.lublin.pl\/wp-content\/uploads\/2022\/11\/14-1463x2048.jpg 1463w, https:\/\/5lo.lublin.pl\/wp-content\/uploads\/2022\/11\/14-scaled.jpg 1828w\" sizes=\"(max-width: 731px) 100vw, 731px\" \/><figcaption>smart<\/figcaption><\/figure>\n<\/figure>\n<\/div><\/div>\n\n\n\n<figure class=\"wp-block-gallery has-nested-images columns-default is-cropped wp-block-gallery-2 is-layout-flex wp-block-gallery-is-layout-flex\">\n<figure class=\"wp-block-image size-large\"><img loading=\"lazy\" decoding=\"async\" width=\"1024\" height=\"781\" data-id=\"21735\" src=\"https:\/\/5lo.lublin.pl\/wp-content\/uploads\/2022\/11\/Stanislaw-Wyspianski-Autoportret-z-zona-1904-1024x781.jpg\" alt=\"\" class=\"wp-image-21735\" srcset=\"https:\/\/5lo.lublin.pl\/wp-content\/uploads\/2022\/11\/Stanislaw-Wyspianski-Autoportret-z-zona-1904-1024x781.jpg 1024w, https:\/\/5lo.lublin.pl\/wp-content\/uploads\/2022\/11\/Stanislaw-Wyspianski-Autoportret-z-zona-1904-300x229.jpg 300w, https:\/\/5lo.lublin.pl\/wp-content\/uploads\/2022\/11\/Stanislaw-Wyspianski-Autoportret-z-zona-1904-768x586.jpg 768w, https:\/\/5lo.lublin.pl\/wp-content\/uploads\/2022\/11\/Stanislaw-Wyspianski-Autoportret-z-zona-1904-1536x1171.jpg 1536w, https:\/\/5lo.lublin.pl\/wp-content\/uploads\/2022\/11\/Stanislaw-Wyspianski-Autoportret-z-zona-1904-2048x1561.jpg 2048w\" sizes=\"(max-width: 1024px) 100vw, 1024px\" \/><\/figure>\n\n\n\n<figure class=\"wp-block-image size-large\"><img loading=\"lazy\" decoding=\"async\" width=\"1024\" height=\"778\" data-id=\"21736\" src=\"https:\/\/5lo.lublin.pl\/wp-content\/uploads\/2022\/11\/Stanislaw-Wyspianski-Dziewczynka-z-wazonem-z-kwiatami-1902-1024x778.jpg\" alt=\"\" class=\"wp-image-21736\" srcset=\"https:\/\/5lo.lublin.pl\/wp-content\/uploads\/2022\/11\/Stanislaw-Wyspianski-Dziewczynka-z-wazonem-z-kwiatami-1902-1024x778.jpg 1024w, https:\/\/5lo.lublin.pl\/wp-content\/uploads\/2022\/11\/Stanislaw-Wyspianski-Dziewczynka-z-wazonem-z-kwiatami-1902-300x228.jpg 300w, https:\/\/5lo.lublin.pl\/wp-content\/uploads\/2022\/11\/Stanislaw-Wyspianski-Dziewczynka-z-wazonem-z-kwiatami-1902-768x584.jpg 768w, https:\/\/5lo.lublin.pl\/wp-content\/uploads\/2022\/11\/Stanislaw-Wyspianski-Dziewczynka-z-wazonem-z-kwiatami-1902-1536x1167.jpg 1536w, https:\/\/5lo.lublin.pl\/wp-content\/uploads\/2022\/11\/Stanislaw-Wyspianski-Dziewczynka-z-wazonem-z-kwiatami-1902-2048x1556.jpg 2048w\" sizes=\"(max-width: 1024px) 100vw, 1024px\" \/><\/figure>\n\n\n\n<figure class=\"wp-block-image size-large\"><img loading=\"lazy\" decoding=\"async\" width=\"1024\" height=\"673\" data-id=\"21737\" src=\"https:\/\/5lo.lublin.pl\/wp-content\/uploads\/2022\/11\/Stanislaw-Wyspianski-Macierzynstwo-1905-1024x673.jpg\" alt=\"\" class=\"wp-image-21737\" srcset=\"https:\/\/5lo.lublin.pl\/wp-content\/uploads\/2022\/11\/Stanislaw-Wyspianski-Macierzynstwo-1905-1024x673.jpg 1024w, https:\/\/5lo.lublin.pl\/wp-content\/uploads\/2022\/11\/Stanislaw-Wyspianski-Macierzynstwo-1905-300x197.jpg 300w, https:\/\/5lo.lublin.pl\/wp-content\/uploads\/2022\/11\/Stanislaw-Wyspianski-Macierzynstwo-1905-768x505.jpg 768w, https:\/\/5lo.lublin.pl\/wp-content\/uploads\/2022\/11\/Stanislaw-Wyspianski-Macierzynstwo-1905-1536x1010.jpg 1536w, https:\/\/5lo.lublin.pl\/wp-content\/uploads\/2022\/11\/Stanislaw-Wyspianski-Macierzynstwo-1905-2048x1347.jpg 2048w\" sizes=\"(max-width: 1024px) 100vw, 1024px\" \/><\/figure>\n<\/figure>\n","protected":false},"excerpt":{"rendered":"<p>27 pa\u017adziernika w naszym liceum odby\u0142o si\u0119 spotkanie z lubelsk\u0105 pisark\u0105 Pani\u0105 Monik\u0105 \u015aliwi\u0144sk\u0105. Ta interesuj\u0105ca redaktorka i pisarka bada losy ludzi, tworz\u0105cych najciekawsze dzie\u0142a plastyczne i literackie okresu M\u0142odej Polski. Jest laureatk\u0105 Nagrody Klio i finalistk\u0105 Nagrody Literackiej Nike za swoj\u0105 ostatni\u0105 powie\u015b\u0107 &#8211; Panny z \u201eWesela\u201d Siostry Miko\u0142ajczyk\u00f3wny i ich \u015bwiat. Nominowana do [&hellip;]<\/p>\n","protected":false},"author":29,"featured_media":21720,"comment_status":"closed","ping_status":"open","sticky":false,"template":"","format":"standard","meta":{"footnotes":""},"categories":[222,1,133,220],"tags":[],"_links":{"self":[{"href":"https:\/\/5lo.lublin.pl\/index.php?rest_route=\/wp\/v2\/posts\/21719"}],"collection":[{"href":"https:\/\/5lo.lublin.pl\/index.php?rest_route=\/wp\/v2\/posts"}],"about":[{"href":"https:\/\/5lo.lublin.pl\/index.php?rest_route=\/wp\/v2\/types\/post"}],"author":[{"embeddable":true,"href":"https:\/\/5lo.lublin.pl\/index.php?rest_route=\/wp\/v2\/users\/29"}],"replies":[{"embeddable":true,"href":"https:\/\/5lo.lublin.pl\/index.php?rest_route=%2Fwp%2Fv2%2Fcomments&post=21719"}],"version-history":[{"count":1,"href":"https:\/\/5lo.lublin.pl\/index.php?rest_route=\/wp\/v2\/posts\/21719\/revisions"}],"predecessor-version":[{"id":21919,"href":"https:\/\/5lo.lublin.pl\/index.php?rest_route=\/wp\/v2\/posts\/21719\/revisions\/21919"}],"wp:featuredmedia":[{"embeddable":true,"href":"https:\/\/5lo.lublin.pl\/index.php?rest_route=\/wp\/v2\/media\/21720"}],"wp:attachment":[{"href":"https:\/\/5lo.lublin.pl\/index.php?rest_route=%2Fwp%2Fv2%2Fmedia&parent=21719"}],"wp:term":[{"taxonomy":"category","embeddable":true,"href":"https:\/\/5lo.lublin.pl\/index.php?rest_route=%2Fwp%2Fv2%2Fcategories&post=21719"},{"taxonomy":"post_tag","embeddable":true,"href":"https:\/\/5lo.lublin.pl\/index.php?rest_route=%2Fwp%2Fv2%2Ftags&post=21719"}],"curies":[{"name":"wp","href":"https:\/\/api.w.org\/{rel}","templated":true}]}}