{"id":21365,"date":"2022-09-26T21:09:58","date_gmt":"2022-09-26T21:09:58","guid":{"rendered":"https:\/\/5lo.lublin.pl\/?p=21365"},"modified":"2022-09-26T21:10:01","modified_gmt":"2022-09-26T21:10:01","slug":"ambasador-zrownowazonego-rozwoju","status":"publish","type":"post","link":"https:\/\/5lo.lublin.pl\/?p=21365","title":{"rendered":"Ambasador Zr\u00f3wnowa\u017conego Rozwoju"},"content":{"rendered":"\n<p>W poniedzia\u0142ek 19 wrze\u015bnia w Terminalu Kultury Goc\u0142aw w Warszawie odby\u0142a si\u0119 gala rozdania nagr\u00f3d, podczas kt\u00f3rej Szymon Wnuk , ucze\u0144 klasy 4e, otrzyma\u0142 tytu\u0142 laureata za realizacj\u0119 projektu spo\u0142ecznego ramach programu \u201eAmbasador Zr\u00f3wnowa\u017conego Rozwoju\u201d organizowanego przez Stowarzyszenie Narod\u00f3w Zjednoczonych w Polsce. Serdecznie gratulujemy!<\/p>\n\n\n\n<p><a rel=\"noreferrer noopener\" href=\"https:\/\/5lo.lublin.pl\/pliki\/dyplom_sz_w.pdf\" data-type=\"URL\" data-id=\"https:\/\/5lo.lublin.pl\/pliki\/dyplom_sz_w.pdf\" target=\"_blank\">Dyplom z za\u0142\u0105czniku<\/a> <\/p>\n","protected":false},"excerpt":{"rendered":"<p>W poniedzia\u0142ek 19 wrze\u015bnia w Terminalu Kultury Goc\u0142aw w Warszawie odby\u0142a si\u0119 gala rozdania nagr\u00f3d, podczas kt\u00f3rej Szymon Wnuk , ucze\u0144 klasy 4e, otrzyma\u0142 tytu\u0142 laureata za realizacj\u0119 projektu spo\u0142ecznego ramach programu \u201eAmbasador Zr\u00f3wnowa\u017conego Rozwoju\u201d organizowanego przez Stowarzyszenie Narod\u00f3w Zjednoczonych w Polsce. Serdecznie gratulujemy! Dyplom z za\u0142\u0105czniku<\/p>\n","protected":false},"author":1,"featured_media":21366,"comment_status":"closed","ping_status":"open","sticky":false,"template":"","format":"standard","meta":{"footnotes":""},"categories":[179,348,362,347,134,371,133],"tags":[],"_links":{"self":[{"href":"https:\/\/5lo.lublin.pl\/index.php?rest_route=\/wp\/v2\/posts\/21365"}],"collection":[{"href":"https:\/\/5lo.lublin.pl\/index.php?rest_route=\/wp\/v2\/posts"}],"about":[{"href":"https:\/\/5lo.lublin.pl\/index.php?rest_route=\/wp\/v2\/types\/post"}],"author":[{"embeddable":true,"href":"https:\/\/5lo.lublin.pl\/index.php?rest_route=\/wp\/v2\/users\/1"}],"replies":[{"embeddable":true,"href":"https:\/\/5lo.lublin.pl\/index.php?rest_route=%2Fwp%2Fv2%2Fcomments&post=21365"}],"version-history":[{"count":1,"href":"https:\/\/5lo.lublin.pl\/index.php?rest_route=\/wp\/v2\/posts\/21365\/revisions"}],"predecessor-version":[{"id":21367,"href":"https:\/\/5lo.lublin.pl\/index.php?rest_route=\/wp\/v2\/posts\/21365\/revisions\/21367"}],"wp:featuredmedia":[{"embeddable":true,"href":"https:\/\/5lo.lublin.pl\/index.php?rest_route=\/wp\/v2\/media\/21366"}],"wp:attachment":[{"href":"https:\/\/5lo.lublin.pl\/index.php?rest_route=%2Fwp%2Fv2%2Fmedia&parent=21365"}],"wp:term":[{"taxonomy":"category","embeddable":true,"href":"https:\/\/5lo.lublin.pl\/index.php?rest_route=%2Fwp%2Fv2%2Fcategories&post=21365"},{"taxonomy":"post_tag","embeddable":true,"href":"https:\/\/5lo.lublin.pl\/index.php?rest_route=%2Fwp%2Fv2%2Ftags&post=21365"}],"curies":[{"name":"wp","href":"https:\/\/api.w.org\/{rel}","templated":true}]}}