{"id":21351,"date":"2022-09-23T11:43:30","date_gmt":"2022-09-23T11:43:30","guid":{"rendered":"https:\/\/5lo.lublin.pl\/?p=21351"},"modified":"2022-09-23T11:44:43","modified_gmt":"2022-09-23T11:44:43","slug":"3c-nad-bystrzyca","status":"publish","type":"post","link":"https:\/\/5lo.lublin.pl\/?p=21351","title":{"rendered":"3C nad Bystrzyc\u0105"},"content":{"rendered":"\n<p>Klasa 3c uda\u0142a si\u0119 21 wrze\u015bnia na spacer nad Zalew Zemborzycki i w dolin\u0119 Bystrzycy. Taki spacer to doskona\u0142a okazja na odkrycie bardziej \u201edzikiej\u201d cz\u0119\u015bci naszego miasta.\u00a0Grupa przesz\u0142a nad rzek\u0119, a potem k\u0142adk\u0105 w mniej znany, zielony Lublin. Uczestnicy zastanowili si\u0119, jak rzeka zmienia najbli\u017csze otoczenie, zobaczyli \u015blady \u017cerowania bobr\u00f3w, buchtowisko dzik\u00f3w, dowiedzieli si\u0119 r\u00f3wnie\u017c jaki jest najlepszy pokarm dla ptak\u00f3w i dlaczego nie mo\u017cna karmi\u0107 ich pieczywem. Uczniowie mieli mo\u017cliwo\u015b\u0107 obserwacji ptak\u00f3w przez lunet\u0119 oraz na fotografiach autorstwa przewodnika, znanego w Internecie jako Inspektor Bywak. Spacer odby\u0142 si\u0119 w ramach Lubelskiego Festiwalu Nauki.<\/p>\n\n\n\n<figure class=\"wp-block-gallery has-nested-images columns-default is-cropped wp-block-gallery-1 is-layout-flex wp-block-gallery-is-layout-flex\">\n<figure class=\"wp-block-image size-large\"><img loading=\"lazy\" decoding=\"async\" width=\"576\" height=\"1024\" data-id=\"21354\" src=\"https:\/\/5lo.lublin.pl\/wp-content\/uploads\/2022\/09\/img_20220921_104917_2_m_2.jpg\" alt=\"\" class=\"wp-image-21354\" srcset=\"https:\/\/5lo.lublin.pl\/wp-content\/uploads\/2022\/09\/img_20220921_104917_2_m_2.jpg 576w, https:\/\/5lo.lublin.pl\/wp-content\/uploads\/2022\/09\/img_20220921_104917_2_m_2-169x300.jpg 169w\" sizes=\"(max-width: 576px) 100vw, 576px\" \/><\/figure>\n\n\n\n<figure class=\"wp-block-image size-large\"><img loading=\"lazy\" decoding=\"async\" width=\"576\" height=\"1024\" data-id=\"21353\" src=\"https:\/\/5lo.lublin.pl\/wp-content\/uploads\/2022\/09\/img_20220921_104925_m_3.jpg\" alt=\"\" class=\"wp-image-21353\" srcset=\"https:\/\/5lo.lublin.pl\/wp-content\/uploads\/2022\/09\/img_20220921_104925_m_3.jpg 576w, https:\/\/5lo.lublin.pl\/wp-content\/uploads\/2022\/09\/img_20220921_104925_m_3-169x300.jpg 169w\" sizes=\"(max-width: 576px) 100vw, 576px\" \/><\/figure>\n\n\n\n<figure class=\"wp-block-image size-large\"><img loading=\"lazy\" decoding=\"async\" width=\"1024\" height=\"768\" data-id=\"21352\" src=\"https:\/\/5lo.lublin.pl\/wp-content\/uploads\/2022\/09\/received_482569543519549_m_4.jpg\" alt=\"\" class=\"wp-image-21352\" srcset=\"https:\/\/5lo.lublin.pl\/wp-content\/uploads\/2022\/09\/received_482569543519549_m_4.jpg 1024w, https:\/\/5lo.lublin.pl\/wp-content\/uploads\/2022\/09\/received_482569543519549_m_4-300x225.jpg 300w, https:\/\/5lo.lublin.pl\/wp-content\/uploads\/2022\/09\/received_482569543519549_m_4-768x576.jpg 768w\" sizes=\"(max-width: 1024px) 100vw, 1024px\" \/><\/figure>\n\n\n\n<figure class=\"wp-block-image size-large\"><img loading=\"lazy\" decoding=\"async\" width=\"762\" height=\"1024\" data-id=\"21356\" src=\"https:\/\/5lo.lublin.pl\/wp-content\/uploads\/2022\/09\/received_751618692596286_m_5.jpg\" alt=\"\" class=\"wp-image-21356\" srcset=\"https:\/\/5lo.lublin.pl\/wp-content\/uploads\/2022\/09\/received_751618692596286_m_5.jpg 762w, https:\/\/5lo.lublin.pl\/wp-content\/uploads\/2022\/09\/received_751618692596286_m_5-223x300.jpg 223w\" sizes=\"(max-width: 762px) 100vw, 762px\" \/><\/figure>\n\n\n\n<figure class=\"wp-block-image size-large\"><img loading=\"lazy\" decoding=\"async\" width=\"762\" height=\"1024\" data-id=\"21355\" src=\"https:\/\/5lo.lublin.pl\/wp-content\/uploads\/2022\/09\/received_770628127567644_m_6.jpg\" alt=\"\" class=\"wp-image-21355\" srcset=\"https:\/\/5lo.lublin.pl\/wp-content\/uploads\/2022\/09\/received_770628127567644_m_6.jpg 762w, https:\/\/5lo.lublin.pl\/wp-content\/uploads\/2022\/09\/received_770628127567644_m_6-223x300.jpg 223w\" sizes=\"(max-width: 762px) 100vw, 762px\" \/><\/figure>\n\n\n\n<figure class=\"wp-block-image size-large\"><img loading=\"lazy\" decoding=\"async\" width=\"1024\" height=\"768\" data-id=\"21357\" src=\"https:\/\/5lo.lublin.pl\/wp-content\/uploads\/2022\/09\/received_842799266893354_m_7.jpg\" alt=\"\" class=\"wp-image-21357\" srcset=\"https:\/\/5lo.lublin.pl\/wp-content\/uploads\/2022\/09\/received_842799266893354_m_7.jpg 1024w, https:\/\/5lo.lublin.pl\/wp-content\/uploads\/2022\/09\/received_842799266893354_m_7-300x225.jpg 300w, https:\/\/5lo.lublin.pl\/wp-content\/uploads\/2022\/09\/received_842799266893354_m_7-768x576.jpg 768w\" sizes=\"(max-width: 1024px) 100vw, 1024px\" \/><\/figure>\n\n\n\n<figure class=\"wp-block-image size-large\"><img loading=\"lazy\" decoding=\"async\" width=\"1024\" height=\"768\" data-id=\"21358\" src=\"https:\/\/5lo.lublin.pl\/wp-content\/uploads\/2022\/09\/received_1180333982549817_m_8.jpg\" alt=\"\" class=\"wp-image-21358\" srcset=\"https:\/\/5lo.lublin.pl\/wp-content\/uploads\/2022\/09\/received_1180333982549817_m_8.jpg 1024w, https:\/\/5lo.lublin.pl\/wp-content\/uploads\/2022\/09\/received_1180333982549817_m_8-300x225.jpg 300w, https:\/\/5lo.lublin.pl\/wp-content\/uploads\/2022\/09\/received_1180333982549817_m_8-768x576.jpg 768w\" sizes=\"(max-width: 1024px) 100vw, 1024px\" \/><\/figure>\n\n\n\n<figure class=\"wp-block-image size-large\"><img loading=\"lazy\" decoding=\"async\" width=\"1024\" height=\"768\" data-id=\"21360\" src=\"https:\/\/5lo.lublin.pl\/wp-content\/uploads\/2022\/09\/received_1241373253294661_m_9.jpg\" alt=\"\" class=\"wp-image-21360\" srcset=\"https:\/\/5lo.lublin.pl\/wp-content\/uploads\/2022\/09\/received_1241373253294661_m_9.jpg 1024w, https:\/\/5lo.lublin.pl\/wp-content\/uploads\/2022\/09\/received_1241373253294661_m_9-300x225.jpg 300w, https:\/\/5lo.lublin.pl\/wp-content\/uploads\/2022\/09\/received_1241373253294661_m_9-768x576.jpg 768w\" sizes=\"(max-width: 1024px) 100vw, 1024px\" \/><\/figure>\n\n\n\n<figure class=\"wp-block-image size-large\"><img loading=\"lazy\" decoding=\"async\" width=\"766\" height=\"1024\" data-id=\"21359\" src=\"https:\/\/5lo.lublin.pl\/wp-content\/uploads\/2022\/09\/received_5879739402059839_m_1.jpg\" alt=\"\" class=\"wp-image-21359\" srcset=\"https:\/\/5lo.lublin.pl\/wp-content\/uploads\/2022\/09\/received_5879739402059839_m_1.jpg 766w, https:\/\/5lo.lublin.pl\/wp-content\/uploads\/2022\/09\/received_5879739402059839_m_1-224x300.jpg 224w\" sizes=\"(max-width: 766px) 100vw, 766px\" \/><\/figure>\n<\/figure>\n","protected":false},"excerpt":{"rendered":"<p>Klasa 3c uda\u0142a si\u0119 21 wrze\u015bnia na spacer nad Zalew Zemborzycki i w dolin\u0119 Bystrzycy. Taki spacer to doskona\u0142a okazja na odkrycie bardziej \u201edzikiej\u201d cz\u0119\u015bci naszego miasta.\u00a0Grupa przesz\u0142a nad rzek\u0119, a potem k\u0142adk\u0105 w mniej znany, zielony Lublin. Uczestnicy zastanowili si\u0119, jak rzeka zmienia najbli\u017csze otoczenie, zobaczyli \u015blady \u017cerowania bobr\u00f3w, buchtowisko dzik\u00f3w, dowiedzieli si\u0119 r\u00f3wnie\u017c [&hellip;]<\/p>\n","protected":false},"author":29,"featured_media":21353,"comment_status":"closed","ping_status":"open","sticky":false,"template":"","format":"standard","meta":{"footnotes":""},"categories":[1,133],"tags":[],"_links":{"self":[{"href":"https:\/\/5lo.lublin.pl\/index.php?rest_route=\/wp\/v2\/posts\/21351"}],"collection":[{"href":"https:\/\/5lo.lublin.pl\/index.php?rest_route=\/wp\/v2\/posts"}],"about":[{"href":"https:\/\/5lo.lublin.pl\/index.php?rest_route=\/wp\/v2\/types\/post"}],"author":[{"embeddable":true,"href":"https:\/\/5lo.lublin.pl\/index.php?rest_route=\/wp\/v2\/users\/29"}],"replies":[{"embeddable":true,"href":"https:\/\/5lo.lublin.pl\/index.php?rest_route=%2Fwp%2Fv2%2Fcomments&post=21351"}],"version-history":[{"count":1,"href":"https:\/\/5lo.lublin.pl\/index.php?rest_route=\/wp\/v2\/posts\/21351\/revisions"}],"predecessor-version":[{"id":21361,"href":"https:\/\/5lo.lublin.pl\/index.php?rest_route=\/wp\/v2\/posts\/21351\/revisions\/21361"}],"wp:featuredmedia":[{"embeddable":true,"href":"https:\/\/5lo.lublin.pl\/index.php?rest_route=\/wp\/v2\/media\/21353"}],"wp:attachment":[{"href":"https:\/\/5lo.lublin.pl\/index.php?rest_route=%2Fwp%2Fv2%2Fmedia&parent=21351"}],"wp:term":[{"taxonomy":"category","embeddable":true,"href":"https:\/\/5lo.lublin.pl\/index.php?rest_route=%2Fwp%2Fv2%2Fcategories&post=21351"},{"taxonomy":"post_tag","embeddable":true,"href":"https:\/\/5lo.lublin.pl\/index.php?rest_route=%2Fwp%2Fv2%2Ftags&post=21351"}],"curies":[{"name":"wp","href":"https:\/\/api.w.org\/{rel}","templated":true}]}}