{"id":21140,"date":"2022-09-14T15:52:07","date_gmt":"2022-09-14T15:52:07","guid":{"rendered":"https:\/\/5lo.lublin.pl\/?p=21140"},"modified":"2022-09-14T15:52:10","modified_gmt":"2022-09-14T15:52:10","slug":"jubileuszowe-xxv-jesienne-debiuty-poetyckie","status":"publish","type":"post","link":"https:\/\/5lo.lublin.pl\/?p=21140","title":{"rendered":"Jubileuszowe &#8211; XXV Jesienne Debiuty Poetyckie"},"content":{"rendered":"\n<p>Szanowni Nauczyciele, Drodzy Uczniowie, Kandydaci na poet\u00f3w!<\/p>\n\n\n\n<p>Serdecznie zapraszamy do udzia\u0142u w tegorocznych jubileuszowych XXV Jesiennych Debiutach Poetyckich. Mi\u0119dzynarodowego Przegl\u0105du Poezji im. Stanis\u0142awa Andrzeja \u0141ukowskiego.<\/p>\n\n\n<div class=\"wp-block-image\">\n<figure class=\"aligncenter size-full is-resized\"><img loading=\"lazy\" decoding=\"async\" src=\"https:\/\/5lo.lublin.pl\/wp-content\/uploads\/2022\/06\/image-10.png\" alt=\"\" class=\"wp-image-21141\" width=\"551\" height=\"781\" srcset=\"https:\/\/5lo.lublin.pl\/wp-content\/uploads\/2022\/06\/image-10.png 551w, https:\/\/5lo.lublin.pl\/wp-content\/uploads\/2022\/06\/image-10-212x300.png 212w\" sizes=\"(max-width: 551px) 100vw, 551px\" \/><\/figure><\/div>\n\n<div class=\"wp-block-image\">\n<figure class=\"aligncenter size-full\"><img loading=\"lazy\" decoding=\"async\" width=\"632\" height=\"862\" src=\"https:\/\/5lo.lublin.pl\/wp-content\/uploads\/2022\/06\/image-11.png\" alt=\"\" class=\"wp-image-21142\" srcset=\"https:\/\/5lo.lublin.pl\/wp-content\/uploads\/2022\/06\/image-11.png 632w, https:\/\/5lo.lublin.pl\/wp-content\/uploads\/2022\/06\/image-11-220x300.png 220w\" sizes=\"(max-width: 632px) 100vw, 632px\" \/><\/figure><\/div>\n\n\n<p>Do pobrania:<\/p>\n\n\n\n<div data-wp-interactive=\"\" class=\"wp-block-file\"><object data-wp-bind--hidden=\"!selectors.core.file.hasPdfPreview\" hidden class=\"wp-block-file__embed\" data=\"https:\/\/5lo.lublin.pl\/wp-content\/uploads\/2022\/06\/karta_zgloszenia.pdf\" type=\"application\/pdf\" style=\"width:100%;height:600px\" aria-label=\"Osadzone z Osadzone z karta_zgloszenia..\"><\/object><a id=\"wp-block-file--media-705fc9bd-480d-414b-90d3-e56f685fe82e\" href=\"https:\/\/5lo.lublin.pl\/wp-content\/uploads\/2022\/06\/karta_zgloszenia.pdf\">karta_zgloszenia<\/a><a href=\"https:\/\/5lo.lublin.pl\/wp-content\/uploads\/2022\/06\/karta_zgloszenia.pdf\" class=\"wp-block-file__button\" download aria-describedby=\"wp-block-file--media-705fc9bd-480d-414b-90d3-e56f685fe82e\">Pobierz<\/a><\/div>\n\n\n\n<div class=\"wp-block-file\"><a id=\"wp-block-file--media-884450a1-222a-43af-a602-14b7f70aa056\" href=\"https:\/\/5lo.lublin.pl\/wp-content\/uploads\/2022\/06\/XXV_JDP_2022_karta_zgloszenia_22_06_23.doc\">XXV_JDP_2022_karta_zgloszenia_22_06_23<\/a><a href=\"https:\/\/5lo.lublin.pl\/wp-content\/uploads\/2022\/06\/XXV_JDP_2022_karta_zgloszenia_22_06_23.doc\" class=\"wp-block-file__button\" download aria-describedby=\"wp-block-file--media-884450a1-222a-43af-a602-14b7f70aa056\">Pobierz<\/a><\/div>\n\n\n\n<div data-wp-interactive=\"\" class=\"wp-block-file\"><object data-wp-bind--hidden=\"!selectors.core.file.hasPdfPreview\" hidden class=\"wp-block-file__embed\" data=\"https:\/\/5lo.lublin.pl\/wp-content\/uploads\/2022\/06\/Regulamin.pdf\" type=\"application\/pdf\" style=\"width:100%;height:600px\" aria-label=\"Osadzone z Osadzone z Regulamin..\"><\/object><a id=\"wp-block-file--media-890abbf5-b387-4a42-a655-4451817ca99d\" href=\"https:\/\/5lo.lublin.pl\/wp-content\/uploads\/2022\/06\/Regulamin.pdf\">Regulamin<\/a><a href=\"https:\/\/5lo.lublin.pl\/wp-content\/uploads\/2022\/06\/Regulamin.pdf\" class=\"wp-block-file__button\" download aria-describedby=\"wp-block-file--media-890abbf5-b387-4a42-a655-4451817ca99d\">Pobierz<\/a><\/div>\n","protected":false},"excerpt":{"rendered":"<p>Szanowni Nauczyciele, Drodzy Uczniowie, Kandydaci na poet\u00f3w! Serdecznie zapraszamy do udzia\u0142u w tegorocznych jubileuszowych XXV Jesiennych Debiutach Poetyckich. Mi\u0119dzynarodowego Przegl\u0105du Poezji im. Stanis\u0142awa Andrzeja \u0141ukowskiego. Do pobrania:<\/p>\n","protected":false},"author":29,"featured_media":18572,"comment_status":"closed","ping_status":"open","sticky":false,"template":"","format":"standard","meta":{"footnotes":""},"categories":[160,361,1,133],"tags":[],"_links":{"self":[{"href":"https:\/\/5lo.lublin.pl\/index.php?rest_route=\/wp\/v2\/posts\/21140"}],"collection":[{"href":"https:\/\/5lo.lublin.pl\/index.php?rest_route=\/wp\/v2\/posts"}],"about":[{"href":"https:\/\/5lo.lublin.pl\/index.php?rest_route=\/wp\/v2\/types\/post"}],"author":[{"embeddable":true,"href":"https:\/\/5lo.lublin.pl\/index.php?rest_route=\/wp\/v2\/users\/29"}],"replies":[{"embeddable":true,"href":"https:\/\/5lo.lublin.pl\/index.php?rest_route=%2Fwp%2Fv2%2Fcomments&post=21140"}],"version-history":[{"count":1,"href":"https:\/\/5lo.lublin.pl\/index.php?rest_route=\/wp\/v2\/posts\/21140\/revisions"}],"predecessor-version":[{"id":21146,"href":"https:\/\/5lo.lublin.pl\/index.php?rest_route=\/wp\/v2\/posts\/21140\/revisions\/21146"}],"wp:featuredmedia":[{"embeddable":true,"href":"https:\/\/5lo.lublin.pl\/index.php?rest_route=\/wp\/v2\/media\/18572"}],"wp:attachment":[{"href":"https:\/\/5lo.lublin.pl\/index.php?rest_route=%2Fwp%2Fv2%2Fmedia&parent=21140"}],"wp:term":[{"taxonomy":"category","embeddable":true,"href":"https:\/\/5lo.lublin.pl\/index.php?rest_route=%2Fwp%2Fv2%2Fcategories&post=21140"},{"taxonomy":"post_tag","embeddable":true,"href":"https:\/\/5lo.lublin.pl\/index.php?rest_route=%2Fwp%2Fv2%2Ftags&post=21140"}],"curies":[{"name":"wp","href":"https:\/\/api.w.org\/{rel}","templated":true}]}}