{"id":20668,"date":"2022-06-23T21:55:25","date_gmt":"2022-06-23T21:55:25","guid":{"rendered":"https:\/\/5lo.lublin.pl\/?p=20668"},"modified":"2022-06-24T14:08:27","modified_gmt":"2022-06-24T14:08:27","slug":"laureaci-ogolnopolskich-konkursow-artystycznych-2021-2022","status":"publish","type":"post","link":"https:\/\/5lo.lublin.pl\/?p=20668","title":{"rendered":"Laureaci og\u00f3lnopolskich konkurs\u00f3w artystycznych 2021\/2022"},"content":{"rendered":"\n<p style=\"font-size:17px\"><strong>W roku szkolnym 2021\/2022 V Liceum Og\u00f3lnokszta\u0142c\u0105ce im. Marii Sk\u0142odowskiej-Curie w Lublinie mo\u017ce pochwali\u0107 si\u0119 10 tytu\u0142ami&nbsp; laureata og\u00f3lnopolskich konkurs\u00f3w artystycznych<\/strong>. Uczniowie oraz nauczyciele &#8211; ich opiekunowie otrzymali pami\u0105tkowe dyplomy. Laureaci spe\u0142niaj\u0105cy dodatkowe warunki otrzymali r\u00f3wnie\u017c jednorazowe stypendia Prezydenta Miasta Lublin za osi\u0105gni\u0119cia w konkursach artystycznych.<\/p>\n\n\n\n<p class=\"has-text-align-center\" style=\"font-size:17px\"><strong>Wyr\u00f3\u017cnieni uczniowie z V Liceum Og\u00f3lnokszta\u0142c\u0105cego im. Marii Sk\u0142odowskiej-Curie:<\/strong><\/p>\n\n\n\n<figure class=\"wp-block-table wp-block-table; aligncenter size-large is-style-stripes\"><table><tbody><tr><td>L.p.<\/td><td>Imi\u0119 i nazwisko ucznia<\/td><td>Klasa<\/td><td>Nazwa konkursu, olimpiady lub turnieju<\/td><td>Imi\u0119 i Nazwisko nauczyciela-opiekuna ucznia<\/td><\/tr><tr><td>1<\/td><td>Liwia \u0141ukianiuk<\/td><td>I G<\/td><td>Mi\u0119dzynarodowy Przegl\u0105d Poezji <em>XXIV Jesienne Debiuty Poetyckie<\/em> <\/td><td>Magdalena Kobyli\u0144ska<\/td><\/tr><tr><td>2<\/td><td>Karolina<br \/>Jatczak<\/td><td>II G<\/td><td>XV Og\u00f3lnopolski Konkurs Literacki Tw\u00f3rczo\u015bci Mi\u0142osnej im. M. Kargula<\/td><td>Anna Lipczy\u0144ska &#8211; Tymczyna<\/td><\/tr><tr><td>3<\/td><td>Pawe\u0142<br \/>Tudrujek<\/td><td>I B<\/td><td>IX Og\u00f3lnopolski Konkurs o ks. Stanis\u0142awie Konarskim Ksi\u0105dz Stanis\u0142aw Konarski \u2013 nasz wsp\u00f3\u0142czesny<\/td><td>Ryszard Kotowski<\/td><\/tr><tr><td>4<\/td><td>Wiktor<br \/>Malczy\u0144ski<\/td><td>III Ep<\/td><td>Mi\u0119dzynarodowy Konkurs \u201eGrand Prix\u201d of the UNESCO Week of Sound International Competition: When Sound Creates Image!<\/td><td>Marek Wojtczak<\/td><\/tr><tr><td>5<\/td><td>Oliwia Cyranek<\/td><td>I B<\/td><td>29. Mi\u0119dzynarodowy Konkurs Plastyczny&nbsp;\u201eMieszkam w Beskidach\u201d<\/td><td>Krystyna Rybka<\/td><\/tr><tr><td>6<\/td><td>Zuzanna \u017belazo<\/td><td>I B<\/td><td>29. Mi\u0119dzynarodowy Konkurs Plastyczny&nbsp;\u201eMieszkam w Beskidach\u201d<\/td><td>Krystyna Rybka<\/td><\/tr><tr><td>7<\/td><td>Kacper Ga\u0142at<\/td><td>I B<\/td><td>29. Mi\u0119dzynarodowy Konkurs Plastyczny&nbsp;\u201eMieszkam w Beskidach\u201d<\/td><td>Krystyna Rybka<\/td><\/tr><tr><td>8<\/td><td>Hanna Chimiuk<\/td><td>I F<\/td><td>29. Mi\u0119dzynarodowy Konkurs Plastyczny&nbsp;\u201eMieszkam w Beskidach\u201d<\/td><td>Krystyna Rybka<\/td><\/tr><tr><td>9<\/td><td>Hanna B\u0142aszczuk<\/td><td>II E<\/td><td>29. Mi\u0119dzynarodowy Konkurs Plastyczny&nbsp;\u201eMieszkam w Beskidach\u201d<\/td><td>Krystyna Rybka<\/td><\/tr><tr><td>10<\/td><td>Oliwia Pastuszak<\/td><td>I E<\/td><td>29. Mi\u0119dzynarodowy Konkurs Plastyczny&nbsp;\u201eMieszkam w Beskidach\u201d<\/td><td>Krystyna Rybka<\/td><\/tr><\/tbody><\/table><\/figure>\n\n\n\n<p class=\"has-text-align-center\" style=\"font-size:17px\"><strong>Szko\u0142y otrzyma\u0142y pami\u0105tkowe dyplomy Prezydenta Miasta <br \/>za osi\u0105gni\u0119cia w konkursach artystycznych w roku szkolnym 2021\/2022<\/strong><\/p>\n\n\n\n<p class=\"has-text-align-center\" style=\"font-size:17px\">Serdecznie gratulujemy laureatom oraz ich opiekunom.<\/p>\n\n\n<div class=\"wp-block-image\">\n<figure class=\"aligncenter size-full\"><img loading=\"lazy\" decoding=\"async\" width=\"539\" height=\"776\" src=\"https:\/\/5lo.lublin.pl\/wp-content\/uploads\/2022\/06\/image-4.png\" alt=\"\" class=\"wp-image-20679\" srcset=\"https:\/\/5lo.lublin.pl\/wp-content\/uploads\/2022\/06\/image-4.png 539w, https:\/\/5lo.lublin.pl\/wp-content\/uploads\/2022\/06\/image-4-208x300.png 208w\" sizes=\"(max-width: 539px) 100vw, 539px\" \/><\/figure><\/div>","protected":false},"excerpt":{"rendered":"<p>W roku szkolnym 2021\/2022 V Liceum Og\u00f3lnokszta\u0142c\u0105ce im. Marii Sk\u0142odowskiej-Curie w Lublinie mo\u017ce pochwali\u0107 si\u0119 10 tytu\u0142ami&nbsp; laureata og\u00f3lnopolskich konkurs\u00f3w artystycznych. Uczniowie oraz nauczyciele &#8211; ich opiekunowie otrzymali pami\u0105tkowe dyplomy. Laureaci spe\u0142niaj\u0105cy dodatkowe warunki otrzymali r\u00f3wnie\u017c jednorazowe stypendia Prezydenta Miasta Lublin za osi\u0105gni\u0119cia w konkursach artystycznych. Wyr\u00f3\u017cnieni uczniowie z V Liceum Og\u00f3lnokszta\u0142c\u0105cego im. Marii Sk\u0142odowskiej-Curie: [&hellip;]<\/p>\n","protected":false},"author":23,"featured_media":13273,"comment_status":"open","ping_status":"open","sticky":false,"template":"","format":"standard","meta":{"footnotes":""},"categories":[1,134],"tags":[],"_links":{"self":[{"href":"https:\/\/5lo.lublin.pl\/index.php?rest_route=\/wp\/v2\/posts\/20668"}],"collection":[{"href":"https:\/\/5lo.lublin.pl\/index.php?rest_route=\/wp\/v2\/posts"}],"about":[{"href":"https:\/\/5lo.lublin.pl\/index.php?rest_route=\/wp\/v2\/types\/post"}],"author":[{"embeddable":true,"href":"https:\/\/5lo.lublin.pl\/index.php?rest_route=\/wp\/v2\/users\/23"}],"replies":[{"embeddable":true,"href":"https:\/\/5lo.lublin.pl\/index.php?rest_route=%2Fwp%2Fv2%2Fcomments&post=20668"}],"version-history":[{"count":1,"href":"https:\/\/5lo.lublin.pl\/index.php?rest_route=\/wp\/v2\/posts\/20668\/revisions"}],"predecessor-version":[{"id":20688,"href":"https:\/\/5lo.lublin.pl\/index.php?rest_route=\/wp\/v2\/posts\/20668\/revisions\/20688"}],"wp:featuredmedia":[{"embeddable":true,"href":"https:\/\/5lo.lublin.pl\/index.php?rest_route=\/wp\/v2\/media\/13273"}],"wp:attachment":[{"href":"https:\/\/5lo.lublin.pl\/index.php?rest_route=%2Fwp%2Fv2%2Fmedia&parent=20668"}],"wp:term":[{"taxonomy":"category","embeddable":true,"href":"https:\/\/5lo.lublin.pl\/index.php?rest_route=%2Fwp%2Fv2%2Fcategories&post=20668"},{"taxonomy":"post_tag","embeddable":true,"href":"https:\/\/5lo.lublin.pl\/index.php?rest_route=%2Fwp%2Fv2%2Ftags&post=20668"}],"curies":[{"name":"wp","href":"https:\/\/api.w.org\/{rel}","templated":true}]}}