{"id":20466,"date":"2022-06-15T18:26:33","date_gmt":"2022-06-15T18:26:33","guid":{"rendered":"https:\/\/5lo.lublin.pl\/?p=20466"},"modified":"2022-06-15T18:26:37","modified_gmt":"2022-06-15T18:26:37","slug":"go-creative-2021-freedom","status":"publish","type":"post","link":"https:\/\/5lo.lublin.pl\/?p=20466","title":{"rendered":"Go Creative 2021 &#8211; Freedom"},"content":{"rendered":"\n<p>Dnia 09.06.2022 na Wydziale Politologii UMCS odby\u0142a si\u0119 uroczysta gala wr\u0119czenia nagr\u00f3d za udzia\u0142 w konkursie: \u201e <strong>Go Creative 2021 &#8211; Freedom<\/strong>\u201d. Konkurs zosta\u0142 zorganizowany przez Katedr\u0119 Anglistyki i Amerykanistyki UMCS oraz Ko\u0142o Naukowe Anglist\u00f3w UMCS w Lublinie.<\/p>\n\n\n\n<p>Uczniowie z naszej szko\u0142y : Aleksandra Kujan, Katarzyna Drozd, Julia Wilko\u0142azka, Franciszek Matraszek i Jakub G\u00f3rniak napisali pod kierunkiem swoich nauczycieli eseje konkursowe w j\u0119zyku angielskim. Za udzia\u0142 w konkursie uczniowie otrzymali dyplomy i nagrody, Franciszek Matraszek otrzyma\u0142 za swoj\u0105 prac\u0119 wyr\u00f3\u017cnienie.<\/p>\n\n\n<div class=\"wp-block-image\">\n<figure class=\"aligncenter size-large is-resized\"><img loading=\"lazy\" decoding=\"async\" src=\"https:\/\/5lo.lublin.pl\/wp-content\/uploads\/2022\/06\/dyplom-1024x722.jpg\" alt=\"\" class=\"wp-image-20467\" width=\"840\" height=\"592\" srcset=\"https:\/\/5lo.lublin.pl\/wp-content\/uploads\/2022\/06\/dyplom-1024x722.jpg 1024w, https:\/\/5lo.lublin.pl\/wp-content\/uploads\/2022\/06\/dyplom-300x211.jpg 300w, https:\/\/5lo.lublin.pl\/wp-content\/uploads\/2022\/06\/dyplom-768x541.jpg 768w, https:\/\/5lo.lublin.pl\/wp-content\/uploads\/2022\/06\/dyplom.jpg 1043w\" sizes=\"(max-width: 840px) 100vw, 840px\" \/><\/figure><\/div>\n\n\n<p>Po wr\u0119czeniu nagr\u00f3d uczniowie wzi\u0119li udzia\u0142 w&nbsp; warsztatach ze storytellingu (w j\u0119zyku polskim, prowadzonych przez dr El\u017cbiet\u0119 Pawlak-Hejno z Katedry Komunikacji Medialnej UMCS \u2013 absolwentk\u0119 V LO w Lublinie) oraz warsztatach&nbsp; z popkultury (w j\u0119zyku angielskim, prowadzonych przez dr Izabel\u0119 Kimak z Katedry Anglistyki i Amerykanistyki UMCS), a tak\u017ce w kr\u00f3tkim spotkaniu z Ko\u0142em Naukowym Anglist\u00f3w \u2013 organizatorem konkursu.<\/p>\n\n\n\n<figure class=\"wp-block-gallery has-nested-images columns-default is-cropped wp-block-gallery-1 is-layout-flex wp-block-gallery-is-layout-flex\">\n<figure class=\"wp-block-image size-large\"><img loading=\"lazy\" decoding=\"async\" width=\"753\" height=\"347\" data-id=\"20469\" src=\"https:\/\/5lo.lublin.pl\/wp-content\/uploads\/2022\/06\/20220609_101720.jpg\" alt=\"\" class=\"wp-image-20469\" srcset=\"https:\/\/5lo.lublin.pl\/wp-content\/uploads\/2022\/06\/20220609_101720.jpg 753w, https:\/\/5lo.lublin.pl\/wp-content\/uploads\/2022\/06\/20220609_101720-300x138.jpg 300w\" sizes=\"(max-width: 753px) 100vw, 753px\" \/><\/figure>\n\n\n\n<figure class=\"wp-block-image size-large\"><img loading=\"lazy\" decoding=\"async\" width=\"753\" height=\"347\" data-id=\"20468\" src=\"https:\/\/5lo.lublin.pl\/wp-content\/uploads\/2022\/06\/20220609_101632.jpg\" alt=\"\" class=\"wp-image-20468\" srcset=\"https:\/\/5lo.lublin.pl\/wp-content\/uploads\/2022\/06\/20220609_101632.jpg 753w, https:\/\/5lo.lublin.pl\/wp-content\/uploads\/2022\/06\/20220609_101632-300x138.jpg 300w\" sizes=\"(max-width: 753px) 100vw, 753px\" \/><\/figure>\n\n\n\n<figure class=\"wp-block-image size-large\"><img loading=\"lazy\" decoding=\"async\" width=\"753\" height=\"347\" data-id=\"20470\" src=\"https:\/\/5lo.lublin.pl\/wp-content\/uploads\/2022\/06\/20220609_101257.jpg\" alt=\"\" class=\"wp-image-20470\" srcset=\"https:\/\/5lo.lublin.pl\/wp-content\/uploads\/2022\/06\/20220609_101257.jpg 753w, https:\/\/5lo.lublin.pl\/wp-content\/uploads\/2022\/06\/20220609_101257-300x138.jpg 300w\" sizes=\"(max-width: 753px) 100vw, 753px\" \/><\/figure>\n<\/figure>\n","protected":false},"excerpt":{"rendered":"<p>Dnia 09.06.2022 na Wydziale Politologii UMCS odby\u0142a si\u0119 uroczysta gala wr\u0119czenia nagr\u00f3d za udzia\u0142 w konkursie: \u201e Go Creative 2021 &#8211; Freedom\u201d. Konkurs zosta\u0142 zorganizowany przez Katedr\u0119 Anglistyki i Amerykanistyki UMCS oraz Ko\u0142o Naukowe Anglist\u00f3w UMCS w Lublinie. Uczniowie z naszej szko\u0142y : Aleksandra Kujan, Katarzyna Drozd, Julia Wilko\u0142azka, Franciszek Matraszek i Jakub G\u00f3rniak napisali [&hellip;]<\/p>\n","protected":false},"author":29,"featured_media":20468,"comment_status":"closed","ping_status":"open","sticky":false,"template":"","format":"standard","meta":{"footnotes":""},"categories":[348,364,134,133],"tags":[],"_links":{"self":[{"href":"https:\/\/5lo.lublin.pl\/index.php?rest_route=\/wp\/v2\/posts\/20466"}],"collection":[{"href":"https:\/\/5lo.lublin.pl\/index.php?rest_route=\/wp\/v2\/posts"}],"about":[{"href":"https:\/\/5lo.lublin.pl\/index.php?rest_route=\/wp\/v2\/types\/post"}],"author":[{"embeddable":true,"href":"https:\/\/5lo.lublin.pl\/index.php?rest_route=\/wp\/v2\/users\/29"}],"replies":[{"embeddable":true,"href":"https:\/\/5lo.lublin.pl\/index.php?rest_route=%2Fwp%2Fv2%2Fcomments&post=20466"}],"version-history":[{"count":1,"href":"https:\/\/5lo.lublin.pl\/index.php?rest_route=\/wp\/v2\/posts\/20466\/revisions"}],"predecessor-version":[{"id":20471,"href":"https:\/\/5lo.lublin.pl\/index.php?rest_route=\/wp\/v2\/posts\/20466\/revisions\/20471"}],"wp:featuredmedia":[{"embeddable":true,"href":"https:\/\/5lo.lublin.pl\/index.php?rest_route=\/wp\/v2\/media\/20468"}],"wp:attachment":[{"href":"https:\/\/5lo.lublin.pl\/index.php?rest_route=%2Fwp%2Fv2%2Fmedia&parent=20466"}],"wp:term":[{"taxonomy":"category","embeddable":true,"href":"https:\/\/5lo.lublin.pl\/index.php?rest_route=%2Fwp%2Fv2%2Fcategories&post=20466"},{"taxonomy":"post_tag","embeddable":true,"href":"https:\/\/5lo.lublin.pl\/index.php?rest_route=%2Fwp%2Fv2%2Ftags&post=20466"}],"curies":[{"name":"wp","href":"https:\/\/api.w.org\/{rel}","templated":true}]}}