{"id":20375,"date":"2022-06-09T15:58:00","date_gmt":"2022-06-09T15:58:00","guid":{"rendered":"https:\/\/5lo.lublin.pl\/?p=20375"},"modified":"2022-06-09T15:58:04","modified_gmt":"2022-06-09T15:58:04","slug":"sukces-uczennicy-v-lo-w-xxxvii-ogolnopolskiej-olimpiadzie-wiedzy-ekologicznej-2","status":"publish","type":"post","link":"https:\/\/5lo.lublin.pl\/?p=20375","title":{"rendered":"Sukces uczennicy V LO w XXXVII Og\u00f3lnopolskiej Olimpiadzie Wiedzy Ekologicznej"},"content":{"rendered":"\n<p>Z przyjemno\u015bci\u0105 informujemy, \u017ce tytu\u0142 <strong>finalisty etapu centralnego<\/strong> olimpiady otrzyma\u0142a Hanna Mierzejewska z klasy II c..<\/p>\n\n\n<div class=\"wp-block-image\">\n<figure class=\"aligncenter size-full\"><img loading=\"lazy\" decoding=\"async\" width=\"475\" height=\"685\" src=\"https:\/\/5lo.lublin.pl\/wp-content\/uploads\/2022\/06\/dyplom_OEKO.jpg\" alt=\"\" class=\"wp-image-20376\" srcset=\"https:\/\/5lo.lublin.pl\/wp-content\/uploads\/2022\/06\/dyplom_OEKO.jpg 475w, https:\/\/5lo.lublin.pl\/wp-content\/uploads\/2022\/06\/dyplom_OEKO-208x300.jpg 208w\" sizes=\"(max-width: 475px) 100vw, 475px\" \/><\/figure><\/div>\n\n\n<p>Gratulujemy i \u017cyczymy dalszych sukces\u00f3w. Opiekun uczennicy \u2013 p. Agnieszka Przybycie\u0144-Sioma.<\/p>\n","protected":false},"excerpt":{"rendered":"<p>Z przyjemno\u015bci\u0105 informujemy, \u017ce tytu\u0142 finalisty etapu centralnego olimpiady otrzyma\u0142a Hanna Mierzejewska z klasy II c.. Gratulujemy i \u017cyczymy dalszych sukces\u00f3w. Opiekun uczennicy \u2013 p. Agnieszka Przybycie\u0144-Sioma.<\/p>\n","protected":false},"author":29,"featured_media":19937,"comment_status":"closed","ping_status":"open","sticky":false,"template":"","format":"standard","meta":{"footnotes":""},"categories":[348,1,360,134],"tags":[],"_links":{"self":[{"href":"https:\/\/5lo.lublin.pl\/index.php?rest_route=\/wp\/v2\/posts\/20375"}],"collection":[{"href":"https:\/\/5lo.lublin.pl\/index.php?rest_route=\/wp\/v2\/posts"}],"about":[{"href":"https:\/\/5lo.lublin.pl\/index.php?rest_route=\/wp\/v2\/types\/post"}],"author":[{"embeddable":true,"href":"https:\/\/5lo.lublin.pl\/index.php?rest_route=\/wp\/v2\/users\/29"}],"replies":[{"embeddable":true,"href":"https:\/\/5lo.lublin.pl\/index.php?rest_route=%2Fwp%2Fv2%2Fcomments&post=20375"}],"version-history":[{"count":1,"href":"https:\/\/5lo.lublin.pl\/index.php?rest_route=\/wp\/v2\/posts\/20375\/revisions"}],"predecessor-version":[{"id":20377,"href":"https:\/\/5lo.lublin.pl\/index.php?rest_route=\/wp\/v2\/posts\/20375\/revisions\/20377"}],"wp:featuredmedia":[{"embeddable":true,"href":"https:\/\/5lo.lublin.pl\/index.php?rest_route=\/wp\/v2\/media\/19937"}],"wp:attachment":[{"href":"https:\/\/5lo.lublin.pl\/index.php?rest_route=%2Fwp%2Fv2%2Fmedia&parent=20375"}],"wp:term":[{"taxonomy":"category","embeddable":true,"href":"https:\/\/5lo.lublin.pl\/index.php?rest_route=%2Fwp%2Fv2%2Fcategories&post=20375"},{"taxonomy":"post_tag","embeddable":true,"href":"https:\/\/5lo.lublin.pl\/index.php?rest_route=%2Fwp%2Fv2%2Ftags&post=20375"}],"curies":[{"name":"wp","href":"https:\/\/api.w.org\/{rel}","templated":true}]}}