{"id":20348,"date":"2022-06-05T16:08:01","date_gmt":"2022-06-05T16:08:01","guid":{"rendered":"https:\/\/5lo.lublin.pl\/?p=20348"},"modified":"2022-06-20T16:19:56","modified_gmt":"2022-06-20T16:19:56","slug":"zwolnieni-z-teorii-podsumowanie","status":"publish","type":"post","link":"https:\/\/5lo.lublin.pl\/?p=20348","title":{"rendered":"Zwolnieni z teorii &#8211; podsumowanie"},"content":{"rendered":"\n<figure class=\"wp-block-image size-full\"><img loading=\"lazy\" decoding=\"async\" width=\"962\" height=\"672\" src=\"https:\/\/5lo.lublin.pl\/wp-content\/uploads\/2022\/06\/ranking.jpg\" alt=\"\" class=\"wp-image-20350\" srcset=\"https:\/\/5lo.lublin.pl\/wp-content\/uploads\/2022\/06\/ranking.jpg 962w, https:\/\/5lo.lublin.pl\/wp-content\/uploads\/2022\/06\/ranking-300x210.jpg 300w, https:\/\/5lo.lublin.pl\/wp-content\/uploads\/2022\/06\/ranking-768x536.jpg 768w\" sizes=\"(max-width: 962px) 100vw, 962px\" \/><\/figure>\n\n\n\n<p>Dzisiaj Pani Dyrektor Beata Jezierska uczestniczy\u0142a w Wielkim Finale Zwolnionych z Teorii 2022 organizowanym na Torze Wy\u015bcig\u00f3w Konnych S\u0142u\u017cewiec w Warszawie.<\/p>\n\n\n\n<p>Z przyjemno\u015bci\u0105 informujemy, \u017ce nasza szko\u0142a zaj\u0119\u0142a 1. miejsce w wojew\u00f3dztwie i 33. miejsce w kraju w rankingu szk\u00f3\u0142 <a href=\"https:\/\/www.facebook.com\/zwolnienizteorii\/?__cft__%5b0%5d=AZWc6XGzRdU7FU9d5LvnxyU1DQJ7-a-Tt83m4wNCpFzQwNMb8l5X6OqiH-etmLTzLZdF7XIzpdaylxSq7M4ShjaBhMsaqVIo-fP8uS5wrz4Cg3unn9rxsZurCVKStFx1_8sZpinfkIWbZmNqUAlkMsoTVKGlfIgNOHAg8XWTcHV2OgLW9BSIVnbLfTAtU0N3oCQOefpUtYuzN4UC0EUv4bBP&amp;__tn__=kK-R\">Zwolnieni z Teorii<\/a> 2022.<\/p>\n\n\n\n<p>Dzi\u0119kujemy wszystkim uczniom naszej szko\u0142y zaanga\u017cowanym w organizacj\u0119 projekt\u00f3w w ramach Olimpiady.<\/p>\n\n\n\n<p>Jak wida\u0107 na za\u0142\u0105czonym zdj\u0119ciu Pani Dyrektor towarzyszy\u0142 pan Marek Wojtczak oraz uczennice realizuj\u0105ce projekt <a href=\"https:\/\/www.facebook.com\/wyimek\/?__cft__%5b0%5d=AZWc6XGzRdU7FU9d5LvnxyU1DQJ7-a-Tt83m4wNCpFzQwNMb8l5X6OqiH-etmLTzLZdF7XIzpdaylxSq7M4ShjaBhMsaqVIo-fP8uS5wrz4Cg3unn9rxsZurCVKStFx1_8sZpinfkIWbZmNqUAlkMsoTVKGlfIgNOHAg8XWTcHV2OgLW9BSIVnbLfTAtU0N3oCQOefpUtYuzN4UC0EUv4bBP&amp;__tn__=kK-R\">Wyimek<\/a><\/p>\n\n\n<div class=\"wp-block-image\">\n<figure class=\"aligncenter size-large\"><img loading=\"lazy\" decoding=\"async\" width=\"763\" height=\"1024\" src=\"https:\/\/5lo.lublin.pl\/wp-content\/uploads\/2022\/06\/283094700_5101023853310245_7844883667307920995_n-763x1024.jpg\" alt=\"\" class=\"wp-image-20633\" srcset=\"https:\/\/5lo.lublin.pl\/wp-content\/uploads\/2022\/06\/283094700_5101023853310245_7844883667307920995_n-763x1024.jpg 763w, https:\/\/5lo.lublin.pl\/wp-content\/uploads\/2022\/06\/283094700_5101023853310245_7844883667307920995_n-223x300.jpg 223w, https:\/\/5lo.lublin.pl\/wp-content\/uploads\/2022\/06\/283094700_5101023853310245_7844883667307920995_n-768x1031.jpg 768w, https:\/\/5lo.lublin.pl\/wp-content\/uploads\/2022\/06\/283094700_5101023853310245_7844883667307920995_n-1144x1536.jpg 1144w, https:\/\/5lo.lublin.pl\/wp-content\/uploads\/2022\/06\/283094700_5101023853310245_7844883667307920995_n.jpg 1525w\" sizes=\"(max-width: 763px) 100vw, 763px\" \/><\/figure><\/div>\n\n\n<figure class=\"wp-block-image size-full\"><img loading=\"lazy\" decoding=\"async\" width=\"963\" height=\"672\" src=\"https:\/\/5lo.lublin.pl\/wp-content\/uploads\/2022\/06\/Podsumowanie.jpg\" alt=\"\" class=\"wp-image-20351\" srcset=\"https:\/\/5lo.lublin.pl\/wp-content\/uploads\/2022\/06\/Podsumowanie.jpg 963w, https:\/\/5lo.lublin.pl\/wp-content\/uploads\/2022\/06\/Podsumowanie-300x209.jpg 300w, https:\/\/5lo.lublin.pl\/wp-content\/uploads\/2022\/06\/Podsumowanie-768x536.jpg 768w\" sizes=\"(max-width: 963px) 100vw, 963px\" \/><\/figure>\n\n\n\n<p>Plootkary, to jeden z projekt\u00f3w z platformy \u201eZwolnieni z teorii\u201d, kt\u00f3rego g\u0142\u00f3wnym tematem jest ekologia w modzie. G\u0142\u00f3wnymi celami by\u0142y ochrona \u015brodowiska, u\u015bwiadamianie innych o wp\u0142ywie mody na \u015brodowisko, zapobieganie zmianom klimatycznym poprzez rozs\u0105dne kupowanie oraz tworzenie dobrych nawyk\u00f3w konsumenckich. Uczniowie V liceum mogli wzi\u0105\u0107 udzia\u0142 w Wielkiej Wymianie Ubra\u0144. Celem wydarzenia by\u0142o zmniejszenie ilo\u015bci kupna ubra\u0144 oraz ochrona \u015brodowiska. Zesp\u00f3\u0142 zbiera\u0142 ubrania od ch\u0119tnych uczni\u00f3w, a nast\u0119pnie te osoby mog\u0142y wybra\u0107 sobie ubrania przyniesione przez innych uczni\u00f3w podczas wymiany. Nie wszystkie ubrania zosta\u0142y zabrane, dlatego, aby je wykorzysta\u0107 ponownie licealistki przerobi\u0142y je i zorganizowa\u0142y pokaz mody. Red Gala odby\u0142a si\u0119 <a rel=\"noreferrer noopener\" href=\"https:\/\/5lo.lublin.pl\/?p=19536\" target=\"_blank\">8 marca na sali gimnastycznej.<\/a> Gwiazd\u0105 wieczoru by\u0142 Adam Opo\u0144\u2013 ucze\u0144 klasy 3b. Za\u015bpiewa\u0142 on swoje autorskie piosenki. Go\u015bciem specjalnym by\u0142a Daria Dokurno \u2013 studentka Mi\u0119dzynarodowej Szko\u0142y Kostiumografii i Projektowania Ubioru, kt\u00f3ra zaprojektowa\u0142a i wykona\u0142a jedn\u0105 ze stylizacji. W trakcie spotkania mo\u017cna by\u0142o obejrze\u0107 wystaw\u0119 zdj\u0119\u0107 wykonanych przez fotografa- Joann\u0119 Pyc. Dzi\u0119ki wsp\u00f3\u0142pracy z kawiarni\u0105 S\u0142odkie Bistro wszyscy go\u015bcie mogli spr\u00f3bowa\u0107 donut\u00f3w, wp\u0142acaj\u0105c pieni\u0105dze na zbi\u00f3rk\u0119 na Allegro Lokalnie, kt\u00f3rej celem jest ochrona klimatu. Ubrania, kt\u00f3re zosta\u0142y po wymianie zosta\u0142y oddane dla os\u00f3b z Ukrainy. Podczas pokazu mody zorganizowa\u0142y r\u00f3wnie\u017c zbi\u00f3rk\u0119 zabawek dla dzieci, lek\u00f3w oraz wyposa\u017cenia apteczki. Instagram projektu Plootkary bardzo aktywnie dzia\u0142a\u0142. Dziewczyny przeprowadzi\u0142y wywiad z Mart\u0105 Zaczy\u0144sk\u0105, kt\u00f3ra pe\u0142ni role Fashion Coordinator w polskiej edycji Vogue\u2019a. Stworzy\u0142y serie filmik\u00f3w o kapsu\u0142owej szafie i lumpeksach, kt\u00f3re warto odwiedzi\u0107. Przeprowadzi\u0142y r\u00f3wnie\u017c seri\u0119 wywiad\u00f3w z za\u0142o\u017cycielkami vintage sklep\u00f3w w Warszawie. Jednym z najwi\u0119kszych sukces\u00f3w by\u0142o wyst\u0105pienie w telewizji \u015bniadaniowej Dzie\u0144 Dobry TVN, w kt\u00f3rej dziewczyny opowiedzia\u0142y o swoim projekcie. Opr\u00f3cz telewizji o projekcie mo\u017cna by\u0142o przeczyta\u0107 w Dzienniku Wschodnim, magazynie Cogito, na stronie internetowej Radio Lublin oraz Radio Eska.<\/p>\n\n\n\n<div data-wp-interactive=\"\" class=\"wp-block-file\"><object data-wp-bind--hidden=\"!selectors.core.file.hasPdfPreview\" hidden class=\"wp-block-file__embed\" data=\"https:\/\/5lo.lublin.pl\/wp-content\/uploads\/2022\/06\/gratulacje.pdf\" type=\"application\/pdf\" style=\"width:100%;height:600px\" aria-label=\"Osadzone z Osadzone z gratulacje..\"><\/object><a id=\"wp-block-file--media-68ddd76b-48eb-47cb-a51f-0ce91f4bf0df\" href=\"https:\/\/5lo.lublin.pl\/wp-content\/uploads\/2022\/06\/gratulacje.pdf\">gratulacje<\/a><a href=\"https:\/\/5lo.lublin.pl\/wp-content\/uploads\/2022\/06\/gratulacje.pdf\" class=\"wp-block-file__button\" download aria-describedby=\"wp-block-file--media-68ddd76b-48eb-47cb-a51f-0ce91f4bf0df\">Pobierz<\/a><\/div>\n","protected":false},"excerpt":{"rendered":"<p>Dzisiaj Pani Dyrektor Beata Jezierska uczestniczy\u0142a w Wielkim Finale Zwolnionych z Teorii 2022 organizowanym na Torze Wy\u015bcig\u00f3w Konnych S\u0142u\u017cewiec w Warszawie. Z przyjemno\u015bci\u0105 informujemy, \u017ce nasza szko\u0142a zaj\u0119\u0142a 1. miejsce w wojew\u00f3dztwie i 33. miejsce w kraju w rankingu szk\u00f3\u0142 Zwolnieni z Teorii 2022. Dzi\u0119kujemy wszystkim uczniom naszej szko\u0142y zaanga\u017cowanym w organizacj\u0119 projekt\u00f3w w ramach [&hellip;]<\/p>\n","protected":false},"author":29,"featured_media":20349,"comment_status":"closed","ping_status":"open","sticky":false,"template":"","format":"standard","meta":{"footnotes":""},"categories":[348,360,134,135,133],"tags":[],"_links":{"self":[{"href":"https:\/\/5lo.lublin.pl\/index.php?rest_route=\/wp\/v2\/posts\/20348"}],"collection":[{"href":"https:\/\/5lo.lublin.pl\/index.php?rest_route=\/wp\/v2\/posts"}],"about":[{"href":"https:\/\/5lo.lublin.pl\/index.php?rest_route=\/wp\/v2\/types\/post"}],"author":[{"embeddable":true,"href":"https:\/\/5lo.lublin.pl\/index.php?rest_route=\/wp\/v2\/users\/29"}],"replies":[{"embeddable":true,"href":"https:\/\/5lo.lublin.pl\/index.php?rest_route=%2Fwp%2Fv2%2Fcomments&post=20348"}],"version-history":[{"count":1,"href":"https:\/\/5lo.lublin.pl\/index.php?rest_route=\/wp\/v2\/posts\/20348\/revisions"}],"predecessor-version":[{"id":20635,"href":"https:\/\/5lo.lublin.pl\/index.php?rest_route=\/wp\/v2\/posts\/20348\/revisions\/20635"}],"wp:featuredmedia":[{"embeddable":true,"href":"https:\/\/5lo.lublin.pl\/index.php?rest_route=\/wp\/v2\/media\/20349"}],"wp:attachment":[{"href":"https:\/\/5lo.lublin.pl\/index.php?rest_route=%2Fwp%2Fv2%2Fmedia&parent=20348"}],"wp:term":[{"taxonomy":"category","embeddable":true,"href":"https:\/\/5lo.lublin.pl\/index.php?rest_route=%2Fwp%2Fv2%2Fcategories&post=20348"},{"taxonomy":"post_tag","embeddable":true,"href":"https:\/\/5lo.lublin.pl\/index.php?rest_route=%2Fwp%2Fv2%2Ftags&post=20348"}],"curies":[{"name":"wp","href":"https:\/\/api.w.org\/{rel}","templated":true}]}}