{"id":20336,"date":"2022-05-29T21:05:07","date_gmt":"2022-05-29T21:05:07","guid":{"rendered":"https:\/\/5lo.lublin.pl\/?p=20336"},"modified":"2022-05-29T21:05:10","modified_gmt":"2022-05-29T21:05:10","slug":"matura-termin-dodatkowy","status":"publish","type":"post","link":"https:\/\/5lo.lublin.pl\/?p=20336","title":{"rendered":"MATURA \u2013 termin dodatkowy"},"content":{"rendered":"\n<p><strong>Drodzy Absolwenci!<\/strong><\/p>\n\n\n\n<p>Plan egzaminu maturalnego w terminie dodatkowym (1 \u2013 15 czerwca 2022 r.) zamieszczony zosta\u0142 w zak\u0142adce \u201eMATURA\u201d.<\/p>\n\n\n\n<p>Zasady wchodzenia do budynku szko\u0142y zawieraj\u0105 mapk\u0119 wej\u015b\u0107 do V LO. Przypominamy<\/p>\n\n\n\n<p>o konieczno\u015bci okazania dowodu osobistego ( ewentualnie paszportu). Telefony i rzeczy osobiste nale\u017cy zdeponowa\u0107 przed wej\u015bciem na sal\u0119 egzaminacyjn\u0105.<\/p>\n","protected":false},"excerpt":{"rendered":"<p>Drodzy Absolwenci! Plan egzaminu maturalnego w terminie dodatkowym (1 \u2013 15 czerwca 2022 r.) zamieszczony zosta\u0142 w zak\u0142adce \u201eMATURA\u201d. Zasady wchodzenia do budynku szko\u0142y zawieraj\u0105 mapk\u0119 wej\u015b\u0107 do V LO. Przypominamy o konieczno\u015bci okazania dowodu osobistego ( ewentualnie paszportu). Telefony i rzeczy osobiste nale\u017cy zdeponowa\u0107 przed wej\u015bciem na sal\u0119 egzaminacyjn\u0105.<\/p>\n","protected":false},"author":1,"featured_media":20337,"comment_status":"closed","ping_status":"open","sticky":false,"template":"","format":"standard","meta":{"footnotes":""},"categories":[1,133],"tags":[],"_links":{"self":[{"href":"https:\/\/5lo.lublin.pl\/index.php?rest_route=\/wp\/v2\/posts\/20336"}],"collection":[{"href":"https:\/\/5lo.lublin.pl\/index.php?rest_route=\/wp\/v2\/posts"}],"about":[{"href":"https:\/\/5lo.lublin.pl\/index.php?rest_route=\/wp\/v2\/types\/post"}],"author":[{"embeddable":true,"href":"https:\/\/5lo.lublin.pl\/index.php?rest_route=\/wp\/v2\/users\/1"}],"replies":[{"embeddable":true,"href":"https:\/\/5lo.lublin.pl\/index.php?rest_route=%2Fwp%2Fv2%2Fcomments&post=20336"}],"version-history":[{"count":1,"href":"https:\/\/5lo.lublin.pl\/index.php?rest_route=\/wp\/v2\/posts\/20336\/revisions"}],"predecessor-version":[{"id":20338,"href":"https:\/\/5lo.lublin.pl\/index.php?rest_route=\/wp\/v2\/posts\/20336\/revisions\/20338"}],"wp:featuredmedia":[{"embeddable":true,"href":"https:\/\/5lo.lublin.pl\/index.php?rest_route=\/wp\/v2\/media\/20337"}],"wp:attachment":[{"href":"https:\/\/5lo.lublin.pl\/index.php?rest_route=%2Fwp%2Fv2%2Fmedia&parent=20336"}],"wp:term":[{"taxonomy":"category","embeddable":true,"href":"https:\/\/5lo.lublin.pl\/index.php?rest_route=%2Fwp%2Fv2%2Fcategories&post=20336"},{"taxonomy":"post_tag","embeddable":true,"href":"https:\/\/5lo.lublin.pl\/index.php?rest_route=%2Fwp%2Fv2%2Ftags&post=20336"}],"curies":[{"name":"wp","href":"https:\/\/api.w.org\/{rel}","templated":true}]}}