{"id":20186,"date":"2022-05-17T17:39:40","date_gmt":"2022-05-17T17:39:40","guid":{"rendered":"https:\/\/5lo.lublin.pl\/?p=20186"},"modified":"2023-01-17T19:25:01","modified_gmt":"2023-01-17T19:25:01","slug":"promocji-zdrowia-z-uniwersytetem-medycznym-w-lublinie-cd","status":"publish","type":"post","link":"https:\/\/5lo.lublin.pl\/?p=20186","title":{"rendered":"Promocji zdrowia z Uniwersytetem Medycznym w Lublinie cd&#8230;"},"content":{"rendered":"\n<p>10 maja i 16 maja 2022r. uczniowie klas I \u2013 III naszej szko\u0142y uczestniczyli w kontynuacji cyklu profilaktycznych zaj\u0119\u0107 z zakresu promocji zdrowia prowadzonych przez studentki kierunku Po\u0142o\u017cnictwo Uniwersytetu Medycznego w Lublinie &#8222;<em>Choroby przenoszone drog\u0105 p\u0142ciow\u0105<\/em>&#8222;.<\/p>\n\n\n\n<figure class=\"wp-block-gallery has-nested-images columns-default is-cropped wp-block-gallery-1 is-layout-flex wp-block-gallery-is-layout-flex\">\n<figure class=\"wp-block-image size-large\"><img loading=\"lazy\" decoding=\"async\" width=\"1024\" height=\"768\" data-id=\"20189\" src=\"https:\/\/5lo.lublin.pl\/wp-content\/uploads\/2022\/05\/IMG_20220516_100844_m.jpg\" alt=\"\" class=\"wp-image-20189\" srcset=\"https:\/\/5lo.lublin.pl\/wp-content\/uploads\/2022\/05\/IMG_20220516_100844_m.jpg 1024w, https:\/\/5lo.lublin.pl\/wp-content\/uploads\/2022\/05\/IMG_20220516_100844_m-300x225.jpg 300w, https:\/\/5lo.lublin.pl\/wp-content\/uploads\/2022\/05\/IMG_20220516_100844_m-768x576.jpg 768w\" sizes=\"(max-width: 1024px) 100vw, 1024px\" \/><\/figure>\n\n\n\n<figure class=\"wp-block-image size-large\"><img loading=\"lazy\" decoding=\"async\" width=\"1024\" height=\"768\" data-id=\"20190\" src=\"https:\/\/5lo.lublin.pl\/wp-content\/uploads\/2022\/05\/IMG_20220516_100928_m.jpg\" alt=\"\" class=\"wp-image-20190\" srcset=\"https:\/\/5lo.lublin.pl\/wp-content\/uploads\/2022\/05\/IMG_20220516_100928_m.jpg 1024w, https:\/\/5lo.lublin.pl\/wp-content\/uploads\/2022\/05\/IMG_20220516_100928_m-300x225.jpg 300w, https:\/\/5lo.lublin.pl\/wp-content\/uploads\/2022\/05\/IMG_20220516_100928_m-768x576.jpg 768w\" sizes=\"(max-width: 1024px) 100vw, 1024px\" \/><\/figure>\n\n\n\n<figure class=\"wp-block-image size-large\"><img loading=\"lazy\" decoding=\"async\" width=\"1024\" height=\"768\" data-id=\"20191\" src=\"https:\/\/5lo.lublin.pl\/wp-content\/uploads\/2022\/05\/IMG_20220516_101538_m.jpg\" alt=\"\" class=\"wp-image-20191\" srcset=\"https:\/\/5lo.lublin.pl\/wp-content\/uploads\/2022\/05\/IMG_20220516_101538_m.jpg 1024w, https:\/\/5lo.lublin.pl\/wp-content\/uploads\/2022\/05\/IMG_20220516_101538_m-300x225.jpg 300w, https:\/\/5lo.lublin.pl\/wp-content\/uploads\/2022\/05\/IMG_20220516_101538_m-768x576.jpg 768w\" sizes=\"(max-width: 1024px) 100vw, 1024px\" \/><\/figure>\n\n\n\n<figure class=\"wp-block-image size-large\"><img loading=\"lazy\" decoding=\"async\" width=\"1024\" height=\"768\" data-id=\"20194\" src=\"https:\/\/5lo.lublin.pl\/wp-content\/uploads\/2022\/05\/IMG_20220516_102431_m.jpg\" alt=\"\" class=\"wp-image-20194\" srcset=\"https:\/\/5lo.lublin.pl\/wp-content\/uploads\/2022\/05\/IMG_20220516_102431_m.jpg 1024w, https:\/\/5lo.lublin.pl\/wp-content\/uploads\/2022\/05\/IMG_20220516_102431_m-300x225.jpg 300w, https:\/\/5lo.lublin.pl\/wp-content\/uploads\/2022\/05\/IMG_20220516_102431_m-768x576.jpg 768w\" sizes=\"(max-width: 1024px) 100vw, 1024px\" \/><\/figure>\n\n\n\n<figure class=\"wp-block-image size-large\"><img loading=\"lazy\" decoding=\"async\" width=\"1024\" height=\"768\" data-id=\"20193\" src=\"https:\/\/5lo.lublin.pl\/wp-content\/uploads\/2022\/05\/IMG_20220516_102437_m.jpg\" alt=\"\" class=\"wp-image-20193\" srcset=\"https:\/\/5lo.lublin.pl\/wp-content\/uploads\/2022\/05\/IMG_20220516_102437_m.jpg 1024w, https:\/\/5lo.lublin.pl\/wp-content\/uploads\/2022\/05\/IMG_20220516_102437_m-300x225.jpg 300w, https:\/\/5lo.lublin.pl\/wp-content\/uploads\/2022\/05\/IMG_20220516_102437_m-768x576.jpg 768w\" sizes=\"(max-width: 1024px) 100vw, 1024px\" \/><\/figure>\n\n\n\n<figure class=\"wp-block-image size-large\"><img loading=\"lazy\" decoding=\"async\" width=\"1024\" height=\"768\" data-id=\"20192\" src=\"https:\/\/5lo.lublin.pl\/wp-content\/uploads\/2022\/05\/IMG_20220516_103740_m.jpg\" alt=\"\" class=\"wp-image-20192\" srcset=\"https:\/\/5lo.lublin.pl\/wp-content\/uploads\/2022\/05\/IMG_20220516_103740_m.jpg 1024w, https:\/\/5lo.lublin.pl\/wp-content\/uploads\/2022\/05\/IMG_20220516_103740_m-300x225.jpg 300w, https:\/\/5lo.lublin.pl\/wp-content\/uploads\/2022\/05\/IMG_20220516_103740_m-768x576.jpg 768w\" sizes=\"(max-width: 1024px) 100vw, 1024px\" \/><\/figure>\n<\/figure>\n\n\n\n<p>Studentki poszerzy\u0142y wiedz\u0119 uczni\u00f3w z zakresu przebiegu chor\u00f3b przenoszonych drog\u0105 p\u0142ciow\u0105 oraz wa\u017cno\u015bci regularno\u015b\u0107 bada\u0144 profilaktycznych uk\u0142adu rozrodczego. Zaj\u0119cia umo\u017cliwi\u0142y m\u0142odzie\u017cy tak\u017ce zapoznanie si\u0119 ze specyfik\u0105 nauki na kierunku Po\u0142o\u017cnictwo UM w Lublinie.<\/p>\n\n\n\n<p>Studentkom oraz ich Opiekunom:<\/p>\n\n\n\n<p>Pani mgr Urszuli Zdybel-Fa\u0142dydze<\/p>\n\n\n\n<p>Panu dr n. o zdr. Paw\u0142owi Chru\u015bcielowi<\/p>\n\n\n\n<p>Pani dr hab. n. o zdr. Annie Bednarek<\/p>\n\n\n\n<p>dzi\u0119kujemy za cenn\u0105 wsp\u00f3\u0142prac\u0119 i \u017cyczymy sukces\u00f3w zawodowych.<\/p>\n\n\n\n<p>Koordynacja zaj\u0119\u0107 \u2013 nauczyciele biologii V LO<\/p>\n","protected":false},"excerpt":{"rendered":"<p>10 maja i 16 maja 2022r. uczniowie klas I \u2013 III naszej szko\u0142y uczestniczyli w kontynuacji cyklu profilaktycznych zaj\u0119\u0107 z zakresu promocji zdrowia prowadzonych przez studentki kierunku Po\u0142o\u017cnictwo Uniwersytetu Medycznego w Lublinie &#8222;Choroby przenoszone drog\u0105 p\u0142ciow\u0105&#8222;. Studentki poszerzy\u0142y wiedz\u0119 uczni\u00f3w z zakresu przebiegu chor\u00f3b przenoszonych drog\u0105 p\u0142ciow\u0105 oraz wa\u017cno\u015bci regularno\u015b\u0107 bada\u0144 profilaktycznych uk\u0142adu rozrodczego. Zaj\u0119cia [&hellip;]<\/p>\n","protected":false},"author":29,"featured_media":20187,"comment_status":"closed","ping_status":"open","sticky":false,"template":"","format":"standard","meta":{"footnotes":""},"categories":[135,395,133],"tags":[],"_links":{"self":[{"href":"https:\/\/5lo.lublin.pl\/index.php?rest_route=\/wp\/v2\/posts\/20186"}],"collection":[{"href":"https:\/\/5lo.lublin.pl\/index.php?rest_route=\/wp\/v2\/posts"}],"about":[{"href":"https:\/\/5lo.lublin.pl\/index.php?rest_route=\/wp\/v2\/types\/post"}],"author":[{"embeddable":true,"href":"https:\/\/5lo.lublin.pl\/index.php?rest_route=\/wp\/v2\/users\/29"}],"replies":[{"embeddable":true,"href":"https:\/\/5lo.lublin.pl\/index.php?rest_route=%2Fwp%2Fv2%2Fcomments&post=20186"}],"version-history":[{"count":1,"href":"https:\/\/5lo.lublin.pl\/index.php?rest_route=\/wp\/v2\/posts\/20186\/revisions"}],"predecessor-version":[{"id":20195,"href":"https:\/\/5lo.lublin.pl\/index.php?rest_route=\/wp\/v2\/posts\/20186\/revisions\/20195"}],"wp:featuredmedia":[{"embeddable":true,"href":"https:\/\/5lo.lublin.pl\/index.php?rest_route=\/wp\/v2\/media\/20187"}],"wp:attachment":[{"href":"https:\/\/5lo.lublin.pl\/index.php?rest_route=%2Fwp%2Fv2%2Fmedia&parent=20186"}],"wp:term":[{"taxonomy":"category","embeddable":true,"href":"https:\/\/5lo.lublin.pl\/index.php?rest_route=%2Fwp%2Fv2%2Fcategories&post=20186"},{"taxonomy":"post_tag","embeddable":true,"href":"https:\/\/5lo.lublin.pl\/index.php?rest_route=%2Fwp%2Fv2%2Ftags&post=20186"}],"curies":[{"name":"wp","href":"https:\/\/api.w.org\/{rel}","templated":true}]}}