{"id":20149,"date":"2022-05-12T19:34:36","date_gmt":"2022-05-12T19:34:36","guid":{"rendered":"https:\/\/5lo.lublin.pl\/?p=20149"},"modified":"2022-05-12T19:34:40","modified_gmt":"2022-05-12T19:34:40","slug":"podziekowania-za-udzial-w-akcji-charytatywnej","status":"publish","type":"post","link":"https:\/\/5lo.lublin.pl\/?p=20149","title":{"rendered":"Podzi\u0119kowania za udzia\u0142 w akcji charytatywnej"},"content":{"rendered":"\n<p>Drodzy Nauczyciele i Uczniowie, serdecznie dzi\u0119kujemy za Wasze zaanga\u017cowanie podczas kiermaszu \u015bwi\u0105tecznego. Zebrane \u015brodki pozwol\u0105 sfinansowa\u0107 rehabilitacj\u0119 niepe\u0142nosprawnych dzieci z Ukrainy w Lubelskim Hospicjum dla Dzieci im. Ma\u0142ego Ksi\u0119cia.<\/p>\n\n\n\n<p class=\"has-text-align-right\">Samorz\u0105d Uczniowski V LO<\/p>\n\n\n\n<div class=\"wp-block-image\"><figure class=\"aligncenter size-full\"><img loading=\"lazy\" decoding=\"async\" width=\"692\" height=\"960\" src=\"https:\/\/5lo.lublin.pl\/wp-content\/uploads\/2022\/05\/279676702_5081064498639514_3850185528391821925_n.jpg\" alt=\"\" class=\"wp-image-20150\" srcset=\"https:\/\/5lo.lublin.pl\/wp-content\/uploads\/2022\/05\/279676702_5081064498639514_3850185528391821925_n.jpg 692w, https:\/\/5lo.lublin.pl\/wp-content\/uploads\/2022\/05\/279676702_5081064498639514_3850185528391821925_n-216x300.jpg 216w\" sizes=\"(max-width: 692px) 100vw, 692px\" \/><\/figure><\/div>\n","protected":false},"excerpt":{"rendered":"<p>Drodzy Nauczyciele i Uczniowie, serdecznie dzi\u0119kujemy za Wasze zaanga\u017cowanie podczas kiermaszu \u015bwi\u0105tecznego. Zebrane \u015brodki pozwol\u0105 sfinansowa\u0107 rehabilitacj\u0119 niepe\u0142nosprawnych dzieci z Ukrainy w Lubelskim Hospicjum dla Dzieci im. Ma\u0142ego Ksi\u0119cia. Samorz\u0105d Uczniowski V LO<\/p>\n","protected":false},"author":23,"featured_media":20151,"comment_status":"closed","ping_status":"open","sticky":false,"template":"","format":"standard","meta":{"footnotes":""},"categories":[348,347,1,135,136],"tags":[],"_links":{"self":[{"href":"https:\/\/5lo.lublin.pl\/index.php?rest_route=\/wp\/v2\/posts\/20149"}],"collection":[{"href":"https:\/\/5lo.lublin.pl\/index.php?rest_route=\/wp\/v2\/posts"}],"about":[{"href":"https:\/\/5lo.lublin.pl\/index.php?rest_route=\/wp\/v2\/types\/post"}],"author":[{"embeddable":true,"href":"https:\/\/5lo.lublin.pl\/index.php?rest_route=\/wp\/v2\/users\/23"}],"replies":[{"embeddable":true,"href":"https:\/\/5lo.lublin.pl\/index.php?rest_route=%2Fwp%2Fv2%2Fcomments&post=20149"}],"version-history":[{"count":1,"href":"https:\/\/5lo.lublin.pl\/index.php?rest_route=\/wp\/v2\/posts\/20149\/revisions"}],"predecessor-version":[{"id":20152,"href":"https:\/\/5lo.lublin.pl\/index.php?rest_route=\/wp\/v2\/posts\/20149\/revisions\/20152"}],"wp:featuredmedia":[{"embeddable":true,"href":"https:\/\/5lo.lublin.pl\/index.php?rest_route=\/wp\/v2\/media\/20151"}],"wp:attachment":[{"href":"https:\/\/5lo.lublin.pl\/index.php?rest_route=%2Fwp%2Fv2%2Fmedia&parent=20149"}],"wp:term":[{"taxonomy":"category","embeddable":true,"href":"https:\/\/5lo.lublin.pl\/index.php?rest_route=%2Fwp%2Fv2%2Fcategories&post=20149"},{"taxonomy":"post_tag","embeddable":true,"href":"https:\/\/5lo.lublin.pl\/index.php?rest_route=%2Fwp%2Fv2%2Ftags&post=20149"}],"curies":[{"name":"wp","href":"https:\/\/api.w.org\/{rel}","templated":true}]}}