{"id":20091,"date":"2022-05-11T15:31:14","date_gmt":"2022-05-11T15:31:14","guid":{"rendered":"https:\/\/5lo.lublin.pl\/?p=20091"},"modified":"2022-05-11T15:31:17","modified_gmt":"2022-05-11T15:31:17","slug":"sukces-uczniow-v-lo-w-ogolnopolskim-konkursie-logicznym-kul","status":"publish","type":"post","link":"https:\/\/5lo.lublin.pl\/?p=20091","title":{"rendered":"Sukces uczni\u00f3w V LO w Og\u00f3lnopolskim Konkursie Logicznym KUL"},"content":{"rendered":"\n<p>Dnia 21 kwietnia odby\u0142 si\u0119 szkolny etap X Og\u00f3lnopolskiego Konkursu Logicznego organizowanego przez Katolicki Uniwersytet Lubelski Jana Paw\u0142a II. Celem Konkursu jest rozw\u00f3j sprawno\u015bci logicznego my\u015blenia u m\u0142odzie\u017cy. Konkurs adresowany jest do uczni\u00f3w szk\u00f3\u0142 ponadpodstawowych i odbywa si\u0119 corocznie w dw\u00f3ch etapach. W konkursie wzi\u0119\u0142o udzia\u0142 <strong>29 uczni\u00f3w<\/strong> naszej szko\u0142y. Zadania konkursowe umieszczone zosta\u0142y na platformie Moodle. W te\u015bcie mo\u017cna by\u0142o zdoby\u0107 40 punkt\u00f3w. <\/p>\n\n\n\n<p class=\"has-text-align-center\">Laureatami szkolnego konkursu zostali:<\/p>\n\n\n\n<p class=\"has-text-align-center\"><strong> Kamil Kowalik (1b)<\/strong><\/p>\n\n\n\n<p class=\"has-text-align-center\"><strong>Piotr Dulniak (3bp)<\/strong><\/p>\n\n\n\n<p class=\"has-text-align-center\"><strong>Kinga Jeremek (2e)<\/strong><\/p>\n\n\n\n<p><\/p>\n\n\n\n<p class=\"has-text-align-center\">Serdecznie gratulujemy!<\/p>\n\n\n\n<p><\/p>\n\n\n\n<p>Fina\u0142 konkursu odb\u0119dzie si\u0119 14 czerwca w siedzibie Katolickiego Uniwersytetu Lubelskiego.<\/p>\n\n\n\n<p>Opiekunowie uczni\u00f3w &#8211; p. Urszula Kowalska, p. Agata K\u0119pka<\/p>\n\n\n\n<p>Szkolny koordynator konkursu &#8211; p. Justyna Walczuk<\/p>\n","protected":false},"excerpt":{"rendered":"<p>Dnia 21 kwietnia odby\u0142 si\u0119 szkolny etap X Og\u00f3lnopolskiego Konkursu Logicznego organizowanego przez Katolicki Uniwersytet Lubelski Jana Paw\u0142a II. Celem Konkursu jest rozw\u00f3j sprawno\u015bci logicznego my\u015blenia u m\u0142odzie\u017cy. Konkurs adresowany jest do uczni\u00f3w szk\u00f3\u0142 ponadpodstawowych i odbywa si\u0119 corocznie w dw\u00f3ch etapach. W konkursie wzi\u0119\u0142o udzia\u0142 29 uczni\u00f3w naszej szko\u0142y. Zadania konkursowe umieszczone zosta\u0142y na [&hellip;]<\/p>\n","protected":false},"author":23,"featured_media":20092,"comment_status":"closed","ping_status":"open","sticky":false,"template":"","format":"standard","meta":{"footnotes":""},"categories":[362,134],"tags":[],"_links":{"self":[{"href":"https:\/\/5lo.lublin.pl\/index.php?rest_route=\/wp\/v2\/posts\/20091"}],"collection":[{"href":"https:\/\/5lo.lublin.pl\/index.php?rest_route=\/wp\/v2\/posts"}],"about":[{"href":"https:\/\/5lo.lublin.pl\/index.php?rest_route=\/wp\/v2\/types\/post"}],"author":[{"embeddable":true,"href":"https:\/\/5lo.lublin.pl\/index.php?rest_route=\/wp\/v2\/users\/23"}],"replies":[{"embeddable":true,"href":"https:\/\/5lo.lublin.pl\/index.php?rest_route=%2Fwp%2Fv2%2Fcomments&post=20091"}],"version-history":[{"count":1,"href":"https:\/\/5lo.lublin.pl\/index.php?rest_route=\/wp\/v2\/posts\/20091\/revisions"}],"predecessor-version":[{"id":20094,"href":"https:\/\/5lo.lublin.pl\/index.php?rest_route=\/wp\/v2\/posts\/20091\/revisions\/20094"}],"wp:featuredmedia":[{"embeddable":true,"href":"https:\/\/5lo.lublin.pl\/index.php?rest_route=\/wp\/v2\/media\/20092"}],"wp:attachment":[{"href":"https:\/\/5lo.lublin.pl\/index.php?rest_route=%2Fwp%2Fv2%2Fmedia&parent=20091"}],"wp:term":[{"taxonomy":"category","embeddable":true,"href":"https:\/\/5lo.lublin.pl\/index.php?rest_route=%2Fwp%2Fv2%2Fcategories&post=20091"},{"taxonomy":"post_tag","embeddable":true,"href":"https:\/\/5lo.lublin.pl\/index.php?rest_route=%2Fwp%2Fv2%2Ftags&post=20091"}],"curies":[{"name":"wp","href":"https:\/\/api.w.org\/{rel}","templated":true}]}}