{"id":20083,"date":"2022-05-11T15:33:19","date_gmt":"2022-05-11T15:33:19","guid":{"rendered":"https:\/\/5lo.lublin.pl\/?p=20083"},"modified":"2022-05-11T15:33:22","modified_gmt":"2022-05-11T15:33:22","slug":"sukces-uczniow-v-lo-w-konkursie-statystyczno-demograficznym-sigma-kwadrat","status":"publish","type":"post","link":"https:\/\/5lo.lublin.pl\/?p=20083","title":{"rendered":"Sukces uczni\u00f3w V LO w Konkursie Statystyczno-Demograficznym Sigma Kwadrat"},"content":{"rendered":"\n<p>Z przyjemno\u015bci\u0105 informujemy, \u017ce <strong>sze\u015bcioro uczni\u00f3w<\/strong> <strong>V Liceum Og\u00f3lnokszta\u0142c\u0105cego im. Marii Sk\u0142odowskiej-Curie w Lublinie<\/strong> znalaz\u0142o si\u0119 w\u015br\u00f3d 50 zwyci\u0119zc\u00f3w <strong>Konkursu Statystyczno-Demograficznego Sigma Kwadrat &#8211; test wiedzy statystyczno-demograficznej dla uczni\u00f3w szk\u00f3\u0142 \u015brednich:<\/strong><\/p>\n\n\n\n<p class=\"has-text-align-center\"><strong>10 miejsce zaj\u0119\u0142a <\/strong><strong>Maria Marsza\u0142ek\u00a0 <\/strong>uczennica klasy 3bp (25 punkt\u00f3w),<\/p>\n\n\n\n<p class=\"has-text-align-center\"><strong>23 miejsce zaj\u0105\u0142 Wojciech Drzewicki <\/strong>ucze\u0144 klasy 1b (24 punkty),<\/p>\n\n\n\n<p class=\"has-text-align-center\"><strong>33 miejsce zaj\u0119\u0142a Antonina Matysek <\/strong>uczennica klasy 3bp (24 punkty),<\/p>\n\n\n\n<p class=\"has-text-align-center\"><strong>37 miejsce zaj\u0119\u0142a Anna W\u00f3jcik <\/strong>uczennica klasy 3bp\u00a0 (23 punkty),<\/p>\n\n\n\n<p class=\"has-text-align-center\"><strong>39 miejsce zaj\u0105\u0142 Wiktor Patkowski <\/strong>ucze\u0144 klasy 3bp (23 punkty),<\/p>\n\n\n\n<p class=\"has-text-align-center\"><strong>43 miejsce zaj\u0105\u0142 Kamil Kowalik <\/strong>ucze\u0144 klasy 1b (23 punkty).<\/p>\n\n\n\n<p>W przypadku r\u00f3wnej liczby uzyskanych punkt\u00f3w w te\u015bcie decydowa\u0142a kolejno\u015b\u0107 nadsy\u0142anych odpowiedzi. W quizie mo\u017cna by\u0142o zdoby\u0107 maksymalnie 30 punkt\u00f3w.<\/p>\n\n\n\n<p>Nagrody dla zwyci\u0119zc\u00f3w konkursu:<\/p>\n\n\n\n<p>Miejsca od 1 do 10&nbsp; &#8211; dysk twardy 1 TB<\/p>\n\n\n\n<p>Miejsca 11-30 \u2013 powerbank<\/p>\n\n\n\n<p>Miejsca 31-50 \u2013 pendrive oraz gad\u017cety promocyjne<\/p>\n\n\n\n<p>Wszyscy uczestnicy &#8211; <strong>51 uczni\u00f3w z naszej szko\u0142y &#8211;<\/strong> otrzymaj\u0105 r\u00f3wnie\u017c publikacje Urz\u0119du Statystycznego w Lublinie oraz drobne gad\u017cety promocyjne.<\/p>\n\n\n\n<p>Serdecznie gratulujemy.<\/p>\n\n\n\n<p>Opiekun uczni\u00f3w &#8211; p. Agata K\u0119pka<\/p>\n","protected":false},"excerpt":{"rendered":"<p>Z przyjemno\u015bci\u0105 informujemy, \u017ce sze\u015bcioro uczni\u00f3w V Liceum Og\u00f3lnokszta\u0142c\u0105cego im. Marii Sk\u0142odowskiej-Curie w Lublinie znalaz\u0142o si\u0119 w\u015br\u00f3d 50 zwyci\u0119zc\u00f3w Konkursu Statystyczno-Demograficznego Sigma Kwadrat &#8211; test wiedzy statystyczno-demograficznej dla uczni\u00f3w szk\u00f3\u0142 \u015brednich: 10 miejsce zaj\u0119\u0142a Maria Marsza\u0142ek\u00a0 uczennica klasy 3bp (25 punkt\u00f3w), 23 miejsce zaj\u0105\u0142 Wojciech Drzewicki ucze\u0144 klasy 1b (24 punkty), 33 miejsce zaj\u0119\u0142a Antonina [&hellip;]<\/p>\n","protected":false},"author":23,"featured_media":20085,"comment_status":"closed","ping_status":"open","sticky":false,"template":"","format":"standard","meta":{"footnotes":""},"categories":[363,1,134],"tags":[],"_links":{"self":[{"href":"https:\/\/5lo.lublin.pl\/index.php?rest_route=\/wp\/v2\/posts\/20083"}],"collection":[{"href":"https:\/\/5lo.lublin.pl\/index.php?rest_route=\/wp\/v2\/posts"}],"about":[{"href":"https:\/\/5lo.lublin.pl\/index.php?rest_route=\/wp\/v2\/types\/post"}],"author":[{"embeddable":true,"href":"https:\/\/5lo.lublin.pl\/index.php?rest_route=\/wp\/v2\/users\/23"}],"replies":[{"embeddable":true,"href":"https:\/\/5lo.lublin.pl\/index.php?rest_route=%2Fwp%2Fv2%2Fcomments&post=20083"}],"version-history":[{"count":1,"href":"https:\/\/5lo.lublin.pl\/index.php?rest_route=\/wp\/v2\/posts\/20083\/revisions"}],"predecessor-version":[{"id":20095,"href":"https:\/\/5lo.lublin.pl\/index.php?rest_route=\/wp\/v2\/posts\/20083\/revisions\/20095"}],"wp:featuredmedia":[{"embeddable":true,"href":"https:\/\/5lo.lublin.pl\/index.php?rest_route=\/wp\/v2\/media\/20085"}],"wp:attachment":[{"href":"https:\/\/5lo.lublin.pl\/index.php?rest_route=%2Fwp%2Fv2%2Fmedia&parent=20083"}],"wp:term":[{"taxonomy":"category","embeddable":true,"href":"https:\/\/5lo.lublin.pl\/index.php?rest_route=%2Fwp%2Fv2%2Fcategories&post=20083"},{"taxonomy":"post_tag","embeddable":true,"href":"https:\/\/5lo.lublin.pl\/index.php?rest_route=%2Fwp%2Fv2%2Ftags&post=20083"}],"curies":[{"name":"wp","href":"https:\/\/api.w.org\/{rel}","templated":true}]}}