{"id":20018,"date":"2022-04-28T14:31:24","date_gmt":"2022-04-28T14:31:24","guid":{"rendered":"https:\/\/5lo.lublin.pl\/?p=20018"},"modified":"2022-04-28T14:31:28","modified_gmt":"2022-04-28T14:31:28","slug":"odezwa-komitetu-honorowego-obchodow-swieta-narodowego-trzeciego-maja-w-wojewodztwie-lubelskim","status":"publish","type":"post","link":"https:\/\/5lo.lublin.pl\/?p=20018","title":{"rendered":"Odezwa Komitetu Honorowego Obchod\u00f3w \u015awi\u0119ta Narodowego Trzeciego Maja  w Wojew\u00f3dztwie Lubelskim"},"content":{"rendered":"\n<div data-wp-interactive=\"\" class=\"wp-block-file\"><object data-wp-bind--hidden=\"!selectors.core.file.hasPdfPreview\" hidden class=\"wp-block-file__embed\" data=\"https:\/\/5lo.lublin.pl\/wp-content\/uploads\/2022\/04\/Odezwa_3_maj.pdf\" type=\"application\/pdf\" style=\"width:100%;height:600px\" aria-label=\"Osadzone z Osadzone z Odezwa_3_maj..\"><\/object><a id=\"wp-block-file--media-dc98db57-9bd8-4a29-bf2c-5f0251c53795\" href=\"https:\/\/5lo.lublin.pl\/wp-content\/uploads\/2022\/04\/Odezwa_3_maj.pdf\">Odezwa_3_maj<\/a><a href=\"https:\/\/5lo.lublin.pl\/wp-content\/uploads\/2022\/04\/Odezwa_3_maj.pdf\" class=\"wp-block-file__button\" download aria-describedby=\"wp-block-file--media-dc98db57-9bd8-4a29-bf2c-5f0251c53795\">Pobierz<\/a><\/div>\n","protected":false},"excerpt":{"rendered":"Odezwa_3_majPobierz","protected":false},"author":29,"featured_media":20022,"comment_status":"closed","ping_status":"open","sticky":false,"template":"","format":"standard","meta":{"footnotes":""},"categories":[133],"tags":[],"_links":{"self":[{"href":"https:\/\/5lo.lublin.pl\/index.php?rest_route=\/wp\/v2\/posts\/20018"}],"collection":[{"href":"https:\/\/5lo.lublin.pl\/index.php?rest_route=\/wp\/v2\/posts"}],"about":[{"href":"https:\/\/5lo.lublin.pl\/index.php?rest_route=\/wp\/v2\/types\/post"}],"author":[{"embeddable":true,"href":"https:\/\/5lo.lublin.pl\/index.php?rest_route=\/wp\/v2\/users\/29"}],"replies":[{"embeddable":true,"href":"https:\/\/5lo.lublin.pl\/index.php?rest_route=%2Fwp%2Fv2%2Fcomments&post=20018"}],"version-history":[{"count":1,"href":"https:\/\/5lo.lublin.pl\/index.php?rest_route=\/wp\/v2\/posts\/20018\/revisions"}],"predecessor-version":[{"id":20024,"href":"https:\/\/5lo.lublin.pl\/index.php?rest_route=\/wp\/v2\/posts\/20018\/revisions\/20024"}],"wp:featuredmedia":[{"embeddable":true,"href":"https:\/\/5lo.lublin.pl\/index.php?rest_route=\/wp\/v2\/media\/20022"}],"wp:attachment":[{"href":"https:\/\/5lo.lublin.pl\/index.php?rest_route=%2Fwp%2Fv2%2Fmedia&parent=20018"}],"wp:term":[{"taxonomy":"category","embeddable":true,"href":"https:\/\/5lo.lublin.pl\/index.php?rest_route=%2Fwp%2Fv2%2Fcategories&post=20018"},{"taxonomy":"post_tag","embeddable":true,"href":"https:\/\/5lo.lublin.pl\/index.php?rest_route=%2Fwp%2Fv2%2Ftags&post=20018"}],"curies":[{"name":"wp","href":"https:\/\/api.w.org\/{rel}","templated":true}]}}