{"id":19942,"date":"2022-04-25T03:09:00","date_gmt":"2022-04-25T03:09:00","guid":{"rendered":"https:\/\/5lo.lublin.pl\/?p=19942"},"modified":"2022-04-25T11:10:16","modified_gmt":"2022-04-25T11:10:16","slug":"plebiscyt-na-najpopularniejszego-sportowca-v-liceum-ogolnoksztalcacego-w-roku-szkolnym-2021-2022","status":"publish","type":"post","link":"https:\/\/5lo.lublin.pl\/?p=19942","title":{"rendered":"Plebiscyt na najpopularniejszego sportowca V Liceum Og\u00f3lnokszta\u0142c\u0105cego w roku szkolnym 2021- 2022."},"content":{"rendered":"\n<p>Nauczyciele wychowania fizycznego, przygotowali i przeprowadzili plebiscyt \u201dNajpopularniejszy sportowiec V Liceum Og\u00f3lnokszta\u0142c\u0105cego w Lublinie w roku szkolnym 2021 \u2013 2022\u201d. Uczniowie wszystkich klas oddali g\u0142osy na swoich faworyt\u00f3w. G\u0142osowanie odby\u0142o si\u0119 w czasie lekcji wychowania fizycznego w dniach 04-13.04.2022r. Wyniki plebiscytu publikujemy w poni\u017cszej prezentacji.<\/p>\n\n\n\n<figure class=\"wp-block-gallery has-nested-images columns-default is-cropped wp-block-gallery-1 is-layout-flex wp-block-gallery-is-layout-flex\">\n<figure class=\"wp-block-image size-large\"><img loading=\"lazy\" decoding=\"async\" width=\"1024\" height=\"819\" data-id=\"19946\" src=\"https:\/\/5lo.lublin.pl\/wp-content\/uploads\/2022\/04\/Zrzut-ekranu-1_m.jpg\" alt=\"\" class=\"wp-image-19946\" srcset=\"https:\/\/5lo.lublin.pl\/wp-content\/uploads\/2022\/04\/Zrzut-ekranu-1_m.jpg 1024w, https:\/\/5lo.lublin.pl\/wp-content\/uploads\/2022\/04\/Zrzut-ekranu-1_m-300x240.jpg 300w, https:\/\/5lo.lublin.pl\/wp-content\/uploads\/2022\/04\/Zrzut-ekranu-1_m-768x614.jpg 768w\" sizes=\"(max-width: 1024px) 100vw, 1024px\" \/><\/figure>\n\n\n\n<figure class=\"wp-block-image size-large\"><img loading=\"lazy\" decoding=\"async\" width=\"1024\" height=\"819\" data-id=\"19948\" src=\"https:\/\/5lo.lublin.pl\/wp-content\/uploads\/2022\/04\/Zrzut-ekranu-2_m.jpg\" alt=\"\" class=\"wp-image-19948\" srcset=\"https:\/\/5lo.lublin.pl\/wp-content\/uploads\/2022\/04\/Zrzut-ekranu-2_m.jpg 1024w, https:\/\/5lo.lublin.pl\/wp-content\/uploads\/2022\/04\/Zrzut-ekranu-2_m-300x240.jpg 300w, https:\/\/5lo.lublin.pl\/wp-content\/uploads\/2022\/04\/Zrzut-ekranu-2_m-768x614.jpg 768w\" sizes=\"(max-width: 1024px) 100vw, 1024px\" \/><\/figure>\n\n\n\n<figure class=\"wp-block-image size-large\"><img loading=\"lazy\" decoding=\"async\" width=\"1024\" height=\"819\" data-id=\"19947\" src=\"https:\/\/5lo.lublin.pl\/wp-content\/uploads\/2022\/04\/Zrzut-ekranu-3_m.jpg\" alt=\"\" class=\"wp-image-19947\" srcset=\"https:\/\/5lo.lublin.pl\/wp-content\/uploads\/2022\/04\/Zrzut-ekranu-3_m.jpg 1024w, https:\/\/5lo.lublin.pl\/wp-content\/uploads\/2022\/04\/Zrzut-ekranu-3_m-300x240.jpg 300w, https:\/\/5lo.lublin.pl\/wp-content\/uploads\/2022\/04\/Zrzut-ekranu-3_m-768x614.jpg 768w\" sizes=\"(max-width: 1024px) 100vw, 1024px\" \/><\/figure>\n\n\n\n<figure class=\"wp-block-image size-large\"><img loading=\"lazy\" decoding=\"async\" width=\"1024\" height=\"819\" data-id=\"19949\" src=\"https:\/\/5lo.lublin.pl\/wp-content\/uploads\/2022\/04\/Zrzut-ekranu-4_m.jpg\" alt=\"\" class=\"wp-image-19949\" srcset=\"https:\/\/5lo.lublin.pl\/wp-content\/uploads\/2022\/04\/Zrzut-ekranu-4_m.jpg 1024w, https:\/\/5lo.lublin.pl\/wp-content\/uploads\/2022\/04\/Zrzut-ekranu-4_m-300x240.jpg 300w, https:\/\/5lo.lublin.pl\/wp-content\/uploads\/2022\/04\/Zrzut-ekranu-4_m-768x614.jpg 768w\" sizes=\"(max-width: 1024px) 100vw, 1024px\" \/><\/figure>\n\n\n\n<figure class=\"wp-block-image size-large\"><img loading=\"lazy\" decoding=\"async\" width=\"1024\" height=\"819\" data-id=\"19950\" src=\"https:\/\/5lo.lublin.pl\/wp-content\/uploads\/2022\/04\/Zrzut-ekranu-5_m.jpg\" alt=\"\" class=\"wp-image-19950\" srcset=\"https:\/\/5lo.lublin.pl\/wp-content\/uploads\/2022\/04\/Zrzut-ekranu-5_m.jpg 1024w, https:\/\/5lo.lublin.pl\/wp-content\/uploads\/2022\/04\/Zrzut-ekranu-5_m-300x240.jpg 300w, https:\/\/5lo.lublin.pl\/wp-content\/uploads\/2022\/04\/Zrzut-ekranu-5_m-768x614.jpg 768w\" sizes=\"(max-width: 1024px) 100vw, 1024px\" \/><\/figure>\n\n\n\n<figure class=\"wp-block-image size-large\"><img loading=\"lazy\" decoding=\"async\" width=\"1024\" height=\"819\" data-id=\"19945\" src=\"https:\/\/5lo.lublin.pl\/wp-content\/uploads\/2022\/04\/Zrzut-ekranu-6_m.jpg\" alt=\"\" class=\"wp-image-19945\" srcset=\"https:\/\/5lo.lublin.pl\/wp-content\/uploads\/2022\/04\/Zrzut-ekranu-6_m.jpg 1024w, https:\/\/5lo.lublin.pl\/wp-content\/uploads\/2022\/04\/Zrzut-ekranu-6_m-300x240.jpg 300w, https:\/\/5lo.lublin.pl\/wp-content\/uploads\/2022\/04\/Zrzut-ekranu-6_m-768x614.jpg 768w\" sizes=\"(max-width: 1024px) 100vw, 1024px\" \/><\/figure>\n\n\n\n<figure class=\"wp-block-image size-large\"><img loading=\"lazy\" decoding=\"async\" width=\"1024\" height=\"819\" data-id=\"19953\" src=\"https:\/\/5lo.lublin.pl\/wp-content\/uploads\/2022\/04\/Zrzut-ekranu-7_m.jpg\" alt=\"\" class=\"wp-image-19953\" srcset=\"https:\/\/5lo.lublin.pl\/wp-content\/uploads\/2022\/04\/Zrzut-ekranu-7_m.jpg 1024w, https:\/\/5lo.lublin.pl\/wp-content\/uploads\/2022\/04\/Zrzut-ekranu-7_m-300x240.jpg 300w, https:\/\/5lo.lublin.pl\/wp-content\/uploads\/2022\/04\/Zrzut-ekranu-7_m-768x614.jpg 768w\" sizes=\"(max-width: 1024px) 100vw, 1024px\" \/><\/figure>\n\n\n\n<figure class=\"wp-block-image size-large\"><img loading=\"lazy\" decoding=\"async\" width=\"1024\" height=\"819\" data-id=\"19955\" src=\"https:\/\/5lo.lublin.pl\/wp-content\/uploads\/2022\/04\/Zrzut-ekranu-8_m.jpg\" alt=\"\" class=\"wp-image-19955\" srcset=\"https:\/\/5lo.lublin.pl\/wp-content\/uploads\/2022\/04\/Zrzut-ekranu-8_m.jpg 1024w, https:\/\/5lo.lublin.pl\/wp-content\/uploads\/2022\/04\/Zrzut-ekranu-8_m-300x240.jpg 300w, https:\/\/5lo.lublin.pl\/wp-content\/uploads\/2022\/04\/Zrzut-ekranu-8_m-768x614.jpg 768w\" sizes=\"(max-width: 1024px) 100vw, 1024px\" \/><\/figure>\n\n\n\n<figure class=\"wp-block-image size-large\"><img loading=\"lazy\" decoding=\"async\" width=\"1024\" height=\"819\" data-id=\"19951\" src=\"https:\/\/5lo.lublin.pl\/wp-content\/uploads\/2022\/04\/Zrzut-ekranu-9_m.jpg\" alt=\"\" class=\"wp-image-19951\" srcset=\"https:\/\/5lo.lublin.pl\/wp-content\/uploads\/2022\/04\/Zrzut-ekranu-9_m.jpg 1024w, https:\/\/5lo.lublin.pl\/wp-content\/uploads\/2022\/04\/Zrzut-ekranu-9_m-300x240.jpg 300w, https:\/\/5lo.lublin.pl\/wp-content\/uploads\/2022\/04\/Zrzut-ekranu-9_m-768x614.jpg 768w\" sizes=\"(max-width: 1024px) 100vw, 1024px\" \/><\/figure>\n\n\n\n<figure class=\"wp-block-image size-large\"><img loading=\"lazy\" decoding=\"async\" width=\"1024\" height=\"819\" data-id=\"19952\" src=\"https:\/\/5lo.lublin.pl\/wp-content\/uploads\/2022\/04\/Zrzut-ekranu-10_m.jpg\" alt=\"\" class=\"wp-image-19952\" srcset=\"https:\/\/5lo.lublin.pl\/wp-content\/uploads\/2022\/04\/Zrzut-ekranu-10_m.jpg 1024w, https:\/\/5lo.lublin.pl\/wp-content\/uploads\/2022\/04\/Zrzut-ekranu-10_m-300x240.jpg 300w, https:\/\/5lo.lublin.pl\/wp-content\/uploads\/2022\/04\/Zrzut-ekranu-10_m-768x614.jpg 768w\" sizes=\"(max-width: 1024px) 100vw, 1024px\" \/><\/figure>\n\n\n\n<figure class=\"wp-block-image size-large\"><img loading=\"lazy\" decoding=\"async\" width=\"1024\" height=\"819\" data-id=\"19956\" src=\"https:\/\/5lo.lublin.pl\/wp-content\/uploads\/2022\/04\/Zrzut-ekranu-11_m.jpg\" alt=\"\" class=\"wp-image-19956\" srcset=\"https:\/\/5lo.lublin.pl\/wp-content\/uploads\/2022\/04\/Zrzut-ekranu-11_m.jpg 1024w, https:\/\/5lo.lublin.pl\/wp-content\/uploads\/2022\/04\/Zrzut-ekranu-11_m-300x240.jpg 300w, https:\/\/5lo.lublin.pl\/wp-content\/uploads\/2022\/04\/Zrzut-ekranu-11_m-768x614.jpg 768w\" sizes=\"(max-width: 1024px) 100vw, 1024px\" \/><\/figure>\n\n\n\n<figure class=\"wp-block-image size-large\"><img loading=\"lazy\" decoding=\"async\" width=\"1024\" height=\"819\" data-id=\"19954\" src=\"https:\/\/5lo.lublin.pl\/wp-content\/uploads\/2022\/04\/Zrzut-ekranu-12_m.jpg\" alt=\"\" class=\"wp-image-19954\" srcset=\"https:\/\/5lo.lublin.pl\/wp-content\/uploads\/2022\/04\/Zrzut-ekranu-12_m.jpg 1024w, https:\/\/5lo.lublin.pl\/wp-content\/uploads\/2022\/04\/Zrzut-ekranu-12_m-300x240.jpg 300w, https:\/\/5lo.lublin.pl\/wp-content\/uploads\/2022\/04\/Zrzut-ekranu-12_m-768x614.jpg 768w\" sizes=\"(max-width: 1024px) 100vw, 1024px\" \/><\/figure>\n\n\n\n<figure class=\"wp-block-image size-large\"><img loading=\"lazy\" decoding=\"async\" width=\"1024\" height=\"819\" data-id=\"19958\" src=\"https:\/\/5lo.lublin.pl\/wp-content\/uploads\/2022\/04\/Zrzut-ekranu-13_m-1.jpg\" alt=\"\" class=\"wp-image-19958\" srcset=\"https:\/\/5lo.lublin.pl\/wp-content\/uploads\/2022\/04\/Zrzut-ekranu-13_m-1.jpg 1024w, https:\/\/5lo.lublin.pl\/wp-content\/uploads\/2022\/04\/Zrzut-ekranu-13_m-1-300x240.jpg 300w, https:\/\/5lo.lublin.pl\/wp-content\/uploads\/2022\/04\/Zrzut-ekranu-13_m-1-768x614.jpg 768w\" sizes=\"(max-width: 1024px) 100vw, 1024px\" \/><\/figure>\n\n\n\n<figure class=\"wp-block-image size-large\"><img loading=\"lazy\" decoding=\"async\" width=\"1024\" height=\"819\" data-id=\"19957\" src=\"https:\/\/5lo.lublin.pl\/wp-content\/uploads\/2022\/04\/Zrzut-ekranu-14_m.jpg\" alt=\"\" class=\"wp-image-19957\" srcset=\"https:\/\/5lo.lublin.pl\/wp-content\/uploads\/2022\/04\/Zrzut-ekranu-14_m.jpg 1024w, https:\/\/5lo.lublin.pl\/wp-content\/uploads\/2022\/04\/Zrzut-ekranu-14_m-300x240.jpg 300w, https:\/\/5lo.lublin.pl\/wp-content\/uploads\/2022\/04\/Zrzut-ekranu-14_m-768x614.jpg 768w\" sizes=\"(max-width: 1024px) 100vw, 1024px\" \/><\/figure>\n<\/figure>\n","protected":false},"excerpt":{"rendered":"<p>Nauczyciele wychowania fizycznego, przygotowali i przeprowadzili plebiscyt \u201dNajpopularniejszy sportowiec V Liceum Og\u00f3lnokszta\u0142c\u0105cego w Lublinie w roku szkolnym 2021 \u2013 2022\u201d. Uczniowie wszystkich klas oddali g\u0142osy na swoich faworyt\u00f3w. G\u0142osowanie odby\u0142o si\u0119 w czasie lekcji wychowania fizycznego w dniach 04-13.04.2022r. Wyniki plebiscytu publikujemy w poni\u017cszej prezentacji.<\/p>\n","protected":false},"author":29,"featured_media":19943,"comment_status":"closed","ping_status":"open","sticky":false,"template":"","format":"standard","meta":{"footnotes":""},"categories":[365,1,138],"tags":[],"_links":{"self":[{"href":"https:\/\/5lo.lublin.pl\/index.php?rest_route=\/wp\/v2\/posts\/19942"}],"collection":[{"href":"https:\/\/5lo.lublin.pl\/index.php?rest_route=\/wp\/v2\/posts"}],"about":[{"href":"https:\/\/5lo.lublin.pl\/index.php?rest_route=\/wp\/v2\/types\/post"}],"author":[{"embeddable":true,"href":"https:\/\/5lo.lublin.pl\/index.php?rest_route=\/wp\/v2\/users\/29"}],"replies":[{"embeddable":true,"href":"https:\/\/5lo.lublin.pl\/index.php?rest_route=%2Fwp%2Fv2%2Fcomments&post=19942"}],"version-history":[{"count":1,"href":"https:\/\/5lo.lublin.pl\/index.php?rest_route=\/wp\/v2\/posts\/19942\/revisions"}],"predecessor-version":[{"id":19959,"href":"https:\/\/5lo.lublin.pl\/index.php?rest_route=\/wp\/v2\/posts\/19942\/revisions\/19959"}],"wp:featuredmedia":[{"embeddable":true,"href":"https:\/\/5lo.lublin.pl\/index.php?rest_route=\/wp\/v2\/media\/19943"}],"wp:attachment":[{"href":"https:\/\/5lo.lublin.pl\/index.php?rest_route=%2Fwp%2Fv2%2Fmedia&parent=19942"}],"wp:term":[{"taxonomy":"category","embeddable":true,"href":"https:\/\/5lo.lublin.pl\/index.php?rest_route=%2Fwp%2Fv2%2Fcategories&post=19942"},{"taxonomy":"post_tag","embeddable":true,"href":"https:\/\/5lo.lublin.pl\/index.php?rest_route=%2Fwp%2Fv2%2Ftags&post=19942"}],"curies":[{"name":"wp","href":"https:\/\/api.w.org\/{rel}","templated":true}]}}