{"id":19935,"date":"2022-04-25T05:28:08","date_gmt":"2022-04-25T05:28:08","guid":{"rendered":"https:\/\/5lo.lublin.pl\/?p=19935"},"modified":"2022-04-25T20:53:58","modified_gmt":"2022-04-25T20:53:58","slug":"sukces-uczennicy-v-lo-w-xxxvii-ogolnopolskiej-olimpiadzie-wiedzy-ekologicznej","status":"publish","type":"post","link":"https:\/\/5lo.lublin.pl\/?p=19935","title":{"rendered":"Sukces uczennicy V LO w XXXVII Og\u00f3lnopolskiej  Olimpiadzie Wiedzy Ekologicznej"},"content":{"rendered":"\n<figure class=\"wp-block-image size-full\"><img loading=\"lazy\" decoding=\"async\" width=\"945\" height=\"607\" src=\"https:\/\/5lo.lublin.pl\/wp-content\/uploads\/2022\/04\/image-1.png\" alt=\"\" class=\"wp-image-19936\" srcset=\"https:\/\/5lo.lublin.pl\/wp-content\/uploads\/2022\/04\/image-1.png 945w, https:\/\/5lo.lublin.pl\/wp-content\/uploads\/2022\/04\/image-1-300x193.png 300w, https:\/\/5lo.lublin.pl\/wp-content\/uploads\/2022\/04\/image-1-768x493.png 768w\" sizes=\"(max-width: 945px) 100vw, 945px\" \/><\/figure>\n\n\n\n<p>Z przyjemno\u015bci\u0105 informujemy, \u017ce tytu\u0142 finalisty etapu okr\u0119gowego olimpiady otrzymali Hanna Mierzejewska i Konrad Padzi\u0144ski z klasy II c. <strong>Hanna Mierzejewska<\/strong> zakwalifikowa\u0142a si\u0119 do &nbsp;<strong>etapu centralnego XXXVII Og\u00f3lnopolskiej Olimpiady Wiedzy Ekologicznej<\/strong>.<\/p>\n\n\n\n<figure class=\"wp-block-gallery has-nested-images columns-default is-cropped wp-block-gallery-1 is-layout-flex wp-block-gallery-is-layout-flex\">\n<figure class=\"wp-block-image size-large\"><img loading=\"lazy\" decoding=\"async\" width=\"485\" height=\"690\" data-id=\"19939\" src=\"https:\/\/5lo.lublin.pl\/wp-content\/uploads\/2022\/04\/dyplom1.jpg\" alt=\"\" class=\"wp-image-19939\" srcset=\"https:\/\/5lo.lublin.pl\/wp-content\/uploads\/2022\/04\/dyplom1.jpg 485w, https:\/\/5lo.lublin.pl\/wp-content\/uploads\/2022\/04\/dyplom1-211x300.jpg 211w\" sizes=\"(max-width: 485px) 100vw, 485px\" \/><\/figure>\n\n\n\n<figure class=\"wp-block-image size-large\"><img loading=\"lazy\" decoding=\"async\" width=\"490\" height=\"692\" data-id=\"19940\" src=\"https:\/\/5lo.lublin.pl\/wp-content\/uploads\/2022\/04\/dyplom2.jpg\" alt=\"\" class=\"wp-image-19940\" srcset=\"https:\/\/5lo.lublin.pl\/wp-content\/uploads\/2022\/04\/dyplom2.jpg 490w, https:\/\/5lo.lublin.pl\/wp-content\/uploads\/2022\/04\/dyplom2-212x300.jpg 212w\" sizes=\"(max-width: 490px) 100vw, 490px\" \/><\/figure>\n<\/figure>\n\n\n\n<p>Gratulujemy i \u017cyczymy dalszych sukces\u00f3w. Opiekun uczennicy \u2013 p. Agnieszka Przybycie\u0144-Sioma.<\/p>\n","protected":false},"excerpt":{"rendered":"<p>Z przyjemno\u015bci\u0105 informujemy, \u017ce tytu\u0142 finalisty etapu okr\u0119gowego olimpiady otrzymali Hanna Mierzejewska i Konrad Padzi\u0144ski z klasy II c. Hanna Mierzejewska zakwalifikowa\u0142a si\u0119 do &nbsp;etapu centralnego XXXVII Og\u00f3lnopolskiej Olimpiady Wiedzy Ekologicznej. Gratulujemy i \u017cyczymy dalszych sukces\u00f3w. Opiekun uczennicy \u2013 p. Agnieszka Przybycie\u0144-Sioma.<\/p>\n","protected":false},"author":29,"featured_media":19937,"comment_status":"closed","ping_status":"open","sticky":false,"template":"","format":"standard","meta":{"footnotes":""},"categories":[348,360,134],"tags":[],"_links":{"self":[{"href":"https:\/\/5lo.lublin.pl\/index.php?rest_route=\/wp\/v2\/posts\/19935"}],"collection":[{"href":"https:\/\/5lo.lublin.pl\/index.php?rest_route=\/wp\/v2\/posts"}],"about":[{"href":"https:\/\/5lo.lublin.pl\/index.php?rest_route=\/wp\/v2\/types\/post"}],"author":[{"embeddable":true,"href":"https:\/\/5lo.lublin.pl\/index.php?rest_route=\/wp\/v2\/users\/29"}],"replies":[{"embeddable":true,"href":"https:\/\/5lo.lublin.pl\/index.php?rest_route=%2Fwp%2Fv2%2Fcomments&post=19935"}],"version-history":[{"count":1,"href":"https:\/\/5lo.lublin.pl\/index.php?rest_route=\/wp\/v2\/posts\/19935\/revisions"}],"predecessor-version":[{"id":19977,"href":"https:\/\/5lo.lublin.pl\/index.php?rest_route=\/wp\/v2\/posts\/19935\/revisions\/19977"}],"wp:featuredmedia":[{"embeddable":true,"href":"https:\/\/5lo.lublin.pl\/index.php?rest_route=\/wp\/v2\/media\/19937"}],"wp:attachment":[{"href":"https:\/\/5lo.lublin.pl\/index.php?rest_route=%2Fwp%2Fv2%2Fmedia&parent=19935"}],"wp:term":[{"taxonomy":"category","embeddable":true,"href":"https:\/\/5lo.lublin.pl\/index.php?rest_route=%2Fwp%2Fv2%2Fcategories&post=19935"},{"taxonomy":"post_tag","embeddable":true,"href":"https:\/\/5lo.lublin.pl\/index.php?rest_route=%2Fwp%2Fv2%2Ftags&post=19935"}],"curies":[{"name":"wp","href":"https:\/\/api.w.org\/{rel}","templated":true}]}}