{"id":19890,"date":"2022-04-24T15:14:27","date_gmt":"2022-04-24T15:14:27","guid":{"rendered":"https:\/\/5lo.lublin.pl\/?p=19890"},"modified":"2022-04-24T15:14:29","modified_gmt":"2022-04-24T15:14:29","slug":"konkurs-talent-na-v","status":"publish","type":"post","link":"https:\/\/5lo.lublin.pl\/?p=19890","title":{"rendered":"Konkurs ,,Talent na V\u201d."},"content":{"rendered":"\n<p>Dzi\u015b w naszym liceum odby\u0142 si\u0119 konkurs ,,Talent na V\u201d. Uczniowie mieli okazj\u0119 zaprezentowa\u0107 swoje zdolno\u015bci artystyczne przed nauczycielami, kole\u017cankami i kolegami z innych klas. Publiczno\u015b\u0107 wskaza\u0142a swojego faworyta, przyznaj\u0105c mu specjaln\u0105 nagrod\u0119, kt\u00f3rej laureatem zosta\u0142 Krzysztof Jurkiewicz z klasy 3B. <\/p>\n\n\n\n<figure class=\"wp-block-image size-full\"><img loading=\"lazy\" decoding=\"async\" width=\"1024\" height=\"680\" src=\"https:\/\/5lo.lublin.pl\/wp-content\/uploads\/2022\/04\/DSC_0329_m.jpg\" alt=\"\" class=\"wp-image-19891\" srcset=\"https:\/\/5lo.lublin.pl\/wp-content\/uploads\/2022\/04\/DSC_0329_m.jpg 1024w, https:\/\/5lo.lublin.pl\/wp-content\/uploads\/2022\/04\/DSC_0329_m-300x199.jpg 300w, https:\/\/5lo.lublin.pl\/wp-content\/uploads\/2022\/04\/DSC_0329_m-768x510.jpg 768w\" sizes=\"(max-width: 1024px) 100vw, 1024px\" \/><\/figure>\n\n\n\n<p>Po burzliwych naradach jury konkursu doceni\u0142o tak\u017ce najlepszy wed\u0142ug nich wyst\u0119p w wykonaniu Ma\u0142gorzaty Gilewskiej z klasy 3D.<\/p>\n\n\n\n<div class=\"wp-block-image\"><figure class=\"aligncenter size-full\"><img loading=\"lazy\" decoding=\"async\" width=\"680\" height=\"1024\" src=\"https:\/\/5lo.lublin.pl\/wp-content\/uploads\/2022\/04\/DSC_0326_m.jpg\" alt=\"\" class=\"wp-image-19892\" srcset=\"https:\/\/5lo.lublin.pl\/wp-content\/uploads\/2022\/04\/DSC_0326_m.jpg 680w, https:\/\/5lo.lublin.pl\/wp-content\/uploads\/2022\/04\/DSC_0326_m-199x300.jpg 199w\" sizes=\"(max-width: 680px) 100vw, 680px\" \/><\/figure><\/div>\n\n\n\n<figure class=\"wp-block-gallery has-nested-images columns-default is-cropped wp-block-gallery-1 is-layout-flex wp-block-gallery-is-layout-flex\">\n<figure class=\"wp-block-image size-large\"><img loading=\"lazy\" decoding=\"async\" width=\"1024\" height=\"680\" data-id=\"19894\" src=\"https:\/\/5lo.lublin.pl\/wp-content\/uploads\/2022\/04\/DSC_0218_m.jpg\" alt=\"\" class=\"wp-image-19894\" srcset=\"https:\/\/5lo.lublin.pl\/wp-content\/uploads\/2022\/04\/DSC_0218_m.jpg 1024w, https:\/\/5lo.lublin.pl\/wp-content\/uploads\/2022\/04\/DSC_0218_m-300x199.jpg 300w, https:\/\/5lo.lublin.pl\/wp-content\/uploads\/2022\/04\/DSC_0218_m-768x510.jpg 768w\" sizes=\"(max-width: 1024px) 100vw, 1024px\" \/><\/figure>\n\n\n\n<figure class=\"wp-block-image size-large\"><img loading=\"lazy\" decoding=\"async\" width=\"1024\" height=\"680\" data-id=\"19897\" src=\"https:\/\/5lo.lublin.pl\/wp-content\/uploads\/2022\/04\/DSC_0220_m.jpg\" alt=\"\" class=\"wp-image-19897\" srcset=\"https:\/\/5lo.lublin.pl\/wp-content\/uploads\/2022\/04\/DSC_0220_m.jpg 1024w, https:\/\/5lo.lublin.pl\/wp-content\/uploads\/2022\/04\/DSC_0220_m-300x199.jpg 300w, https:\/\/5lo.lublin.pl\/wp-content\/uploads\/2022\/04\/DSC_0220_m-768x510.jpg 768w\" sizes=\"(max-width: 1024px) 100vw, 1024px\" \/><\/figure>\n\n\n\n<figure class=\"wp-block-image size-large\"><img loading=\"lazy\" decoding=\"async\" width=\"1024\" height=\"680\" data-id=\"19898\" src=\"https:\/\/5lo.lublin.pl\/wp-content\/uploads\/2022\/04\/DSC_0223_m.jpg\" alt=\"\" class=\"wp-image-19898\" srcset=\"https:\/\/5lo.lublin.pl\/wp-content\/uploads\/2022\/04\/DSC_0223_m.jpg 1024w, https:\/\/5lo.lublin.pl\/wp-content\/uploads\/2022\/04\/DSC_0223_m-300x199.jpg 300w, https:\/\/5lo.lublin.pl\/wp-content\/uploads\/2022\/04\/DSC_0223_m-768x510.jpg 768w\" sizes=\"(max-width: 1024px) 100vw, 1024px\" \/><\/figure>\n\n\n\n<figure class=\"wp-block-image size-large\"><img loading=\"lazy\" decoding=\"async\" width=\"1024\" height=\"680\" data-id=\"19895\" src=\"https:\/\/5lo.lublin.pl\/wp-content\/uploads\/2022\/04\/DSC_0225_m.jpg\" alt=\"\" class=\"wp-image-19895\" srcset=\"https:\/\/5lo.lublin.pl\/wp-content\/uploads\/2022\/04\/DSC_0225_m.jpg 1024w, https:\/\/5lo.lublin.pl\/wp-content\/uploads\/2022\/04\/DSC_0225_m-300x199.jpg 300w, https:\/\/5lo.lublin.pl\/wp-content\/uploads\/2022\/04\/DSC_0225_m-768x510.jpg 768w\" sizes=\"(max-width: 1024px) 100vw, 1024px\" \/><\/figure>\n\n\n\n<figure class=\"wp-block-image size-large\"><img loading=\"lazy\" decoding=\"async\" width=\"1024\" height=\"680\" data-id=\"19893\" src=\"https:\/\/5lo.lublin.pl\/wp-content\/uploads\/2022\/04\/DSC_0226_m.jpg\" alt=\"\" class=\"wp-image-19893\" srcset=\"https:\/\/5lo.lublin.pl\/wp-content\/uploads\/2022\/04\/DSC_0226_m.jpg 1024w, https:\/\/5lo.lublin.pl\/wp-content\/uploads\/2022\/04\/DSC_0226_m-300x199.jpg 300w, https:\/\/5lo.lublin.pl\/wp-content\/uploads\/2022\/04\/DSC_0226_m-768x510.jpg 768w\" sizes=\"(max-width: 1024px) 100vw, 1024px\" \/><\/figure>\n\n\n\n<figure class=\"wp-block-image size-large\"><img loading=\"lazy\" decoding=\"async\" width=\"1024\" height=\"680\" data-id=\"19896\" src=\"https:\/\/5lo.lublin.pl\/wp-content\/uploads\/2022\/04\/DSC_0231_m.jpg\" alt=\"\" class=\"wp-image-19896\" srcset=\"https:\/\/5lo.lublin.pl\/wp-content\/uploads\/2022\/04\/DSC_0231_m.jpg 1024w, https:\/\/5lo.lublin.pl\/wp-content\/uploads\/2022\/04\/DSC_0231_m-300x199.jpg 300w, https:\/\/5lo.lublin.pl\/wp-content\/uploads\/2022\/04\/DSC_0231_m-768x510.jpg 768w\" sizes=\"(max-width: 1024px) 100vw, 1024px\" \/><\/figure>\n\n\n\n<figure class=\"wp-block-image size-large\"><img loading=\"lazy\" decoding=\"async\" width=\"1024\" height=\"680\" data-id=\"19902\" src=\"https:\/\/5lo.lublin.pl\/wp-content\/uploads\/2022\/04\/DSC_0233_m.jpg\" alt=\"\" class=\"wp-image-19902\" srcset=\"https:\/\/5lo.lublin.pl\/wp-content\/uploads\/2022\/04\/DSC_0233_m.jpg 1024w, https:\/\/5lo.lublin.pl\/wp-content\/uploads\/2022\/04\/DSC_0233_m-300x199.jpg 300w, https:\/\/5lo.lublin.pl\/wp-content\/uploads\/2022\/04\/DSC_0233_m-768x510.jpg 768w\" sizes=\"(max-width: 1024px) 100vw, 1024px\" \/><\/figure>\n\n\n\n<figure class=\"wp-block-image size-large\"><img loading=\"lazy\" decoding=\"async\" width=\"1024\" height=\"680\" data-id=\"19900\" src=\"https:\/\/5lo.lublin.pl\/wp-content\/uploads\/2022\/04\/DSC_0234_m.jpg\" alt=\"\" class=\"wp-image-19900\" srcset=\"https:\/\/5lo.lublin.pl\/wp-content\/uploads\/2022\/04\/DSC_0234_m.jpg 1024w, https:\/\/5lo.lublin.pl\/wp-content\/uploads\/2022\/04\/DSC_0234_m-300x199.jpg 300w, https:\/\/5lo.lublin.pl\/wp-content\/uploads\/2022\/04\/DSC_0234_m-768x510.jpg 768w\" sizes=\"(max-width: 1024px) 100vw, 1024px\" \/><\/figure>\n\n\n\n<figure class=\"wp-block-image size-large\"><img loading=\"lazy\" decoding=\"async\" width=\"1024\" height=\"680\" data-id=\"19899\" src=\"https:\/\/5lo.lublin.pl\/wp-content\/uploads\/2022\/04\/DSC_0242_m.jpg\" alt=\"\" class=\"wp-image-19899\" srcset=\"https:\/\/5lo.lublin.pl\/wp-content\/uploads\/2022\/04\/DSC_0242_m.jpg 1024w, https:\/\/5lo.lublin.pl\/wp-content\/uploads\/2022\/04\/DSC_0242_m-300x199.jpg 300w, https:\/\/5lo.lublin.pl\/wp-content\/uploads\/2022\/04\/DSC_0242_m-768x510.jpg 768w\" sizes=\"(max-width: 1024px) 100vw, 1024px\" \/><\/figure>\n\n\n\n<figure class=\"wp-block-image size-large\"><img loading=\"lazy\" decoding=\"async\" width=\"1024\" height=\"680\" data-id=\"19901\" src=\"https:\/\/5lo.lublin.pl\/wp-content\/uploads\/2022\/04\/DSC_0243_m.jpg\" alt=\"\" class=\"wp-image-19901\" srcset=\"https:\/\/5lo.lublin.pl\/wp-content\/uploads\/2022\/04\/DSC_0243_m.jpg 1024w, https:\/\/5lo.lublin.pl\/wp-content\/uploads\/2022\/04\/DSC_0243_m-300x199.jpg 300w, https:\/\/5lo.lublin.pl\/wp-content\/uploads\/2022\/04\/DSC_0243_m-768x510.jpg 768w\" sizes=\"(max-width: 1024px) 100vw, 1024px\" \/><\/figure>\n\n\n\n<figure class=\"wp-block-image size-large\"><img loading=\"lazy\" decoding=\"async\" width=\"1024\" height=\"680\" data-id=\"19903\" src=\"https:\/\/5lo.lublin.pl\/wp-content\/uploads\/2022\/04\/DSC_0250_m.jpg\" alt=\"\" class=\"wp-image-19903\" srcset=\"https:\/\/5lo.lublin.pl\/wp-content\/uploads\/2022\/04\/DSC_0250_m.jpg 1024w, https:\/\/5lo.lublin.pl\/wp-content\/uploads\/2022\/04\/DSC_0250_m-300x199.jpg 300w, https:\/\/5lo.lublin.pl\/wp-content\/uploads\/2022\/04\/DSC_0250_m-768x510.jpg 768w\" sizes=\"(max-width: 1024px) 100vw, 1024px\" \/><\/figure>\n\n\n\n<figure class=\"wp-block-image size-large\"><img loading=\"lazy\" decoding=\"async\" width=\"1024\" height=\"680\" data-id=\"19904\" src=\"https:\/\/5lo.lublin.pl\/wp-content\/uploads\/2022\/04\/DSC_0252_m.jpg\" alt=\"\" class=\"wp-image-19904\" srcset=\"https:\/\/5lo.lublin.pl\/wp-content\/uploads\/2022\/04\/DSC_0252_m.jpg 1024w, https:\/\/5lo.lublin.pl\/wp-content\/uploads\/2022\/04\/DSC_0252_m-300x199.jpg 300w, https:\/\/5lo.lublin.pl\/wp-content\/uploads\/2022\/04\/DSC_0252_m-768x510.jpg 768w\" sizes=\"(max-width: 1024px) 100vw, 1024px\" \/><\/figure>\n\n\n\n<figure class=\"wp-block-image size-large\"><img loading=\"lazy\" decoding=\"async\" width=\"1024\" height=\"680\" data-id=\"19910\" src=\"https:\/\/5lo.lublin.pl\/wp-content\/uploads\/2022\/04\/DSC_0254_m.jpg\" alt=\"\" class=\"wp-image-19910\" srcset=\"https:\/\/5lo.lublin.pl\/wp-content\/uploads\/2022\/04\/DSC_0254_m.jpg 1024w, https:\/\/5lo.lublin.pl\/wp-content\/uploads\/2022\/04\/DSC_0254_m-300x199.jpg 300w, https:\/\/5lo.lublin.pl\/wp-content\/uploads\/2022\/04\/DSC_0254_m-768x510.jpg 768w\" sizes=\"(max-width: 1024px) 100vw, 1024px\" \/><\/figure>\n\n\n\n<figure class=\"wp-block-image size-large\"><img loading=\"lazy\" decoding=\"async\" width=\"1024\" height=\"680\" data-id=\"19908\" src=\"https:\/\/5lo.lublin.pl\/wp-content\/uploads\/2022\/04\/DSC_0255_m.jpg\" alt=\"\" class=\"wp-image-19908\" srcset=\"https:\/\/5lo.lublin.pl\/wp-content\/uploads\/2022\/04\/DSC_0255_m.jpg 1024w, https:\/\/5lo.lublin.pl\/wp-content\/uploads\/2022\/04\/DSC_0255_m-300x199.jpg 300w, https:\/\/5lo.lublin.pl\/wp-content\/uploads\/2022\/04\/DSC_0255_m-768x510.jpg 768w\" sizes=\"(max-width: 1024px) 100vw, 1024px\" \/><\/figure>\n\n\n\n<figure class=\"wp-block-image size-large\"><img loading=\"lazy\" decoding=\"async\" width=\"1024\" height=\"680\" data-id=\"19905\" src=\"https:\/\/5lo.lublin.pl\/wp-content\/uploads\/2022\/04\/DSC_0256_m.jpg\" alt=\"\" class=\"wp-image-19905\" srcset=\"https:\/\/5lo.lublin.pl\/wp-content\/uploads\/2022\/04\/DSC_0256_m.jpg 1024w, https:\/\/5lo.lublin.pl\/wp-content\/uploads\/2022\/04\/DSC_0256_m-300x199.jpg 300w, https:\/\/5lo.lublin.pl\/wp-content\/uploads\/2022\/04\/DSC_0256_m-768x510.jpg 768w\" sizes=\"(max-width: 1024px) 100vw, 1024px\" \/><\/figure>\n\n\n\n<figure class=\"wp-block-image size-large\"><img loading=\"lazy\" decoding=\"async\" width=\"1024\" height=\"680\" data-id=\"19906\" src=\"https:\/\/5lo.lublin.pl\/wp-content\/uploads\/2022\/04\/DSC_0257_m.jpg\" alt=\"\" class=\"wp-image-19906\" srcset=\"https:\/\/5lo.lublin.pl\/wp-content\/uploads\/2022\/04\/DSC_0257_m.jpg 1024w, https:\/\/5lo.lublin.pl\/wp-content\/uploads\/2022\/04\/DSC_0257_m-300x199.jpg 300w, https:\/\/5lo.lublin.pl\/wp-content\/uploads\/2022\/04\/DSC_0257_m-768x510.jpg 768w\" sizes=\"(max-width: 1024px) 100vw, 1024px\" \/><\/figure>\n\n\n\n<figure class=\"wp-block-image size-large\"><img loading=\"lazy\" decoding=\"async\" width=\"1024\" height=\"680\" data-id=\"19907\" src=\"https:\/\/5lo.lublin.pl\/wp-content\/uploads\/2022\/04\/DSC_0258_m.jpg\" alt=\"\" class=\"wp-image-19907\" srcset=\"https:\/\/5lo.lublin.pl\/wp-content\/uploads\/2022\/04\/DSC_0258_m.jpg 1024w, https:\/\/5lo.lublin.pl\/wp-content\/uploads\/2022\/04\/DSC_0258_m-300x199.jpg 300w, https:\/\/5lo.lublin.pl\/wp-content\/uploads\/2022\/04\/DSC_0258_m-768x510.jpg 768w\" sizes=\"(max-width: 1024px) 100vw, 1024px\" \/><\/figure>\n\n\n\n<figure class=\"wp-block-image size-large\"><img loading=\"lazy\" decoding=\"async\" width=\"1024\" height=\"680\" data-id=\"19909\" src=\"https:\/\/5lo.lublin.pl\/wp-content\/uploads\/2022\/04\/DSC_0262_m.jpg\" alt=\"\" class=\"wp-image-19909\" srcset=\"https:\/\/5lo.lublin.pl\/wp-content\/uploads\/2022\/04\/DSC_0262_m.jpg 1024w, https:\/\/5lo.lublin.pl\/wp-content\/uploads\/2022\/04\/DSC_0262_m-300x199.jpg 300w, https:\/\/5lo.lublin.pl\/wp-content\/uploads\/2022\/04\/DSC_0262_m-768x510.jpg 768w\" sizes=\"(max-width: 1024px) 100vw, 1024px\" \/><\/figure>\n\n\n\n<figure class=\"wp-block-image size-large\"><img loading=\"lazy\" decoding=\"async\" width=\"1024\" height=\"680\" data-id=\"19911\" src=\"https:\/\/5lo.lublin.pl\/wp-content\/uploads\/2022\/04\/DSC_0265_m.jpg\" alt=\"\" class=\"wp-image-19911\" srcset=\"https:\/\/5lo.lublin.pl\/wp-content\/uploads\/2022\/04\/DSC_0265_m.jpg 1024w, https:\/\/5lo.lublin.pl\/wp-content\/uploads\/2022\/04\/DSC_0265_m-300x199.jpg 300w, https:\/\/5lo.lublin.pl\/wp-content\/uploads\/2022\/04\/DSC_0265_m-768x510.jpg 768w\" sizes=\"(max-width: 1024px) 100vw, 1024px\" \/><\/figure>\n\n\n\n<figure class=\"wp-block-image size-large\"><img loading=\"lazy\" decoding=\"async\" width=\"1024\" height=\"680\" data-id=\"19912\" src=\"https:\/\/5lo.lublin.pl\/wp-content\/uploads\/2022\/04\/DSC_0270_m.jpg\" alt=\"\" class=\"wp-image-19912\" srcset=\"https:\/\/5lo.lublin.pl\/wp-content\/uploads\/2022\/04\/DSC_0270_m.jpg 1024w, https:\/\/5lo.lublin.pl\/wp-content\/uploads\/2022\/04\/DSC_0270_m-300x199.jpg 300w, https:\/\/5lo.lublin.pl\/wp-content\/uploads\/2022\/04\/DSC_0270_m-768x510.jpg 768w\" sizes=\"(max-width: 1024px) 100vw, 1024px\" \/><\/figure>\n\n\n\n<figure class=\"wp-block-image size-large\"><img loading=\"lazy\" decoding=\"async\" width=\"1024\" height=\"680\" data-id=\"19913\" src=\"https:\/\/5lo.lublin.pl\/wp-content\/uploads\/2022\/04\/DSC_0272_m.jpg\" alt=\"\" class=\"wp-image-19913\" srcset=\"https:\/\/5lo.lublin.pl\/wp-content\/uploads\/2022\/04\/DSC_0272_m.jpg 1024w, https:\/\/5lo.lublin.pl\/wp-content\/uploads\/2022\/04\/DSC_0272_m-300x199.jpg 300w, https:\/\/5lo.lublin.pl\/wp-content\/uploads\/2022\/04\/DSC_0272_m-768x510.jpg 768w\" sizes=\"(max-width: 1024px) 100vw, 1024px\" \/><\/figure>\n\n\n\n<figure class=\"wp-block-image size-large\"><img loading=\"lazy\" decoding=\"async\" width=\"1024\" height=\"680\" data-id=\"19914\" src=\"https:\/\/5lo.lublin.pl\/wp-content\/uploads\/2022\/04\/DSC_0276_m.jpg\" alt=\"\" class=\"wp-image-19914\" srcset=\"https:\/\/5lo.lublin.pl\/wp-content\/uploads\/2022\/04\/DSC_0276_m.jpg 1024w, https:\/\/5lo.lublin.pl\/wp-content\/uploads\/2022\/04\/DSC_0276_m-300x199.jpg 300w, https:\/\/5lo.lublin.pl\/wp-content\/uploads\/2022\/04\/DSC_0276_m-768x510.jpg 768w\" sizes=\"(max-width: 1024px) 100vw, 1024px\" \/><\/figure>\n\n\n\n<figure class=\"wp-block-image size-large\"><img loading=\"lazy\" decoding=\"async\" width=\"1024\" height=\"680\" data-id=\"19915\" src=\"https:\/\/5lo.lublin.pl\/wp-content\/uploads\/2022\/04\/DSC_0282_m.jpg\" alt=\"\" class=\"wp-image-19915\" srcset=\"https:\/\/5lo.lublin.pl\/wp-content\/uploads\/2022\/04\/DSC_0282_m.jpg 1024w, https:\/\/5lo.lublin.pl\/wp-content\/uploads\/2022\/04\/DSC_0282_m-300x199.jpg 300w, https:\/\/5lo.lublin.pl\/wp-content\/uploads\/2022\/04\/DSC_0282_m-768x510.jpg 768w\" sizes=\"(max-width: 1024px) 100vw, 1024px\" \/><\/figure>\n\n\n\n<figure class=\"wp-block-image size-large\"><img loading=\"lazy\" decoding=\"async\" width=\"1024\" height=\"680\" data-id=\"19916\" src=\"https:\/\/5lo.lublin.pl\/wp-content\/uploads\/2022\/04\/DSC_0287_m.jpg\" alt=\"\" class=\"wp-image-19916\" srcset=\"https:\/\/5lo.lublin.pl\/wp-content\/uploads\/2022\/04\/DSC_0287_m.jpg 1024w, https:\/\/5lo.lublin.pl\/wp-content\/uploads\/2022\/04\/DSC_0287_m-300x199.jpg 300w, https:\/\/5lo.lublin.pl\/wp-content\/uploads\/2022\/04\/DSC_0287_m-768x510.jpg 768w\" sizes=\"(max-width: 1024px) 100vw, 1024px\" \/><\/figure>\n\n\n\n<figure class=\"wp-block-image size-large\"><img loading=\"lazy\" decoding=\"async\" width=\"1024\" height=\"680\" data-id=\"19918\" src=\"https:\/\/5lo.lublin.pl\/wp-content\/uploads\/2022\/04\/DSC_0289_m.jpg\" alt=\"\" class=\"wp-image-19918\" srcset=\"https:\/\/5lo.lublin.pl\/wp-content\/uploads\/2022\/04\/DSC_0289_m.jpg 1024w, https:\/\/5lo.lublin.pl\/wp-content\/uploads\/2022\/04\/DSC_0289_m-300x199.jpg 300w, https:\/\/5lo.lublin.pl\/wp-content\/uploads\/2022\/04\/DSC_0289_m-768x510.jpg 768w\" sizes=\"(max-width: 1024px) 100vw, 1024px\" \/><\/figure>\n\n\n\n<figure class=\"wp-block-image size-large\"><img loading=\"lazy\" decoding=\"async\" width=\"1024\" height=\"680\" data-id=\"19917\" src=\"https:\/\/5lo.lublin.pl\/wp-content\/uploads\/2022\/04\/DSC_0294_m.jpg\" alt=\"\" class=\"wp-image-19917\" srcset=\"https:\/\/5lo.lublin.pl\/wp-content\/uploads\/2022\/04\/DSC_0294_m.jpg 1024w, https:\/\/5lo.lublin.pl\/wp-content\/uploads\/2022\/04\/DSC_0294_m-300x199.jpg 300w, https:\/\/5lo.lublin.pl\/wp-content\/uploads\/2022\/04\/DSC_0294_m-768x510.jpg 768w\" sizes=\"(max-width: 1024px) 100vw, 1024px\" \/><\/figure>\n\n\n\n<figure class=\"wp-block-image size-large\"><img loading=\"lazy\" decoding=\"async\" width=\"1024\" height=\"680\" data-id=\"19919\" src=\"https:\/\/5lo.lublin.pl\/wp-content\/uploads\/2022\/04\/DSC_0299_m.jpg\" alt=\"\" class=\"wp-image-19919\" srcset=\"https:\/\/5lo.lublin.pl\/wp-content\/uploads\/2022\/04\/DSC_0299_m.jpg 1024w, https:\/\/5lo.lublin.pl\/wp-content\/uploads\/2022\/04\/DSC_0299_m-300x199.jpg 300w, https:\/\/5lo.lublin.pl\/wp-content\/uploads\/2022\/04\/DSC_0299_m-768x510.jpg 768w\" sizes=\"(max-width: 1024px) 100vw, 1024px\" \/><\/figure>\n\n\n\n<figure class=\"wp-block-image size-large\"><img loading=\"lazy\" decoding=\"async\" width=\"1024\" height=\"680\" data-id=\"19920\" src=\"https:\/\/5lo.lublin.pl\/wp-content\/uploads\/2022\/04\/DSC_0300_m.jpg\" alt=\"\" class=\"wp-image-19920\" srcset=\"https:\/\/5lo.lublin.pl\/wp-content\/uploads\/2022\/04\/DSC_0300_m.jpg 1024w, https:\/\/5lo.lublin.pl\/wp-content\/uploads\/2022\/04\/DSC_0300_m-300x199.jpg 300w, https:\/\/5lo.lublin.pl\/wp-content\/uploads\/2022\/04\/DSC_0300_m-768x510.jpg 768w\" sizes=\"(max-width: 1024px) 100vw, 1024px\" \/><\/figure>\n\n\n\n<figure class=\"wp-block-image size-large\"><img loading=\"lazy\" decoding=\"async\" width=\"1024\" height=\"680\" data-id=\"19921\" src=\"https:\/\/5lo.lublin.pl\/wp-content\/uploads\/2022\/04\/DSC_0301_m.jpg\" alt=\"\" class=\"wp-image-19921\" srcset=\"https:\/\/5lo.lublin.pl\/wp-content\/uploads\/2022\/04\/DSC_0301_m.jpg 1024w, https:\/\/5lo.lublin.pl\/wp-content\/uploads\/2022\/04\/DSC_0301_m-300x199.jpg 300w, https:\/\/5lo.lublin.pl\/wp-content\/uploads\/2022\/04\/DSC_0301_m-768x510.jpg 768w\" sizes=\"(max-width: 1024px) 100vw, 1024px\" \/><\/figure>\n\n\n\n<figure class=\"wp-block-image size-large\"><img loading=\"lazy\" decoding=\"async\" width=\"1024\" height=\"680\" data-id=\"19922\" src=\"https:\/\/5lo.lublin.pl\/wp-content\/uploads\/2022\/04\/DSC_0302_m.jpg\" alt=\"\" class=\"wp-image-19922\" srcset=\"https:\/\/5lo.lublin.pl\/wp-content\/uploads\/2022\/04\/DSC_0302_m.jpg 1024w, https:\/\/5lo.lublin.pl\/wp-content\/uploads\/2022\/04\/DSC_0302_m-300x199.jpg 300w, https:\/\/5lo.lublin.pl\/wp-content\/uploads\/2022\/04\/DSC_0302_m-768x510.jpg 768w\" sizes=\"(max-width: 1024px) 100vw, 1024px\" \/><\/figure>\n\n\n\n<figure class=\"wp-block-image size-large\"><img loading=\"lazy\" decoding=\"async\" width=\"1024\" height=\"680\" data-id=\"19924\" src=\"https:\/\/5lo.lublin.pl\/wp-content\/uploads\/2022\/04\/DSC_0305_m.jpg\" alt=\"\" class=\"wp-image-19924\" srcset=\"https:\/\/5lo.lublin.pl\/wp-content\/uploads\/2022\/04\/DSC_0305_m.jpg 1024w, https:\/\/5lo.lublin.pl\/wp-content\/uploads\/2022\/04\/DSC_0305_m-300x199.jpg 300w, https:\/\/5lo.lublin.pl\/wp-content\/uploads\/2022\/04\/DSC_0305_m-768x510.jpg 768w\" sizes=\"(max-width: 1024px) 100vw, 1024px\" \/><\/figure>\n\n\n\n<figure class=\"wp-block-image size-large\"><img loading=\"lazy\" decoding=\"async\" width=\"1024\" height=\"680\" data-id=\"19923\" src=\"https:\/\/5lo.lublin.pl\/wp-content\/uploads\/2022\/04\/DSC_0306_m.jpg\" alt=\"\" class=\"wp-image-19923\" srcset=\"https:\/\/5lo.lublin.pl\/wp-content\/uploads\/2022\/04\/DSC_0306_m.jpg 1024w, https:\/\/5lo.lublin.pl\/wp-content\/uploads\/2022\/04\/DSC_0306_m-300x199.jpg 300w, https:\/\/5lo.lublin.pl\/wp-content\/uploads\/2022\/04\/DSC_0306_m-768x510.jpg 768w\" sizes=\"(max-width: 1024px) 100vw, 1024px\" \/><\/figure>\n\n\n\n<figure class=\"wp-block-image size-large\"><img loading=\"lazy\" decoding=\"async\" width=\"1024\" height=\"680\" data-id=\"19925\" src=\"https:\/\/5lo.lublin.pl\/wp-content\/uploads\/2022\/04\/DSC_0309_m.jpg\" alt=\"\" class=\"wp-image-19925\" srcset=\"https:\/\/5lo.lublin.pl\/wp-content\/uploads\/2022\/04\/DSC_0309_m.jpg 1024w, https:\/\/5lo.lublin.pl\/wp-content\/uploads\/2022\/04\/DSC_0309_m-300x199.jpg 300w, https:\/\/5lo.lublin.pl\/wp-content\/uploads\/2022\/04\/DSC_0309_m-768x510.jpg 768w\" sizes=\"(max-width: 1024px) 100vw, 1024px\" \/><\/figure>\n\n\n\n<figure class=\"wp-block-image size-large\"><img loading=\"lazy\" decoding=\"async\" width=\"1024\" height=\"680\" data-id=\"19927\" src=\"https:\/\/5lo.lublin.pl\/wp-content\/uploads\/2022\/04\/DSC_0310_m.jpg\" alt=\"\" class=\"wp-image-19927\" srcset=\"https:\/\/5lo.lublin.pl\/wp-content\/uploads\/2022\/04\/DSC_0310_m.jpg 1024w, https:\/\/5lo.lublin.pl\/wp-content\/uploads\/2022\/04\/DSC_0310_m-300x199.jpg 300w, https:\/\/5lo.lublin.pl\/wp-content\/uploads\/2022\/04\/DSC_0310_m-768x510.jpg 768w\" sizes=\"(max-width: 1024px) 100vw, 1024px\" \/><\/figure>\n\n\n\n<figure class=\"wp-block-image size-large\"><img loading=\"lazy\" decoding=\"async\" width=\"1024\" height=\"680\" data-id=\"19926\" src=\"https:\/\/5lo.lublin.pl\/wp-content\/uploads\/2022\/04\/DSC_0322_m.jpg\" alt=\"\" class=\"wp-image-19926\" srcset=\"https:\/\/5lo.lublin.pl\/wp-content\/uploads\/2022\/04\/DSC_0322_m.jpg 1024w, https:\/\/5lo.lublin.pl\/wp-content\/uploads\/2022\/04\/DSC_0322_m-300x199.jpg 300w, https:\/\/5lo.lublin.pl\/wp-content\/uploads\/2022\/04\/DSC_0322_m-768x510.jpg 768w\" sizes=\"(max-width: 1024px) 100vw, 1024px\" \/><\/figure>\n\n\n\n<figure class=\"wp-block-image size-large\"><img loading=\"lazy\" decoding=\"async\" width=\"1024\" height=\"680\" data-id=\"19928\" src=\"https:\/\/5lo.lublin.pl\/wp-content\/uploads\/2022\/04\/DSC_0332_m.jpg\" alt=\"\" class=\"wp-image-19928\" srcset=\"https:\/\/5lo.lublin.pl\/wp-content\/uploads\/2022\/04\/DSC_0332_m.jpg 1024w, https:\/\/5lo.lublin.pl\/wp-content\/uploads\/2022\/04\/DSC_0332_m-300x199.jpg 300w, https:\/\/5lo.lublin.pl\/wp-content\/uploads\/2022\/04\/DSC_0332_m-768x510.jpg 768w\" sizes=\"(max-width: 1024px) 100vw, 1024px\" \/><\/figure>\n<\/figure>\n","protected":false},"excerpt":{"rendered":"<p>Dzi\u015b w naszym liceum odby\u0142 si\u0119 konkurs ,,Talent na V\u201d. Uczniowie mieli okazj\u0119 zaprezentowa\u0107 swoje zdolno\u015bci artystyczne przed nauczycielami, kole\u017cankami i kolegami z innych klas. Publiczno\u015b\u0107 wskaza\u0142a swojego faworyta, przyznaj\u0105c mu specjaln\u0105 nagrod\u0119, kt\u00f3rej laureatem zosta\u0142 Krzysztof Jurkiewicz z klasy 3B. Po burzliwych naradach jury konkursu doceni\u0142o tak\u017ce najlepszy wed\u0142ug nich wyst\u0119p w wykonaniu Ma\u0142gorzaty [&hellip;]<\/p>\n","protected":false},"author":29,"featured_media":19929,"comment_status":"closed","ping_status":"open","sticky":false,"template":"","format":"standard","meta":{"footnotes":""},"categories":[365,133],"tags":[],"_links":{"self":[{"href":"https:\/\/5lo.lublin.pl\/index.php?rest_route=\/wp\/v2\/posts\/19890"}],"collection":[{"href":"https:\/\/5lo.lublin.pl\/index.php?rest_route=\/wp\/v2\/posts"}],"about":[{"href":"https:\/\/5lo.lublin.pl\/index.php?rest_route=\/wp\/v2\/types\/post"}],"author":[{"embeddable":true,"href":"https:\/\/5lo.lublin.pl\/index.php?rest_route=\/wp\/v2\/users\/29"}],"replies":[{"embeddable":true,"href":"https:\/\/5lo.lublin.pl\/index.php?rest_route=%2Fwp%2Fv2%2Fcomments&post=19890"}],"version-history":[{"count":1,"href":"https:\/\/5lo.lublin.pl\/index.php?rest_route=\/wp\/v2\/posts\/19890\/revisions"}],"predecessor-version":[{"id":19930,"href":"https:\/\/5lo.lublin.pl\/index.php?rest_route=\/wp\/v2\/posts\/19890\/revisions\/19930"}],"wp:featuredmedia":[{"embeddable":true,"href":"https:\/\/5lo.lublin.pl\/index.php?rest_route=\/wp\/v2\/media\/19929"}],"wp:attachment":[{"href":"https:\/\/5lo.lublin.pl\/index.php?rest_route=%2Fwp%2Fv2%2Fmedia&parent=19890"}],"wp:term":[{"taxonomy":"category","embeddable":true,"href":"https:\/\/5lo.lublin.pl\/index.php?rest_route=%2Fwp%2Fv2%2Fcategories&post=19890"},{"taxonomy":"post_tag","embeddable":true,"href":"https:\/\/5lo.lublin.pl\/index.php?rest_route=%2Fwp%2Fv2%2Ftags&post=19890"}],"curies":[{"name":"wp","href":"https:\/\/api.w.org\/{rel}","templated":true}]}}