{"id":19817,"date":"2022-04-24T12:49:10","date_gmt":"2022-04-24T12:49:10","guid":{"rendered":"https:\/\/5lo.lublin.pl\/?p=19817"},"modified":"2022-04-24T12:49:12","modified_gmt":"2022-04-24T12:49:12","slug":"17-marca-obchodzilismy-dzien-sw-patryka","status":"publish","type":"post","link":"https:\/\/5lo.lublin.pl\/?p=19817","title":{"rendered":"17 marca obchodzili\u015bmy Dzie\u0144 \u015bw. Patryka"},"content":{"rendered":"\n<p>17 marca obchodzili\u015bmy Dzie\u0144 \u015bw. Patryka w V LO. <\/p>\n\n\n\n<p>Na korytarzu powsta\u0142a fotobudka, w kt\u00f3rej mo\u017cna by\u0142o zrobi\u0107 sobie ciekaw\u0105 fotografi\u0119. Plakaty i inne dekoracje w wiosennym, zielonym kolorze kojarzonym z symbolem Irlandii pojawi\u0142y si\u0119 na \u015bcianach. <\/p>\n\n\n\n<figure class=\"wp-block-gallery has-nested-images columns-default is-cropped wp-block-gallery-1 is-layout-flex wp-block-gallery-is-layout-flex\">\n<figure class=\"wp-block-image size-large\"><img loading=\"lazy\" decoding=\"async\" width=\"1024\" height=\"768\" data-id=\"19821\" src=\"https:\/\/5lo.lublin.pl\/wp-content\/uploads\/2022\/04\/20220317_133724_m.jpg\" alt=\"\" class=\"wp-image-19821\" srcset=\"https:\/\/5lo.lublin.pl\/wp-content\/uploads\/2022\/04\/20220317_133724_m.jpg 1024w, https:\/\/5lo.lublin.pl\/wp-content\/uploads\/2022\/04\/20220317_133724_m-300x225.jpg 300w, https:\/\/5lo.lublin.pl\/wp-content\/uploads\/2022\/04\/20220317_133724_m-768x576.jpg 768w\" sizes=\"(max-width: 1024px) 100vw, 1024px\" \/><\/figure>\n\n\n\n<figure class=\"wp-block-image size-large\"><img loading=\"lazy\" decoding=\"async\" width=\"768\" height=\"1024\" data-id=\"19822\" src=\"https:\/\/5lo.lublin.pl\/wp-content\/uploads\/2022\/04\/20220317_133812_m.jpg\" alt=\"\" class=\"wp-image-19822\" srcset=\"https:\/\/5lo.lublin.pl\/wp-content\/uploads\/2022\/04\/20220317_133812_m.jpg 768w, https:\/\/5lo.lublin.pl\/wp-content\/uploads\/2022\/04\/20220317_133812_m-225x300.jpg 225w\" sizes=\"(max-width: 768px) 100vw, 768px\" \/><\/figure>\n\n\n\n<figure class=\"wp-block-image size-large\"><img loading=\"lazy\" decoding=\"async\" width=\"768\" height=\"1024\" data-id=\"19823\" src=\"https:\/\/5lo.lublin.pl\/wp-content\/uploads\/2022\/04\/20220318_135504_m.jpg\" alt=\"\" class=\"wp-image-19823\" srcset=\"https:\/\/5lo.lublin.pl\/wp-content\/uploads\/2022\/04\/20220318_135504_m.jpg 768w, https:\/\/5lo.lublin.pl\/wp-content\/uploads\/2022\/04\/20220318_135504_m-225x300.jpg 225w\" sizes=\"(max-width: 768px) 100vw, 768px\" \/><\/figure>\n\n\n\n<figure class=\"wp-block-image size-large\"><img loading=\"lazy\" decoding=\"async\" width=\"1024\" height=\"576\" data-id=\"19818\" src=\"https:\/\/5lo.lublin.pl\/wp-content\/uploads\/2022\/04\/img_20220322_114708_1_m.jpg\" alt=\"\" class=\"wp-image-19818\" srcset=\"https:\/\/5lo.lublin.pl\/wp-content\/uploads\/2022\/04\/img_20220322_114708_1_m.jpg 1024w, https:\/\/5lo.lublin.pl\/wp-content\/uploads\/2022\/04\/img_20220322_114708_1_m-300x169.jpg 300w, https:\/\/5lo.lublin.pl\/wp-content\/uploads\/2022\/04\/img_20220322_114708_1_m-768x432.jpg 768w\" sizes=\"(max-width: 1024px) 100vw, 1024px\" \/><\/figure>\n\n\n\n<figure class=\"wp-block-image size-large\"><img loading=\"lazy\" decoding=\"async\" width=\"576\" height=\"1024\" data-id=\"19819\" src=\"https:\/\/5lo.lublin.pl\/wp-content\/uploads\/2022\/04\/img_20220322_114714_1_m.jpg\" alt=\"\" class=\"wp-image-19819\" srcset=\"https:\/\/5lo.lublin.pl\/wp-content\/uploads\/2022\/04\/img_20220322_114714_1_m.jpg 576w, https:\/\/5lo.lublin.pl\/wp-content\/uploads\/2022\/04\/img_20220322_114714_1_m-169x300.jpg 169w\" sizes=\"(max-width: 576px) 100vw, 576px\" \/><\/figure>\n<\/figure>\n\n\n\n<p>Przygotowali\u015bmy r\u00f3wnie\u017c dyktando dla uczni\u00f3w klas pierwszych, we wsp\u00f3\u0142pracy z pracownikiem Katedry Lingwistyki Stosowanej UMCS, panem Konradem Szulg\u0105. Poni\u017cej kilka zdj\u0119\u0107 z tego dnia.<br \/>Odpowiedzialni za to \u015bwi\u0119to byli nauczyciele angielskiego oraz UNESCO. (Ewa Post\u0119pska-Pi\u0142at, Ewa Matraszek, i inni)<\/p>\n","protected":false},"excerpt":{"rendered":"<p>17 marca obchodzili\u015bmy Dzie\u0144 \u015bw. Patryka w V LO. Na korytarzu powsta\u0142a fotobudka, w kt\u00f3rej mo\u017cna by\u0142o zrobi\u0107 sobie ciekaw\u0105 fotografi\u0119. Plakaty i inne dekoracje w wiosennym, zielonym kolorze kojarzonym z symbolem Irlandii pojawi\u0142y si\u0119 na \u015bcianach. Przygotowali\u015bmy r\u00f3wnie\u017c dyktando dla uczni\u00f3w klas pierwszych, we wsp\u00f3\u0142pracy z pracownikiem Katedry Lingwistyki Stosowanej UMCS, panem Konradem Szulg\u0105. [&hellip;]<\/p>\n","protected":false},"author":29,"featured_media":19824,"comment_status":"closed","ping_status":"open","sticky":false,"template":"","format":"standard","meta":{"footnotes":""},"categories":[135,133],"tags":[],"_links":{"self":[{"href":"https:\/\/5lo.lublin.pl\/index.php?rest_route=\/wp\/v2\/posts\/19817"}],"collection":[{"href":"https:\/\/5lo.lublin.pl\/index.php?rest_route=\/wp\/v2\/posts"}],"about":[{"href":"https:\/\/5lo.lublin.pl\/index.php?rest_route=\/wp\/v2\/types\/post"}],"author":[{"embeddable":true,"href":"https:\/\/5lo.lublin.pl\/index.php?rest_route=\/wp\/v2\/users\/29"}],"replies":[{"embeddable":true,"href":"https:\/\/5lo.lublin.pl\/index.php?rest_route=%2Fwp%2Fv2%2Fcomments&post=19817"}],"version-history":[{"count":1,"href":"https:\/\/5lo.lublin.pl\/index.php?rest_route=\/wp\/v2\/posts\/19817\/revisions"}],"predecessor-version":[{"id":19825,"href":"https:\/\/5lo.lublin.pl\/index.php?rest_route=\/wp\/v2\/posts\/19817\/revisions\/19825"}],"wp:featuredmedia":[{"embeddable":true,"href":"https:\/\/5lo.lublin.pl\/index.php?rest_route=\/wp\/v2\/media\/19824"}],"wp:attachment":[{"href":"https:\/\/5lo.lublin.pl\/index.php?rest_route=%2Fwp%2Fv2%2Fmedia&parent=19817"}],"wp:term":[{"taxonomy":"category","embeddable":true,"href":"https:\/\/5lo.lublin.pl\/index.php?rest_route=%2Fwp%2Fv2%2Fcategories&post=19817"},{"taxonomy":"post_tag","embeddable":true,"href":"https:\/\/5lo.lublin.pl\/index.php?rest_route=%2Fwp%2Fv2%2Ftags&post=19817"}],"curies":[{"name":"wp","href":"https:\/\/api.w.org\/{rel}","templated":true}]}}