{"id":19809,"date":"2022-04-14T18:03:43","date_gmt":"2022-04-14T18:03:43","guid":{"rendered":"https:\/\/5lo.lublin.pl\/?p=19809"},"modified":"2022-04-14T18:07:23","modified_gmt":"2022-04-14T18:07:23","slug":"zyczenia-wielkanocne","status":"publish","type":"post","link":"https:\/\/5lo.lublin.pl\/?p=19809","title":{"rendered":"\u017byczenia Wielkanocne"},"content":{"rendered":"\n<p>Wielkanoc to czas otuchy i nadziei. Czas odradzania si\u0119 wiary w si\u0142\u0119 Chrystusa i drugiego cz\u0142owieka. W imieniu Spo\u0142eczno\u015bci Szkolnej V Liceum Og\u00f3lnokszta\u0142c\u0105cego im. Marii Sk\u0142odowskiej-Curie \u017cyczymy Wam, aby \u015awi\u0119ta Wielkanocne przynios\u0142y rado\u015b\u0107 oraz wzajemn\u0105 \u017cyczliwo\u015b\u0107. By sta\u0142y si\u0119 \u017ar\u00f3d\u0142em wzmacniania ducha. Niech przes\u0142anie Wielkiej Nocy trwa w nas jak najd\u0142u\u017cej i pozwala t\u0105 rado\u015bci\u0105 cieszy\u0107 si\u0119 z innymi.<\/p>\n","protected":false},"excerpt":{"rendered":"<p>Wielkanoc to czas otuchy i nadziei. Czas odradzania si\u0119 wiary w si\u0142\u0119 Chrystusa i drugiego cz\u0142owieka. W imieniu Spo\u0142eczno\u015bci Szkolnej V Liceum Og\u00f3lnokszta\u0142c\u0105cego im. Marii Sk\u0142odowskiej-Curie \u017cyczymy Wam, aby \u015awi\u0119ta Wielkanocne przynios\u0142y rado\u015b\u0107 oraz wzajemn\u0105 \u017cyczliwo\u015b\u0107. By sta\u0142y si\u0119 \u017ar\u00f3d\u0142em wzmacniania ducha. Niech przes\u0142anie Wielkiej Nocy trwa w nas jak najd\u0142u\u017cej i pozwala t\u0105 rado\u015bci\u0105 [&hellip;]<\/p>\n","protected":false},"author":23,"featured_media":19810,"comment_status":"closed","ping_status":"open","sticky":false,"template":"","format":"standard","meta":{"footnotes":""},"categories":[1,133],"tags":[],"_links":{"self":[{"href":"https:\/\/5lo.lublin.pl\/index.php?rest_route=\/wp\/v2\/posts\/19809"}],"collection":[{"href":"https:\/\/5lo.lublin.pl\/index.php?rest_route=\/wp\/v2\/posts"}],"about":[{"href":"https:\/\/5lo.lublin.pl\/index.php?rest_route=\/wp\/v2\/types\/post"}],"author":[{"embeddable":true,"href":"https:\/\/5lo.lublin.pl\/index.php?rest_route=\/wp\/v2\/users\/23"}],"replies":[{"embeddable":true,"href":"https:\/\/5lo.lublin.pl\/index.php?rest_route=%2Fwp%2Fv2%2Fcomments&post=19809"}],"version-history":[{"count":1,"href":"https:\/\/5lo.lublin.pl\/index.php?rest_route=\/wp\/v2\/posts\/19809\/revisions"}],"predecessor-version":[{"id":19813,"href":"https:\/\/5lo.lublin.pl\/index.php?rest_route=\/wp\/v2\/posts\/19809\/revisions\/19813"}],"wp:featuredmedia":[{"embeddable":true,"href":"https:\/\/5lo.lublin.pl\/index.php?rest_route=\/wp\/v2\/media\/19810"}],"wp:attachment":[{"href":"https:\/\/5lo.lublin.pl\/index.php?rest_route=%2Fwp%2Fv2%2Fmedia&parent=19809"}],"wp:term":[{"taxonomy":"category","embeddable":true,"href":"https:\/\/5lo.lublin.pl\/index.php?rest_route=%2Fwp%2Fv2%2Fcategories&post=19809"},{"taxonomy":"post_tag","embeddable":true,"href":"https:\/\/5lo.lublin.pl\/index.php?rest_route=%2Fwp%2Fv2%2Ftags&post=19809"}],"curies":[{"name":"wp","href":"https:\/\/api.w.org\/{rel}","templated":true}]}}