{"id":19805,"date":"2022-04-13T21:53:27","date_gmt":"2022-04-13T21:53:27","guid":{"rendered":"https:\/\/5lo.lublin.pl\/?p=19805"},"modified":"2022-04-13T21:53:31","modified_gmt":"2022-04-13T21:53:31","slug":"obchody-swieta-chrztu-polski","status":"publish","type":"post","link":"https:\/\/5lo.lublin.pl\/?p=19805","title":{"rendered":"Obchody \u015awi\u0119ta Chrztu Polski"},"content":{"rendered":"\n<p><strong>W najbli\u017cszy czwartek (14 kwietnia)<\/strong> przypada<strong> \u015awi\u0119to Chrztu Polski<\/strong>. W tym dniu, w Lublinie odb\u0119d\u0105 si\u0119 uroczysto\u015bci upami\u0119tniaj\u0105ce to wydarzenie.<\/p>\n\n\n\n<p>Obchody rozpoczn\u0105 si\u0119 <strong>o godz. 10.00 Msz\u0105 \u015bw. w Archikatedrze Lubelskiej<\/strong>. Nast\u0119pnie, <strong>o godz. 11.15<\/strong> przedstawiciele Miasta Lublin, Wojew\u00f3dztwa Lubelskiego oraz delegacje instytucji <strong>z\u0142o\u017c\u0105 kwiaty pod Krzy\u017cem Misyjnym<\/strong> na Placu Katedralnym.<\/p>\n\n\n\n<p>Ponadto w dniu <strong>21 kwietnia<\/strong>, o godz.11.00, w Sali B\u0142\u0119kitnej Lubelskiego Urz\u0119du Wojew\u00f3dzkiego odb\u0119dzie si\u0119 <strong>konferencja naukowa pt. Chrzest Polski i jego znaczenie w dziejach Narodu Polskiego<\/strong>.<\/p>\n","protected":false},"excerpt":{"rendered":"<p>W najbli\u017cszy czwartek (14 kwietnia) przypada \u015awi\u0119to Chrztu Polski. W tym dniu, w Lublinie odb\u0119d\u0105 si\u0119 uroczysto\u015bci upami\u0119tniaj\u0105ce to wydarzenie. Obchody rozpoczn\u0105 si\u0119 o godz. 10.00 Msz\u0105 \u015bw. w Archikatedrze Lubelskiej. Nast\u0119pnie, o godz. 11.15 przedstawiciele Miasta Lublin, Wojew\u00f3dztwa Lubelskiego oraz delegacje instytucji z\u0142o\u017c\u0105 kwiaty pod Krzy\u017cem Misyjnym na Placu Katedralnym. Ponadto w dniu 21 [&hellip;]<\/p>\n","protected":false},"author":1,"featured_media":19806,"comment_status":"closed","ping_status":"open","sticky":false,"template":"","format":"standard","meta":{"footnotes":""},"categories":[1,133],"tags":[],"_links":{"self":[{"href":"https:\/\/5lo.lublin.pl\/index.php?rest_route=\/wp\/v2\/posts\/19805"}],"collection":[{"href":"https:\/\/5lo.lublin.pl\/index.php?rest_route=\/wp\/v2\/posts"}],"about":[{"href":"https:\/\/5lo.lublin.pl\/index.php?rest_route=\/wp\/v2\/types\/post"}],"author":[{"embeddable":true,"href":"https:\/\/5lo.lublin.pl\/index.php?rest_route=\/wp\/v2\/users\/1"}],"replies":[{"embeddable":true,"href":"https:\/\/5lo.lublin.pl\/index.php?rest_route=%2Fwp%2Fv2%2Fcomments&post=19805"}],"version-history":[{"count":1,"href":"https:\/\/5lo.lublin.pl\/index.php?rest_route=\/wp\/v2\/posts\/19805\/revisions"}],"predecessor-version":[{"id":19807,"href":"https:\/\/5lo.lublin.pl\/index.php?rest_route=\/wp\/v2\/posts\/19805\/revisions\/19807"}],"wp:featuredmedia":[{"embeddable":true,"href":"https:\/\/5lo.lublin.pl\/index.php?rest_route=\/wp\/v2\/media\/19806"}],"wp:attachment":[{"href":"https:\/\/5lo.lublin.pl\/index.php?rest_route=%2Fwp%2Fv2%2Fmedia&parent=19805"}],"wp:term":[{"taxonomy":"category","embeddable":true,"href":"https:\/\/5lo.lublin.pl\/index.php?rest_route=%2Fwp%2Fv2%2Fcategories&post=19805"},{"taxonomy":"post_tag","embeddable":true,"href":"https:\/\/5lo.lublin.pl\/index.php?rest_route=%2Fwp%2Fv2%2Ftags&post=19805"}],"curies":[{"name":"wp","href":"https:\/\/api.w.org\/{rel}","templated":true}]}}