{"id":19784,"date":"2022-04-13T15:30:00","date_gmt":"2022-04-13T15:30:00","guid":{"rendered":"https:\/\/5lo.lublin.pl\/?p=19784"},"modified":"2022-04-13T15:32:10","modified_gmt":"2022-04-13T15:32:10","slug":"spotkania-z-rodzicami-27-i-28-kwietnia-2022r","status":"publish","type":"post","link":"https:\/\/5lo.lublin.pl\/?p=19784","title":{"rendered":"Spotkania z rodzicami 27 i 28 kwietnia 2022r."},"content":{"rendered":"\n<p class=\"has-text-align-left\">Spotkania wychowawc\u00f3w klas z Rodzicami odb\u0119d\u0105 si\u0119 w formie stacjonarnej w dniach 27 i 28 kwietnia 2022r. zgodnie z poni\u017cszym harmonogramem.<\/p>\n\n\n\n<p class=\"has-text-align-center\"><strong> <\/strong><\/p>\n\n\n\n<div class=\"wp-block-image\"><figure class=\"aligncenter size-full\"><img loading=\"lazy\" decoding=\"async\" width=\"727\" height=\"830\" src=\"https:\/\/5lo.lublin.pl\/wp-content\/uploads\/2022\/04\/sp2022.png\" alt=\"\" class=\"wp-image-19785\" srcset=\"https:\/\/5lo.lublin.pl\/wp-content\/uploads\/2022\/04\/sp2022.png 727w, https:\/\/5lo.lublin.pl\/wp-content\/uploads\/2022\/04\/sp2022-263x300.png 263w\" sizes=\"(max-width: 727px) 100vw, 727px\" \/><\/figure><\/div>\n\n\n\n<p><\/p>\n\n\n\n<div class=\"wp-block-image\"><figure class=\"aligncenter size-full\"><img loading=\"lazy\" decoding=\"async\" width=\"737\" height=\"506\" src=\"https:\/\/5lo.lublin.pl\/wp-content\/uploads\/2022\/04\/spo2022.png\" alt=\"\" class=\"wp-image-19786\" srcset=\"https:\/\/5lo.lublin.pl\/wp-content\/uploads\/2022\/04\/spo2022.png 737w, https:\/\/5lo.lublin.pl\/wp-content\/uploads\/2022\/04\/spo2022-300x206.png 300w\" sizes=\"(max-width: 737px) 100vw, 737px\" \/><\/figure><\/div>\n\n\n\n<p><\/p>\n\n\n\n<p class=\"has-text-align-center\" style=\"font-size:18px\"><\/p>\n\n\n\n<p class=\"has-text-align-center\" style=\"font-size:18px\"><strong> <\/strong><\/p>\n","protected":false},"excerpt":{"rendered":"<p>Spotkania wychowawc\u00f3w klas z Rodzicami odb\u0119d\u0105 si\u0119 w formie stacjonarnej w dniach 27 i 28 kwietnia 2022r. zgodnie z poni\u017cszym harmonogramem.<\/p>\n","protected":false},"author":23,"featured_media":3517,"comment_status":"open","ping_status":"open","sticky":false,"template":"","format":"standard","meta":{"footnotes":""},"categories":[1],"tags":[],"_links":{"self":[{"href":"https:\/\/5lo.lublin.pl\/index.php?rest_route=\/wp\/v2\/posts\/19784"}],"collection":[{"href":"https:\/\/5lo.lublin.pl\/index.php?rest_route=\/wp\/v2\/posts"}],"about":[{"href":"https:\/\/5lo.lublin.pl\/index.php?rest_route=\/wp\/v2\/types\/post"}],"author":[{"embeddable":true,"href":"https:\/\/5lo.lublin.pl\/index.php?rest_route=\/wp\/v2\/users\/23"}],"replies":[{"embeddable":true,"href":"https:\/\/5lo.lublin.pl\/index.php?rest_route=%2Fwp%2Fv2%2Fcomments&post=19784"}],"version-history":[{"count":1,"href":"https:\/\/5lo.lublin.pl\/index.php?rest_route=\/wp\/v2\/posts\/19784\/revisions"}],"predecessor-version":[{"id":19788,"href":"https:\/\/5lo.lublin.pl\/index.php?rest_route=\/wp\/v2\/posts\/19784\/revisions\/19788"}],"wp:featuredmedia":[{"embeddable":true,"href":"https:\/\/5lo.lublin.pl\/index.php?rest_route=\/wp\/v2\/media\/3517"}],"wp:attachment":[{"href":"https:\/\/5lo.lublin.pl\/index.php?rest_route=%2Fwp%2Fv2%2Fmedia&parent=19784"}],"wp:term":[{"taxonomy":"category","embeddable":true,"href":"https:\/\/5lo.lublin.pl\/index.php?rest_route=%2Fwp%2Fv2%2Fcategories&post=19784"},{"taxonomy":"post_tag","embeddable":true,"href":"https:\/\/5lo.lublin.pl\/index.php?rest_route=%2Fwp%2Fv2%2Ftags&post=19784"}],"curies":[{"name":"wp","href":"https:\/\/api.w.org\/{rel}","templated":true}]}}