{"id":19765,"date":"2022-04-11T17:51:16","date_gmt":"2022-04-11T17:51:16","guid":{"rendered":"https:\/\/5lo.lublin.pl\/?p=19765"},"modified":"2022-04-11T17:51:19","modified_gmt":"2022-04-11T17:51:19","slug":"wiosna-wiosna-w-piatce","status":"publish","type":"post","link":"https:\/\/5lo.lublin.pl\/?p=19765","title":{"rendered":"WIOSNA, WIOSNA \u2026 w PI\u0104TCE"},"content":{"rendered":"\n<p>Po d\u0142ugiej zimie czas wreszcie na zaj\u0119cia praktyczne i w terenie.<\/p>\n\n\n\n<p>W ramach wiosennych prac w naszym przyszkolnym terenie zielonym:<\/p>\n\n\n\n<p>* posadzili\u015bmy drzewo \u2013 klon jawor<\/p>\n\n\n\n<figure class=\"wp-block-gallery has-nested-images columns-default is-cropped wp-block-gallery-1 is-layout-flex wp-block-gallery-is-layout-flex\">\n<figure class=\"wp-block-image size-large\"><img loading=\"lazy\" decoding=\"async\" width=\"768\" height=\"1024\" data-id=\"19766\" src=\"https:\/\/5lo.lublin.pl\/wp-content\/uploads\/2022\/04\/drzewo1_m.jpg\" alt=\"\" class=\"wp-image-19766\" srcset=\"https:\/\/5lo.lublin.pl\/wp-content\/uploads\/2022\/04\/drzewo1_m.jpg 768w, https:\/\/5lo.lublin.pl\/wp-content\/uploads\/2022\/04\/drzewo1_m-225x300.jpg 225w\" sizes=\"(max-width: 768px) 100vw, 768px\" \/><\/figure>\n\n\n\n<figure class=\"wp-block-image size-large\"><img loading=\"lazy\" decoding=\"async\" width=\"768\" height=\"1024\" data-id=\"19767\" src=\"https:\/\/5lo.lublin.pl\/wp-content\/uploads\/2022\/04\/drzewo2_m.jpg\" alt=\"\" class=\"wp-image-19767\" srcset=\"https:\/\/5lo.lublin.pl\/wp-content\/uploads\/2022\/04\/drzewo2_m.jpg 768w, https:\/\/5lo.lublin.pl\/wp-content\/uploads\/2022\/04\/drzewo2_m-225x300.jpg 225w\" sizes=\"(max-width: 768px) 100vw, 768px\" \/><\/figure>\n<\/figure>\n\n\n\n<p>* przygotowali\u015bmy rurki-hotele dla dzikich pszcz\u00f3\u0142 murarek i innych owad\u00f3w zapylaj\u0105cych<\/p>\n\n\n\n<figure class=\"wp-block-gallery has-nested-images columns-default is-cropped wp-block-gallery-2 is-layout-flex wp-block-gallery-is-layout-flex\">\n<figure class=\"wp-block-image size-large\"><img loading=\"lazy\" decoding=\"async\" width=\"768\" height=\"1024\" data-id=\"19769\" src=\"https:\/\/5lo.lublin.pl\/wp-content\/uploads\/2022\/04\/pszczoly1_m.jpg\" alt=\"\" class=\"wp-image-19769\" srcset=\"https:\/\/5lo.lublin.pl\/wp-content\/uploads\/2022\/04\/pszczoly1_m.jpg 768w, https:\/\/5lo.lublin.pl\/wp-content\/uploads\/2022\/04\/pszczoly1_m-225x300.jpg 225w\" sizes=\"(max-width: 768px) 100vw, 768px\" \/><\/figure>\n\n\n\n<figure class=\"wp-block-image size-large\"><img loading=\"lazy\" decoding=\"async\" width=\"1024\" height=\"768\" data-id=\"19768\" src=\"https:\/\/5lo.lublin.pl\/wp-content\/uploads\/2022\/04\/pszczoly2_m.jpg\" alt=\"\" class=\"wp-image-19768\" srcset=\"https:\/\/5lo.lublin.pl\/wp-content\/uploads\/2022\/04\/pszczoly2_m.jpg 1024w, https:\/\/5lo.lublin.pl\/wp-content\/uploads\/2022\/04\/pszczoly2_m-300x225.jpg 300w, https:\/\/5lo.lublin.pl\/wp-content\/uploads\/2022\/04\/pszczoly2_m-768x576.jpg 768w\" sizes=\"(max-width: 1024px) 100vw, 1024px\" \/><\/figure>\n\n\n\n<figure class=\"wp-block-image size-large\"><img loading=\"lazy\" decoding=\"async\" width=\"1024\" height=\"768\" data-id=\"19770\" src=\"https:\/\/5lo.lublin.pl\/wp-content\/uploads\/2022\/04\/pszczoly3_m.jpg\" alt=\"\" class=\"wp-image-19770\" srcset=\"https:\/\/5lo.lublin.pl\/wp-content\/uploads\/2022\/04\/pszczoly3_m.jpg 1024w, https:\/\/5lo.lublin.pl\/wp-content\/uploads\/2022\/04\/pszczoly3_m-300x225.jpg 300w, https:\/\/5lo.lublin.pl\/wp-content\/uploads\/2022\/04\/pszczoly3_m-768x576.jpg 768w\" sizes=\"(max-width: 1024px) 100vw, 1024px\" \/><\/figure>\n\n\n\n<figure class=\"wp-block-image size-large\"><img loading=\"lazy\" decoding=\"async\" width=\"1024\" height=\"768\" data-id=\"19773\" src=\"https:\/\/5lo.lublin.pl\/wp-content\/uploads\/2022\/04\/pszczoly4_m.jpg\" alt=\"\" class=\"wp-image-19773\" srcset=\"https:\/\/5lo.lublin.pl\/wp-content\/uploads\/2022\/04\/pszczoly4_m.jpg 1024w, https:\/\/5lo.lublin.pl\/wp-content\/uploads\/2022\/04\/pszczoly4_m-300x225.jpg 300w, https:\/\/5lo.lublin.pl\/wp-content\/uploads\/2022\/04\/pszczoly4_m-768x576.jpg 768w\" sizes=\"(max-width: 1024px) 100vw, 1024px\" \/><\/figure>\n\n\n\n<figure class=\"wp-block-image size-large\"><img loading=\"lazy\" decoding=\"async\" width=\"1024\" height=\"768\" data-id=\"19771\" src=\"https:\/\/5lo.lublin.pl\/wp-content\/uploads\/2022\/04\/pszczoly5_m.jpg\" alt=\"\" class=\"wp-image-19771\" srcset=\"https:\/\/5lo.lublin.pl\/wp-content\/uploads\/2022\/04\/pszczoly5_m.jpg 1024w, https:\/\/5lo.lublin.pl\/wp-content\/uploads\/2022\/04\/pszczoly5_m-300x225.jpg 300w, https:\/\/5lo.lublin.pl\/wp-content\/uploads\/2022\/04\/pszczoly5_m-768x576.jpg 768w\" sizes=\"(max-width: 1024px) 100vw, 1024px\" \/><\/figure>\n\n\n\n<figure class=\"wp-block-image size-large\"><img loading=\"lazy\" decoding=\"async\" width=\"1024\" height=\"768\" data-id=\"19772\" src=\"https:\/\/5lo.lublin.pl\/wp-content\/uploads\/2022\/04\/pszczoly6_m.jpg\" alt=\"\" class=\"wp-image-19772\" srcset=\"https:\/\/5lo.lublin.pl\/wp-content\/uploads\/2022\/04\/pszczoly6_m.jpg 1024w, https:\/\/5lo.lublin.pl\/wp-content\/uploads\/2022\/04\/pszczoly6_m-300x225.jpg 300w, https:\/\/5lo.lublin.pl\/wp-content\/uploads\/2022\/04\/pszczoly6_m-768x576.jpg 768w\" sizes=\"(max-width: 1024px) 100vw, 1024px\" \/><\/figure>\n<\/figure>\n\n\n\n<p>* przenie\u015bli\u015bmy kokony naszych pszcz\u00f3\u0142 murarek z rurek zesz\u0142orocznych do pojemnik\u00f3w wyl\u0119gowych<\/p>\n\n\n\n<figure class=\"wp-block-gallery has-nested-images columns-default is-cropped wp-block-gallery-3 is-layout-flex wp-block-gallery-is-layout-flex\">\n<figure class=\"wp-block-image size-large\"><img loading=\"lazy\" decoding=\"async\" width=\"1024\" height=\"768\" data-id=\"19775\" src=\"https:\/\/5lo.lublin.pl\/wp-content\/uploads\/2022\/04\/hostel1_m.jpg\" alt=\"\" class=\"wp-image-19775\" srcset=\"https:\/\/5lo.lublin.pl\/wp-content\/uploads\/2022\/04\/hostel1_m.jpg 1024w, https:\/\/5lo.lublin.pl\/wp-content\/uploads\/2022\/04\/hostel1_m-300x225.jpg 300w, https:\/\/5lo.lublin.pl\/wp-content\/uploads\/2022\/04\/hostel1_m-768x576.jpg 768w\" sizes=\"(max-width: 1024px) 100vw, 1024px\" \/><\/figure>\n\n\n\n<figure class=\"wp-block-image size-large\"><img loading=\"lazy\" decoding=\"async\" width=\"1024\" height=\"768\" data-id=\"19774\" src=\"https:\/\/5lo.lublin.pl\/wp-content\/uploads\/2022\/04\/hostel2_m.jpg\" alt=\"\" class=\"wp-image-19774\" srcset=\"https:\/\/5lo.lublin.pl\/wp-content\/uploads\/2022\/04\/hostel2_m.jpg 1024w, https:\/\/5lo.lublin.pl\/wp-content\/uploads\/2022\/04\/hostel2_m-300x225.jpg 300w, https:\/\/5lo.lublin.pl\/wp-content\/uploads\/2022\/04\/hostel2_m-768x576.jpg 768w\" sizes=\"(max-width: 1024px) 100vw, 1024px\" \/><\/figure>\n\n\n\n<figure class=\"wp-block-image size-large\"><img loading=\"lazy\" decoding=\"async\" width=\"1024\" height=\"768\" data-id=\"19777\" src=\"https:\/\/5lo.lublin.pl\/wp-content\/uploads\/2022\/04\/hostel3_m.jpg\" alt=\"\" class=\"wp-image-19777\" srcset=\"https:\/\/5lo.lublin.pl\/wp-content\/uploads\/2022\/04\/hostel3_m.jpg 1024w, https:\/\/5lo.lublin.pl\/wp-content\/uploads\/2022\/04\/hostel3_m-300x225.jpg 300w, https:\/\/5lo.lublin.pl\/wp-content\/uploads\/2022\/04\/hostel3_m-768x576.jpg 768w\" sizes=\"(max-width: 1024px) 100vw, 1024px\" \/><\/figure>\n\n\n\n<figure class=\"wp-block-image size-large\"><img loading=\"lazy\" decoding=\"async\" width=\"1024\" height=\"768\" data-id=\"19776\" src=\"https:\/\/5lo.lublin.pl\/wp-content\/uploads\/2022\/04\/hostel4_m.jpg\" alt=\"\" class=\"wp-image-19776\" srcset=\"https:\/\/5lo.lublin.pl\/wp-content\/uploads\/2022\/04\/hostel4_m.jpg 1024w, https:\/\/5lo.lublin.pl\/wp-content\/uploads\/2022\/04\/hostel4_m-300x225.jpg 300w, https:\/\/5lo.lublin.pl\/wp-content\/uploads\/2022\/04\/hostel4_m-768x576.jpg 768w\" sizes=\"(max-width: 1024px) 100vw, 1024px\" \/><\/figure>\n<\/figure>\n\n\n\n<p>* uporz\u0105dkowali\u015bmy ogr\u00f3dek<\/p>\n\n\n\n<figure class=\"wp-block-gallery has-nested-images columns-default is-cropped wp-block-gallery-4 is-layout-flex wp-block-gallery-is-layout-flex\">\n<figure class=\"wp-block-image size-large\"><img loading=\"lazy\" decoding=\"async\" width=\"768\" height=\"1024\" data-id=\"19779\" src=\"https:\/\/5lo.lublin.pl\/wp-content\/uploads\/2022\/04\/ogrodek1_m.jpg\" alt=\"\" class=\"wp-image-19779\" srcset=\"https:\/\/5lo.lublin.pl\/wp-content\/uploads\/2022\/04\/ogrodek1_m.jpg 768w, https:\/\/5lo.lublin.pl\/wp-content\/uploads\/2022\/04\/ogrodek1_m-225x300.jpg 225w\" sizes=\"(max-width: 768px) 100vw, 768px\" \/><\/figure>\n\n\n\n<figure class=\"wp-block-image size-large\"><img loading=\"lazy\" decoding=\"async\" width=\"768\" height=\"1024\" data-id=\"19780\" src=\"https:\/\/5lo.lublin.pl\/wp-content\/uploads\/2022\/04\/ogrodek2_m.jpg\" alt=\"\" class=\"wp-image-19780\" srcset=\"https:\/\/5lo.lublin.pl\/wp-content\/uploads\/2022\/04\/ogrodek2_m.jpg 768w, https:\/\/5lo.lublin.pl\/wp-content\/uploads\/2022\/04\/ogrodek2_m-225x300.jpg 225w\" sizes=\"(max-width: 768px) 100vw, 768px\" \/><\/figure>\n\n\n\n<figure class=\"wp-block-image size-large\"><img loading=\"lazy\" decoding=\"async\" width=\"768\" height=\"1024\" data-id=\"19778\" src=\"https:\/\/5lo.lublin.pl\/wp-content\/uploads\/2022\/04\/ogrodek3_m.jpg\" alt=\"\" class=\"wp-image-19778\" srcset=\"https:\/\/5lo.lublin.pl\/wp-content\/uploads\/2022\/04\/ogrodek3_m.jpg 768w, https:\/\/5lo.lublin.pl\/wp-content\/uploads\/2022\/04\/ogrodek3_m-225x300.jpg 225w\" sizes=\"(max-width: 768px) 100vw, 768px\" \/><\/figure>\n<\/figure>\n\n\n\n<p>A wszystko dla naszych pszcz\u00f3\u0142 samotnic &#8211; murarek &#8211; zapylaczy.<\/p>\n\n\n\n<p>Zach\u0119camy wszystkich do budowania przydomowych hoteli dla tych po\u017cytecznych owad\u00f3w.<\/p>\n\n\n\n<figure class=\"wp-block-gallery has-nested-images columns-default is-cropped wp-block-gallery-5 is-layout-flex wp-block-gallery-is-layout-flex\">\n<figure class=\"wp-block-image size-large\"><img loading=\"lazy\" decoding=\"async\" width=\"878\" height=\"1024\" data-id=\"19781\" src=\"https:\/\/5lo.lublin.pl\/wp-content\/uploads\/2022\/04\/MURARKA1_m.jpg\" alt=\"\" class=\"wp-image-19781\" srcset=\"https:\/\/5lo.lublin.pl\/wp-content\/uploads\/2022\/04\/MURARKA1_m.jpg 878w, https:\/\/5lo.lublin.pl\/wp-content\/uploads\/2022\/04\/MURARKA1_m-257x300.jpg 257w, https:\/\/5lo.lublin.pl\/wp-content\/uploads\/2022\/04\/MURARKA1_m-768x896.jpg 768w\" sizes=\"(max-width: 878px) 100vw, 878px\" \/><\/figure>\n<\/figure>\n\n\n\n<p>Opiekun \u2013 Renata Grzegorczyk<\/p>\n","protected":false},"excerpt":{"rendered":"<p>Po d\u0142ugiej zimie czas wreszcie na zaj\u0119cia praktyczne i w terenie. W ramach wiosennych prac w naszym przyszkolnym terenie zielonym: * posadzili\u015bmy drzewo \u2013 klon jawor * przygotowali\u015bmy rurki-hotele dla dzikich pszcz\u00f3\u0142 murarek i innych owad\u00f3w zapylaj\u0105cych * przenie\u015bli\u015bmy kokony naszych pszcz\u00f3\u0142 murarek z rurek zesz\u0142orocznych do pojemnik\u00f3w wyl\u0119gowych * uporz\u0105dkowali\u015bmy ogr\u00f3dek A wszystko dla [&hellip;]<\/p>\n","protected":false},"author":29,"featured_media":19782,"comment_status":"closed","ping_status":"open","sticky":false,"template":"","format":"standard","meta":{"footnotes":""},"categories":[135,133],"tags":[],"_links":{"self":[{"href":"https:\/\/5lo.lublin.pl\/index.php?rest_route=\/wp\/v2\/posts\/19765"}],"collection":[{"href":"https:\/\/5lo.lublin.pl\/index.php?rest_route=\/wp\/v2\/posts"}],"about":[{"href":"https:\/\/5lo.lublin.pl\/index.php?rest_route=\/wp\/v2\/types\/post"}],"author":[{"embeddable":true,"href":"https:\/\/5lo.lublin.pl\/index.php?rest_route=\/wp\/v2\/users\/29"}],"replies":[{"embeddable":true,"href":"https:\/\/5lo.lublin.pl\/index.php?rest_route=%2Fwp%2Fv2%2Fcomments&post=19765"}],"version-history":[{"count":1,"href":"https:\/\/5lo.lublin.pl\/index.php?rest_route=\/wp\/v2\/posts\/19765\/revisions"}],"predecessor-version":[{"id":19783,"href":"https:\/\/5lo.lublin.pl\/index.php?rest_route=\/wp\/v2\/posts\/19765\/revisions\/19783"}],"wp:featuredmedia":[{"embeddable":true,"href":"https:\/\/5lo.lublin.pl\/index.php?rest_route=\/wp\/v2\/media\/19782"}],"wp:attachment":[{"href":"https:\/\/5lo.lublin.pl\/index.php?rest_route=%2Fwp%2Fv2%2Fmedia&parent=19765"}],"wp:term":[{"taxonomy":"category","embeddable":true,"href":"https:\/\/5lo.lublin.pl\/index.php?rest_route=%2Fwp%2Fv2%2Fcategories&post=19765"},{"taxonomy":"post_tag","embeddable":true,"href":"https:\/\/5lo.lublin.pl\/index.php?rest_route=%2Fwp%2Fv2%2Ftags&post=19765"}],"curies":[{"name":"wp","href":"https:\/\/api.w.org\/{rel}","templated":true}]}}