{"id":19750,"date":"2022-04-11T16:43:47","date_gmt":"2022-04-11T16:43:47","guid":{"rendered":"https:\/\/5lo.lublin.pl\/?p=19750"},"modified":"2023-01-17T19:26:22","modified_gmt":"2023-01-17T19:26:22","slug":"promocja-zdrowia-z-uniwersytetem-medycznym-w-lublinie","status":"publish","type":"post","link":"https:\/\/5lo.lublin.pl\/?p=19750","title":{"rendered":"PROMOCJA ZDROWIA Z UNIWERSYTETEM MEDYCZNYM W LUBLINIE"},"content":{"rendered":"\n<p>Uczniowie klas I \u2013 III naszej szko\u0142y uczestniczyli w cyklu profilaktycznych zaj\u0119\u0107 z zakresu promocji zdrowia prowadzonych przez studentki kierunki Po\u0142o\u017cnictwa UM w Lublinie:<\/p>\n\n\n\n<p>28.03.2022 &#8211; &#8222;Pierwsza wizyta u ginekologa i urologa&#8221;<\/p>\n\n\n\n<p>29.03.2022 &#8211; &#8222;Stres-konstruktywne sposoby wyja\u015bniania trudnych zdarze\u0144 i przeformu\u0142owania my\u015bli negatywnych na pozytywne&#8221;<\/p>\n\n\n\n<p>05.04.2022 &#8211; &#8222;Potrzeba poddawania si\u0119 badaniom profilaktycznym w okresie ca\u0142ego \u017cycia &#8211; samobadanie i samokontrola\u201d \u2013 zaj\u0119cia warsztatowe dla ch\u0142opc\u00f3w i dla dziewcz\u0105t<\/p>\n\n\n\n<figure class=\"wp-block-gallery has-nested-images columns-default is-cropped wp-block-gallery-1 is-layout-flex wp-block-gallery-is-layout-flex\">\n<figure class=\"wp-block-image size-large\"><img loading=\"lazy\" decoding=\"async\" width=\"1024\" height=\"768\" data-id=\"19755\" src=\"https:\/\/5lo.lublin.pl\/wp-content\/uploads\/2022\/04\/1-1024x768.jpg\" alt=\"\" class=\"wp-image-19755\" srcset=\"https:\/\/5lo.lublin.pl\/wp-content\/uploads\/2022\/04\/1-1024x768.jpg 1024w, https:\/\/5lo.lublin.pl\/wp-content\/uploads\/2022\/04\/1-300x225.jpg 300w, https:\/\/5lo.lublin.pl\/wp-content\/uploads\/2022\/04\/1-768x576.jpg 768w, https:\/\/5lo.lublin.pl\/wp-content\/uploads\/2022\/04\/1-1536x1152.jpg 1536w, https:\/\/5lo.lublin.pl\/wp-content\/uploads\/2022\/04\/1-2048x1536.jpg 2048w, https:\/\/5lo.lublin.pl\/wp-content\/uploads\/2022\/04\/1-scaled.jpg 1600w\" sizes=\"(max-width: 1024px) 100vw, 1024px\" \/><\/figure>\n\n\n\n<figure class=\"wp-block-image size-large\"><img loading=\"lazy\" decoding=\"async\" width=\"1024\" height=\"768\" data-id=\"19754\" src=\"https:\/\/5lo.lublin.pl\/wp-content\/uploads\/2022\/04\/2-1024x768.jpg\" alt=\"\" class=\"wp-image-19754\" srcset=\"https:\/\/5lo.lublin.pl\/wp-content\/uploads\/2022\/04\/2-1024x768.jpg 1024w, https:\/\/5lo.lublin.pl\/wp-content\/uploads\/2022\/04\/2-300x225.jpg 300w, https:\/\/5lo.lublin.pl\/wp-content\/uploads\/2022\/04\/2-768x576.jpg 768w, https:\/\/5lo.lublin.pl\/wp-content\/uploads\/2022\/04\/2-1536x1152.jpg 1536w, https:\/\/5lo.lublin.pl\/wp-content\/uploads\/2022\/04\/2-2048x1536.jpg 2048w, https:\/\/5lo.lublin.pl\/wp-content\/uploads\/2022\/04\/2-scaled.jpg 1600w\" sizes=\"(max-width: 1024px) 100vw, 1024px\" \/><\/figure>\n<\/figure>\n\n\n\n<p>Studenci zwr\u00f3cili uwag\u0119 na wa\u017cno\u015b\u0107 dzia\u0142a\u0144 i bada\u0144 profilaktycznych dotycz\u0105cych r\u00f3\u017cnych chor\u00f3b naszego organizmu. Zaj\u0119cia umo\u017cliwi\u0142y m\u0142odzie\u017cy pog\u0142\u0119bienie wiedzy z zakresu tematyki prozdrowotnej oraz rozw\u00f3j ich zainteresowa\u0144 biologicznych.<\/p>\n\n\n\n<figure class=\"wp-block-gallery has-nested-images columns-default is-cropped wp-block-gallery-2 is-layout-flex wp-block-gallery-is-layout-flex\">\n<figure class=\"wp-block-image size-large\"><img loading=\"lazy\" decoding=\"async\" width=\"1024\" height=\"768\" data-id=\"19756\" src=\"https:\/\/5lo.lublin.pl\/wp-content\/uploads\/2022\/04\/3-1024x768.jpg\" alt=\"\" class=\"wp-image-19756\" srcset=\"https:\/\/5lo.lublin.pl\/wp-content\/uploads\/2022\/04\/3-1024x768.jpg 1024w, https:\/\/5lo.lublin.pl\/wp-content\/uploads\/2022\/04\/3-300x225.jpg 300w, https:\/\/5lo.lublin.pl\/wp-content\/uploads\/2022\/04\/3-768x576.jpg 768w, https:\/\/5lo.lublin.pl\/wp-content\/uploads\/2022\/04\/3-1536x1152.jpg 1536w, https:\/\/5lo.lublin.pl\/wp-content\/uploads\/2022\/04\/3-2048x1536.jpg 2048w, https:\/\/5lo.lublin.pl\/wp-content\/uploads\/2022\/04\/3-scaled.jpg 1600w\" sizes=\"(max-width: 1024px) 100vw, 1024px\" \/><\/figure>\n\n\n\n<figure class=\"wp-block-image size-large\"><img loading=\"lazy\" decoding=\"async\" width=\"1024\" height=\"768\" data-id=\"19757\" src=\"https:\/\/5lo.lublin.pl\/wp-content\/uploads\/2022\/04\/4-1024x768.jpg\" alt=\"\" class=\"wp-image-19757\" srcset=\"https:\/\/5lo.lublin.pl\/wp-content\/uploads\/2022\/04\/4-1024x768.jpg 1024w, https:\/\/5lo.lublin.pl\/wp-content\/uploads\/2022\/04\/4-300x225.jpg 300w, https:\/\/5lo.lublin.pl\/wp-content\/uploads\/2022\/04\/4-768x576.jpg 768w, https:\/\/5lo.lublin.pl\/wp-content\/uploads\/2022\/04\/4-1536x1152.jpg 1536w, https:\/\/5lo.lublin.pl\/wp-content\/uploads\/2022\/04\/4-2048x1536.jpg 2048w, https:\/\/5lo.lublin.pl\/wp-content\/uploads\/2022\/04\/4-scaled.jpg 1600w\" sizes=\"(max-width: 1024px) 100vw, 1024px\" \/><\/figure>\n<\/figure>\n\n\n\n<p>Studentkom oraz ich Opiekunom \u2013 Pani mgr Urszuli Zdybel-Fa\u0142dydze, Panu dr n. o zdr. Paw\u0142owi Chru\u015bcielowi oraz Pani dr hab. n. o zdr. Annie Bednarek dzi\u0119kujemy za cenn\u0105 wsp\u00f3\u0142prac\u0119 i \u017cyczymy sukces\u00f3w zawodowych.<\/p>\n\n\n\n<figure class=\"wp-block-gallery has-nested-images columns-default is-cropped wp-block-gallery-3 is-layout-flex wp-block-gallery-is-layout-flex\">\n<figure class=\"wp-block-image size-large\"><img loading=\"lazy\" decoding=\"async\" width=\"1024\" height=\"768\" data-id=\"19759\" src=\"https:\/\/5lo.lublin.pl\/wp-content\/uploads\/2022\/04\/5-1024x768.jpg\" alt=\"\" class=\"wp-image-19759\" srcset=\"https:\/\/5lo.lublin.pl\/wp-content\/uploads\/2022\/04\/5-1024x768.jpg 1024w, https:\/\/5lo.lublin.pl\/wp-content\/uploads\/2022\/04\/5-300x225.jpg 300w, https:\/\/5lo.lublin.pl\/wp-content\/uploads\/2022\/04\/5-768x576.jpg 768w, https:\/\/5lo.lublin.pl\/wp-content\/uploads\/2022\/04\/5-1536x1152.jpg 1536w, https:\/\/5lo.lublin.pl\/wp-content\/uploads\/2022\/04\/5-2048x1536.jpg 2048w, https:\/\/5lo.lublin.pl\/wp-content\/uploads\/2022\/04\/5-scaled.jpg 1600w\" sizes=\"(max-width: 1024px) 100vw, 1024px\" \/><\/figure>\n\n\n\n<figure class=\"wp-block-image size-large\"><img loading=\"lazy\" decoding=\"async\" width=\"1024\" height=\"768\" data-id=\"19758\" src=\"https:\/\/5lo.lublin.pl\/wp-content\/uploads\/2022\/04\/5a-1024x768.jpg\" alt=\"\" class=\"wp-image-19758\" srcset=\"https:\/\/5lo.lublin.pl\/wp-content\/uploads\/2022\/04\/5a-1024x768.jpg 1024w, https:\/\/5lo.lublin.pl\/wp-content\/uploads\/2022\/04\/5a-300x225.jpg 300w, https:\/\/5lo.lublin.pl\/wp-content\/uploads\/2022\/04\/5a-768x576.jpg 768w, https:\/\/5lo.lublin.pl\/wp-content\/uploads\/2022\/04\/5a-1536x1152.jpg 1536w, https:\/\/5lo.lublin.pl\/wp-content\/uploads\/2022\/04\/5a-2048x1536.jpg 2048w, https:\/\/5lo.lublin.pl\/wp-content\/uploads\/2022\/04\/5a-scaled.jpg 1600w\" sizes=\"(max-width: 1024px) 100vw, 1024px\" \/><\/figure>\n<\/figure>\n\n\n\n<p><br \/>Koordynacja zaj\u0119\u0107 \u2013 nauczyciele biologii V LO<\/p>\n\n\n\n<figure class=\"wp-block-gallery has-nested-images columns-default is-cropped wp-block-gallery-4 is-layout-flex wp-block-gallery-is-layout-flex\">\n<figure class=\"wp-block-image size-large\"><img loading=\"lazy\" decoding=\"async\" width=\"1024\" height=\"768\" data-id=\"19763\" src=\"https:\/\/5lo.lublin.pl\/wp-content\/uploads\/2022\/04\/6-1024x768.jpg\" alt=\"\" class=\"wp-image-19763\" srcset=\"https:\/\/5lo.lublin.pl\/wp-content\/uploads\/2022\/04\/6-1024x768.jpg 1024w, https:\/\/5lo.lublin.pl\/wp-content\/uploads\/2022\/04\/6-300x225.jpg 300w, https:\/\/5lo.lublin.pl\/wp-content\/uploads\/2022\/04\/6-768x576.jpg 768w, https:\/\/5lo.lublin.pl\/wp-content\/uploads\/2022\/04\/6-1536x1152.jpg 1536w, https:\/\/5lo.lublin.pl\/wp-content\/uploads\/2022\/04\/6-2048x1536.jpg 2048w, https:\/\/5lo.lublin.pl\/wp-content\/uploads\/2022\/04\/6-scaled.jpg 1600w\" sizes=\"(max-width: 1024px) 100vw, 1024px\" \/><\/figure>\n\n\n\n<figure class=\"wp-block-image size-large\"><img loading=\"lazy\" decoding=\"async\" width=\"1024\" height=\"768\" data-id=\"19762\" src=\"https:\/\/5lo.lublin.pl\/wp-content\/uploads\/2022\/04\/7-1024x768.jpg\" alt=\"\" class=\"wp-image-19762\" srcset=\"https:\/\/5lo.lublin.pl\/wp-content\/uploads\/2022\/04\/7-1024x768.jpg 1024w, https:\/\/5lo.lublin.pl\/wp-content\/uploads\/2022\/04\/7-300x225.jpg 300w, https:\/\/5lo.lublin.pl\/wp-content\/uploads\/2022\/04\/7-768x576.jpg 768w, https:\/\/5lo.lublin.pl\/wp-content\/uploads\/2022\/04\/7-1536x1152.jpg 1536w, https:\/\/5lo.lublin.pl\/wp-content\/uploads\/2022\/04\/7-2048x1536.jpg 2048w, https:\/\/5lo.lublin.pl\/wp-content\/uploads\/2022\/04\/7-scaled.jpg 1600w\" sizes=\"(max-width: 1024px) 100vw, 1024px\" \/><\/figure>\n\n\n\n<figure class=\"wp-block-image size-large\"><img loading=\"lazy\" decoding=\"async\" width=\"1024\" height=\"768\" data-id=\"19760\" src=\"https:\/\/5lo.lublin.pl\/wp-content\/uploads\/2022\/04\/8-1024x768.jpg\" alt=\"\" class=\"wp-image-19760\" srcset=\"https:\/\/5lo.lublin.pl\/wp-content\/uploads\/2022\/04\/8-1024x768.jpg 1024w, https:\/\/5lo.lublin.pl\/wp-content\/uploads\/2022\/04\/8-300x225.jpg 300w, https:\/\/5lo.lublin.pl\/wp-content\/uploads\/2022\/04\/8-768x576.jpg 768w, https:\/\/5lo.lublin.pl\/wp-content\/uploads\/2022\/04\/8-1536x1152.jpg 1536w, https:\/\/5lo.lublin.pl\/wp-content\/uploads\/2022\/04\/8-2048x1536.jpg 2048w, https:\/\/5lo.lublin.pl\/wp-content\/uploads\/2022\/04\/8-scaled.jpg 1600w\" sizes=\"(max-width: 1024px) 100vw, 1024px\" \/><\/figure>\n\n\n\n<figure class=\"wp-block-image size-large\"><img loading=\"lazy\" decoding=\"async\" width=\"1024\" height=\"768\" data-id=\"19761\" src=\"https:\/\/5lo.lublin.pl\/wp-content\/uploads\/2022\/04\/9-1024x768.jpg\" alt=\"\" class=\"wp-image-19761\" srcset=\"https:\/\/5lo.lublin.pl\/wp-content\/uploads\/2022\/04\/9-1024x768.jpg 1024w, https:\/\/5lo.lublin.pl\/wp-content\/uploads\/2022\/04\/9-300x225.jpg 300w, https:\/\/5lo.lublin.pl\/wp-content\/uploads\/2022\/04\/9-768x576.jpg 768w, https:\/\/5lo.lublin.pl\/wp-content\/uploads\/2022\/04\/9-1536x1152.jpg 1536w, https:\/\/5lo.lublin.pl\/wp-content\/uploads\/2022\/04\/9-2048x1536.jpg 2048w, https:\/\/5lo.lublin.pl\/wp-content\/uploads\/2022\/04\/9-scaled.jpg 1600w\" sizes=\"(max-width: 1024px) 100vw, 1024px\" \/><\/figure>\n<\/figure>\n","protected":false},"excerpt":{"rendered":"<p>Uczniowie klas I \u2013 III naszej szko\u0142y uczestniczyli w cyklu profilaktycznych zaj\u0119\u0107 z zakresu promocji zdrowia prowadzonych przez studentki kierunki Po\u0142o\u017cnictwa UM w Lublinie: 28.03.2022 &#8211; &#8222;Pierwsza wizyta u ginekologa i urologa&#8221; 29.03.2022 &#8211; &#8222;Stres-konstruktywne sposoby wyja\u015bniania trudnych zdarze\u0144 i przeformu\u0142owania my\u015bli negatywnych na pozytywne&#8221; 05.04.2022 &#8211; &#8222;Potrzeba poddawania si\u0119 badaniom profilaktycznym w okresie ca\u0142ego [&hellip;]<\/p>\n","protected":false},"author":29,"featured_media":19753,"comment_status":"closed","ping_status":"open","sticky":false,"template":"","format":"standard","meta":{"footnotes":""},"categories":[135,395],"tags":[],"_links":{"self":[{"href":"https:\/\/5lo.lublin.pl\/index.php?rest_route=\/wp\/v2\/posts\/19750"}],"collection":[{"href":"https:\/\/5lo.lublin.pl\/index.php?rest_route=\/wp\/v2\/posts"}],"about":[{"href":"https:\/\/5lo.lublin.pl\/index.php?rest_route=\/wp\/v2\/types\/post"}],"author":[{"embeddable":true,"href":"https:\/\/5lo.lublin.pl\/index.php?rest_route=\/wp\/v2\/users\/29"}],"replies":[{"embeddable":true,"href":"https:\/\/5lo.lublin.pl\/index.php?rest_route=%2Fwp%2Fv2%2Fcomments&post=19750"}],"version-history":[{"count":1,"href":"https:\/\/5lo.lublin.pl\/index.php?rest_route=\/wp\/v2\/posts\/19750\/revisions"}],"predecessor-version":[{"id":19764,"href":"https:\/\/5lo.lublin.pl\/index.php?rest_route=\/wp\/v2\/posts\/19750\/revisions\/19764"}],"wp:featuredmedia":[{"embeddable":true,"href":"https:\/\/5lo.lublin.pl\/index.php?rest_route=\/wp\/v2\/media\/19753"}],"wp:attachment":[{"href":"https:\/\/5lo.lublin.pl\/index.php?rest_route=%2Fwp%2Fv2%2Fmedia&parent=19750"}],"wp:term":[{"taxonomy":"category","embeddable":true,"href":"https:\/\/5lo.lublin.pl\/index.php?rest_route=%2Fwp%2Fv2%2Fcategories&post=19750"},{"taxonomy":"post_tag","embeddable":true,"href":"https:\/\/5lo.lublin.pl\/index.php?rest_route=%2Fwp%2Fv2%2Ftags&post=19750"}],"curies":[{"name":"wp","href":"https:\/\/api.w.org\/{rel}","templated":true}]}}