{"id":19698,"date":"2022-04-07T20:42:58","date_gmt":"2022-04-07T20:42:58","guid":{"rendered":"https:\/\/5lo.lublin.pl\/?p=19698"},"modified":"2022-04-24T12:53:16","modified_gmt":"2022-04-24T12:53:16","slug":"sukces-ucznia-v-lo-w-ogolnopolskiej-olimpiadzie-losy-zolnierza-i-dzieje-oreza-polskiego","status":"publish","type":"post","link":"https:\/\/5lo.lublin.pl\/?p=19698","title":{"rendered":"Sukces ucznia V LO w Og\u00f3lnopolskiej Olimpiadzie \u201eLosy \u017co\u0142nierza i dzieje or\u0119\u017ca polskiego&#8221;"},"content":{"rendered":"\n<p>Z przyjemno\u015bci\u0105 informujemy, \u017ce tytu\u0142 finalisty w zawodach centralnych <strong>XV Og\u00f3lnopolskiej Olimpiady Przedmiotowej im. mjr. Marka Gajewskiego \u201eLosy \u017co\u0142nierza i dzieje or\u0119\u017ca polskiego w latach 1531-1683. Od Obertyna do Wiednia\u201d<\/strong> uzyska\u0142 ucze\u0144 klasy 3ep <strong>Maciej Jaworski<\/strong>. <\/p>\n\n\n\n<div class=\"wp-block-image\"><figure class=\"aligncenter size-full\"><img loading=\"lazy\" decoding=\"async\" width=\"487\" height=\"693\" src=\"https:\/\/5lo.lublin.pl\/wp-content\/uploads\/2022\/04\/dyplom_oreze_MG.jpg\" alt=\"\" class=\"wp-image-19815\" srcset=\"https:\/\/5lo.lublin.pl\/wp-content\/uploads\/2022\/04\/dyplom_oreze_MG.jpg 487w, https:\/\/5lo.lublin.pl\/wp-content\/uploads\/2022\/04\/dyplom_oreze_MG-211x300.jpg 211w\" sizes=\"(max-width: 487px) 100vw, 487px\" \/><\/figure><\/div>\n\n\n\n<p>Gratulujemy sukcesu.<\/p>\n\n\n\n<p>Opiekun ucznia &#8211; p. Jaros\u0142aw Bonecki<\/p>\n","protected":false},"excerpt":{"rendered":"<p>Z przyjemno\u015bci\u0105 informujemy, \u017ce tytu\u0142 finalisty w zawodach centralnych XV Og\u00f3lnopolskiej Olimpiady Przedmiotowej im. mjr. Marka Gajewskiego \u201eLosy \u017co\u0142nierza i dzieje or\u0119\u017ca polskiego w latach 1531-1683. Od Obertyna do Wiednia\u201d uzyska\u0142 ucze\u0144 klasy 3ep Maciej Jaworski. Gratulujemy sukcesu. Opiekun ucznia &#8211; p. Jaros\u0142aw Bonecki<\/p>\n","protected":false},"author":23,"featured_media":19532,"comment_status":"closed","ping_status":"open","sticky":false,"template":"","format":"standard","meta":{"footnotes":""},"categories":[348,1,360,134],"tags":[],"_links":{"self":[{"href":"https:\/\/5lo.lublin.pl\/index.php?rest_route=\/wp\/v2\/posts\/19698"}],"collection":[{"href":"https:\/\/5lo.lublin.pl\/index.php?rest_route=\/wp\/v2\/posts"}],"about":[{"href":"https:\/\/5lo.lublin.pl\/index.php?rest_route=\/wp\/v2\/types\/post"}],"author":[{"embeddable":true,"href":"https:\/\/5lo.lublin.pl\/index.php?rest_route=\/wp\/v2\/users\/23"}],"replies":[{"embeddable":true,"href":"https:\/\/5lo.lublin.pl\/index.php?rest_route=%2Fwp%2Fv2%2Fcomments&post=19698"}],"version-history":[{"count":1,"href":"https:\/\/5lo.lublin.pl\/index.php?rest_route=\/wp\/v2\/posts\/19698\/revisions"}],"predecessor-version":[{"id":19816,"href":"https:\/\/5lo.lublin.pl\/index.php?rest_route=\/wp\/v2\/posts\/19698\/revisions\/19816"}],"wp:featuredmedia":[{"embeddable":true,"href":"https:\/\/5lo.lublin.pl\/index.php?rest_route=\/wp\/v2\/media\/19532"}],"wp:attachment":[{"href":"https:\/\/5lo.lublin.pl\/index.php?rest_route=%2Fwp%2Fv2%2Fmedia&parent=19698"}],"wp:term":[{"taxonomy":"category","embeddable":true,"href":"https:\/\/5lo.lublin.pl\/index.php?rest_route=%2Fwp%2Fv2%2Fcategories&post=19698"},{"taxonomy":"post_tag","embeddable":true,"href":"https:\/\/5lo.lublin.pl\/index.php?rest_route=%2Fwp%2Fv2%2Ftags&post=19698"}],"curies":[{"name":"wp","href":"https:\/\/api.w.org\/{rel}","templated":true}]}}