{"id":19693,"date":"2022-04-07T17:46:43","date_gmt":"2022-04-07T17:46:43","guid":{"rendered":"https:\/\/5lo.lublin.pl\/?p=19693"},"modified":"2022-04-08T12:37:54","modified_gmt":"2022-04-08T12:37:54","slug":"podsumowanie-swieta-matematyki-pora-na-matematyke","status":"publish","type":"post","link":"https:\/\/5lo.lublin.pl\/?p=19693","title":{"rendered":"Podsumowanie \u015awi\u0119ta matematyki \u201ePoRa na Matematyk\u0119\u201d"},"content":{"rendered":"\n<p>W ramach <strong>\u015awi\u0119ta matematyki w V Liceum Og\u00f3lnokszta\u0142c\u0105cym <\/strong>odby\u0142y si\u0119 cztery konkursy. Korytarze naszej szko\u0142y zape\u0142ni\u0142y si\u0119 dekoracjami matematycznymi.<\/p>\n\n\n\n<p><strong>Konkurs na kr\u00f3tki utw\u00f3r literacki: \u201ePoRa na Matematyk\u0119\u201d<\/strong><\/p>\n\n\n\n<p>Do konkursu zg\u0142oszonych zosta\u0142o 16 wierszy. Wszystkie utwory by\u0142y bardzo oryginalne i ciekawe. Niekt\u00f3re w zaskakuj\u0105cy spos\u00f3b po\u0142\u0105czy\u0142y rozwa\u017cania matematyczne i moc poezji. Organizatorzy konkursu po zapoznaniu si\u0119 z wszystkimi utworami postanowili przyzna\u0107 nast\u0119puj\u0105ce nagrody:<\/p>\n\n\n\n<p><br \/>I miejsce &#8211; \u201d***&#8221; autor: Katarzyna Lendzion klasa 3C<br \/>I miejsce &#8211; ex aequo &#8222;Na liczbach&#8221; autor: Adam Opo\u0144 klasa 3B<br \/>II miejsce &#8211; &#8222;Matematyczny oberek&#8221; autor: Ewa Mazurek klasa 1C<br \/>III miejsce &#8222;Wz\u00f3r Na Romans&#8221; autor: Miko\u0142aj Szyma\u0144ski klasa 1C<br \/>III miejsce &#8211; ex aequo &#8222;Mi\u0142o\u015b\u0107 w oczach matematyk\u00f3w&#8221; autor: Martyna Pecka klasa 2B<br \/><br \/><\/p>\n\n\n\n<p><strong>Konkurs na plakat o tematyce matematycznej:<\/strong> <strong>\u201ePoRa na Matematyk\u0119\u201d<\/strong><\/p>\n\n\n\n<p>Do konkursu zg\u0142oszonych zosta\u0142o 19 plakat\u00f3w, kt\u00f3re zosta\u0142y zaprezentowane na korytarzu na parterze budynku naszej szko\u0142y. Wszystkie prace s\u0105 pomys\u0142owe i inspiruj\u0105ce. Zwracaj\u0105 uwag\u0119 kolorami, napisami i rysunkami. Prace zosta\u0142y wykonane r\u00f3\u017cnymi technikami, kt\u00f3re w niekt\u00f3rych przepadkach wi\u0105za\u0142y si\u0119 z du\u017cym nak\u0142adem pracy. Organizatorzy wybrali najlepsze prace i chc\u0105 nagrodzi\u0107 ich autor\u00f3w:<\/p>\n\n\n\n<p>I miejsce &#8211; Martyna Sagan z klasy 2G<\/p>\n\n\n\n<p>I miejsce &#8211; Eunika Nied\u017awiecka z klasy 3B<\/p>\n\n\n\n<p>I miejsce &#8211; Oliwia Cyranek z klasy 1B.<\/p>\n\n\n\n<p>Ponadto wyr\u00f3\u017cnienia otrzymuj\u0105:<\/p>\n\n\n\n<p>1. Roksana Majewska z klasy 3B<\/p>\n\n\n\n<p>2. Zuzanna \u017belazo z klasy 1B.<\/p>\n\n\n\n<p><\/p>\n\n\n\n<p><strong>Konkurs na krzy\u017c\u00f3wk\u0119 matematyczn\u0105:<\/strong> <strong>\u201ePoRa na Matematyk\u0119\u201d<\/strong><\/p>\n\n\n\n<p>Na konkurs wp\u0142yn\u0119\u0142o a\u017c krzy\u017c\u00f3wek. Warto podkre\u015bli\u0107 pomys\u0142owo\u015b\u0107 uczni\u00f3w oraz du\u017ce zaanga\u017cowanie w konstrukcje krzy\u017c\u00f3wek. Zdarza\u0142y si\u0119 has\u0142a, okre\u015blenia, kt\u00f3re zmuszaj\u0105 nauczycieli matematyki do natychmiastowych dzia\u0142ania: nale\u017cy jak najszybciej poinformowa\u0107 uczni\u00f3w, \u017ce wiele definicji matematycznych pochodz\u0105cych z internetu, nie&nbsp; jest poprawna i nie powinna by\u0107 stosowana bez zastanowienia czy konsultacji. Organizatorzy po obradach postanowili przyzna\u0107 nast\u0119puj\u0105ce nagrody:<\/p>\n\n\n\n<p><br \/>I miejsce Krzysztof Zonik klasa 1F<br \/>I miejsce ex aequo Sebastian Gap klasa 1B &#8211; krzy\u017c\u00f3wka on line<br \/><br \/>Wyr\u00f3\u017cnienia:<br \/>1. Wiktoria Madura klasa 3B<br \/>2. Weronika Szwedowicz klasa 2E<br \/>3. Klaudia Boras klasa 2G<br \/>4. Julia Krawczy\u0144ska klasa 2B<br \/><br \/><strong>Konkurs matematyczny:<\/strong> <strong>\u201ePoRa na Matematyk\u0119\u201d<\/strong><\/p>\n\n\n\n<p>Konkurs by\u0142 skierowany do wybranych klas z programem matematyki rozszerzonej lub uczni\u00f3w zainteresowanych matematyk\u0105. W konkursie \u0142\u0105cznie wzi\u0119\u0142y udzia\u0142 133 osoby. Nagrody otrzymuj\u0105 uczniowie, kt\u00f3rzy uzyskali najwy\u017cszy wynik w swojej klasie. Zatem s\u0105 to nast\u0119puj\u0105cy uczniowie:<br \/><\/p>\n\n\n\n<ol type=\"1\"><li>Agata Sawicka z klasy I A z wynikiem 42 punkty<\/li><li>Rafa\u0142 Laskowski z klasy II A z wynikiem 48 punkt\u00f3w<\/li><li>Jagoda Sarna z klasy II B z wynikiem 49 punkt\u00f3w<\/li><li>Szymon Fidzina z klasy III A z wynikiem 49 punkt\u00f3w<\/li><li>Sylwia Obrz\u00f3d z klasy III B z wynikiem 45 punkt\u00f3w<br \/><br \/><\/li><\/ol>\n\n\n\n<p>W dniu 1 kwietnia 2022r. pani dyrektor Beata Jezierska wr\u0119czy\u0142a dyplomy i nagrody \u2013 laureatom wszystkich wymienionych konkurs\u00f3w. Serdecznie gratulujemy!<\/p>\n\n\n\n<p><strong>Szczeg\u00f3lne podzi\u0119kowania sk\u0142adamy:<\/strong><\/p>\n\n\n\n<ul><li>Pani dyrektor Beacie Jezierskiej \u2013 za \u017cyczliwe spojrzenie na pierwsze tego typu przedsi\u0119wzi\u0119cie w naszej szkole, jakim by\u0142o \u015awi\u0119to Matematyki w dn. 14.03.2022 oraz za wr\u0119czenie dyplom\u00f3w i nagr\u00f3d,<\/li><li>wicedyrektor Marzenie Drozd za udzia\u0142 w obradach jury konkursu na kr\u00f3tki utw\u00f3r poetycki oraz dodatkowe nagrody w tym konkursie,<\/li><li>wicedyrektor Agacie K\u0119pce za udzia\u0142 w obradach jury konkurs\u00f3w, dekoracj\u0119 korytarzy oraz organizacj\u0119 konkursu matematycznego,<\/li><li>Pani Krystynie Rybce za udzia\u0142 w obradach jury w konkursie na plakat matematyczny,<\/li><li>Stowarzyszeniu \u201ePoRad-ek\u201d za pomoc w zakupie nagr\u00f3d i materia\u0142\u00f3w niezb\u0119dnych do organizacji konkurs\u00f3w,<\/li><li>Pani Ma\u0142gorzacie Porzyczce za pomoc w wydruku dyplom\u00f3w,<\/li><li>wszystkim kole\u017cankom\u00a0 i kolegom, kt\u00f3rzy szczeg\u00f3lnie 14.03.2022 obdarzyli nas u\u015bmiechem i wyrozumia\u0142o\u015bci\u0105<\/li><\/ul>\n\n\n\n<p class=\"has-text-align-right\"><strong>Zesp\u00f3\u0142 Nauczycieli&nbsp; Matematyki&nbsp;<\/strong><\/p>\n","protected":false},"excerpt":{"rendered":"<p>W ramach \u015awi\u0119ta matematyki w V Liceum Og\u00f3lnokszta\u0142c\u0105cym odby\u0142y si\u0119 cztery konkursy. Korytarze naszej szko\u0142y zape\u0142ni\u0142y si\u0119 dekoracjami matematycznymi. Konkurs na kr\u00f3tki utw\u00f3r literacki: \u201ePoRa na Matematyk\u0119\u201d Do konkursu zg\u0142oszonych zosta\u0142o 16 wierszy. Wszystkie utwory by\u0142y bardzo oryginalne i ciekawe. Niekt\u00f3re w zaskakuj\u0105cy spos\u00f3b po\u0142\u0105czy\u0142y rozwa\u017cania matematyczne i moc poezji. Organizatorzy konkursu po zapoznaniu si\u0119 [&hellip;]<\/p>\n","protected":false},"author":23,"featured_media":19696,"comment_status":"closed","ping_status":"open","sticky":false,"template":"","format":"standard","meta":{"footnotes":""},"categories":[365,1,134,135,133],"tags":[],"_links":{"self":[{"href":"https:\/\/5lo.lublin.pl\/index.php?rest_route=\/wp\/v2\/posts\/19693"}],"collection":[{"href":"https:\/\/5lo.lublin.pl\/index.php?rest_route=\/wp\/v2\/posts"}],"about":[{"href":"https:\/\/5lo.lublin.pl\/index.php?rest_route=\/wp\/v2\/types\/post"}],"author":[{"embeddable":true,"href":"https:\/\/5lo.lublin.pl\/index.php?rest_route=\/wp\/v2\/users\/23"}],"replies":[{"embeddable":true,"href":"https:\/\/5lo.lublin.pl\/index.php?rest_route=%2Fwp%2Fv2%2Fcomments&post=19693"}],"version-history":[{"count":1,"href":"https:\/\/5lo.lublin.pl\/index.php?rest_route=\/wp\/v2\/posts\/19693\/revisions"}],"predecessor-version":[{"id":19700,"href":"https:\/\/5lo.lublin.pl\/index.php?rest_route=\/wp\/v2\/posts\/19693\/revisions\/19700"}],"wp:featuredmedia":[{"embeddable":true,"href":"https:\/\/5lo.lublin.pl\/index.php?rest_route=\/wp\/v2\/media\/19696"}],"wp:attachment":[{"href":"https:\/\/5lo.lublin.pl\/index.php?rest_route=%2Fwp%2Fv2%2Fmedia&parent=19693"}],"wp:term":[{"taxonomy":"category","embeddable":true,"href":"https:\/\/5lo.lublin.pl\/index.php?rest_route=%2Fwp%2Fv2%2Fcategories&post=19693"},{"taxonomy":"post_tag","embeddable":true,"href":"https:\/\/5lo.lublin.pl\/index.php?rest_route=%2Fwp%2Fv2%2Ftags&post=19693"}],"curies":[{"name":"wp","href":"https:\/\/api.w.org\/{rel}","templated":true}]}}