{"id":19662,"date":"2022-03-30T21:04:17","date_gmt":"2022-03-30T21:04:17","guid":{"rendered":"https:\/\/5lo.lublin.pl\/?p=19662"},"modified":"2023-01-17T19:28:35","modified_gmt":"2023-01-17T19:28:35","slug":"patronat-wnh-kul-nad-klasami-o-profilu-humanistycznym","status":"publish","type":"post","link":"https:\/\/5lo.lublin.pl\/?p=19662","title":{"rendered":"Patronat WNH KUL nad klasami o profilu humanistycznym"},"content":{"rendered":"\n<p>30 marca 2022 r. podpisana zosta\u0142a umowa o patronacie nad klasami o profilu humanistycznym pomi\u0119dzy V Liceum Og\u00f3lnokszta\u0142c\u0105cym im. M Sk\u0142odowskiej-Curie w Lublinie a Wydzia\u0142em Nauk Humanistycznych Katolickiego Uniwersytetu Lubelskiego Jana Paw\u0142a II. Patronem Honorowym rozpocz\u0119tej wsp\u00f3\u0142pracy zosta\u0142 zast\u0119pca Prezydenta Miasta Lublin ds. O\u015bwiaty i Wychowania, pan dr Mariusz Banach.<\/p>\n\n\n\n<p>Dyrektor V LO, pani Beata Jezierska zawar\u0142a umow\u0119 z w\u0142adzami uczelni reprezentowanymi przez Dziekana WNH, pana dr hab. Dariusza Sk\u00f3rczewskiego. Ustalono og\u00f3lne warunki wsp\u00f3\u0142pracy, kt\u00f3re umo\u017cliwiaj\u0105 m\u0142odzie\u017cy naszego liceum ukierunkowany, pog\u0142\u0119biony rozw\u00f3j humanistyczny, studentom natomiast gwarantuj\u0105 mo\u017cliwo\u015b\u0107 odbywania praktyk w V LO. Obie strony zobowi\u0105za\u0142y si\u0119 tak\u017ce do organizacji i upowszechniania podejmowanych wsp\u00f3lnie przedsi\u0119wzi\u0119\u0107.<\/p>\n\n\n\n<figure class=\"wp-block-image size-full\"><img loading=\"lazy\" decoding=\"async\" width=\"849\" height=\"946\" src=\"https:\/\/5lo.lublin.pl\/wp-content\/uploads\/2022\/03\/1648710208232.jpeg\" alt=\"\" class=\"wp-image-19678\" srcset=\"https:\/\/5lo.lublin.pl\/wp-content\/uploads\/2022\/03\/1648710208232.jpeg 849w, https:\/\/5lo.lublin.pl\/wp-content\/uploads\/2022\/03\/1648710208232-269x300.jpeg 269w, https:\/\/5lo.lublin.pl\/wp-content\/uploads\/2022\/03\/1648710208232-768x856.jpeg 768w\" sizes=\"(max-width: 849px) 100vw, 849px\" \/><\/figure>\n","protected":false},"excerpt":{"rendered":"<p>30 marca 2022 r. podpisana zosta\u0142a umowa o patronacie nad klasami o profilu humanistycznym pomi\u0119dzy V Liceum Og\u00f3lnokszta\u0142c\u0105cym im. M Sk\u0142odowskiej-Curie w Lublinie a Wydzia\u0142em Nauk Humanistycznych Katolickiego Uniwersytetu Lubelskiego Jana Paw\u0142a II. Patronem Honorowym rozpocz\u0119tej wsp\u00f3\u0142pracy zosta\u0142 zast\u0119pca Prezydenta Miasta Lublin ds. O\u015bwiaty i Wychowania, pan dr Mariusz Banach. Dyrektor V LO, pani Beata [&hellip;]<\/p>\n","protected":false},"author":1,"featured_media":19676,"comment_status":"closed","ping_status":"closed","sticky":false,"template":"","format":"standard","meta":{"footnotes":""},"categories":[179,395,133],"tags":[],"_links":{"self":[{"href":"https:\/\/5lo.lublin.pl\/index.php?rest_route=\/wp\/v2\/posts\/19662"}],"collection":[{"href":"https:\/\/5lo.lublin.pl\/index.php?rest_route=\/wp\/v2\/posts"}],"about":[{"href":"https:\/\/5lo.lublin.pl\/index.php?rest_route=\/wp\/v2\/types\/post"}],"author":[{"embeddable":true,"href":"https:\/\/5lo.lublin.pl\/index.php?rest_route=\/wp\/v2\/users\/1"}],"replies":[{"embeddable":true,"href":"https:\/\/5lo.lublin.pl\/index.php?rest_route=%2Fwp%2Fv2%2Fcomments&post=19662"}],"version-history":[{"count":2,"href":"https:\/\/5lo.lublin.pl\/index.php?rest_route=\/wp\/v2\/posts\/19662\/revisions"}],"predecessor-version":[{"id":19680,"href":"https:\/\/5lo.lublin.pl\/index.php?rest_route=\/wp\/v2\/posts\/19662\/revisions\/19680"}],"wp:featuredmedia":[{"embeddable":true,"href":"https:\/\/5lo.lublin.pl\/index.php?rest_route=\/wp\/v2\/media\/19676"}],"wp:attachment":[{"href":"https:\/\/5lo.lublin.pl\/index.php?rest_route=%2Fwp%2Fv2%2Fmedia&parent=19662"}],"wp:term":[{"taxonomy":"category","embeddable":true,"href":"https:\/\/5lo.lublin.pl\/index.php?rest_route=%2Fwp%2Fv2%2Fcategories&post=19662"},{"taxonomy":"post_tag","embeddable":true,"href":"https:\/\/5lo.lublin.pl\/index.php?rest_route=%2Fwp%2Fv2%2Ftags&post=19662"}],"curies":[{"name":"wp","href":"https:\/\/api.w.org\/{rel}","templated":true}]}}