{"id":19647,"date":"2022-03-27T20:48:10","date_gmt":"2022-03-27T20:48:10","guid":{"rendered":"https:\/\/5lo.lublin.pl\/?p=19647"},"modified":"2023-01-17T19:28:58","modified_gmt":"2023-01-17T19:28:58","slug":"drzwi-otwarte-umcs-2022","status":"publish","type":"post","link":"https:\/\/5lo.lublin.pl\/?p=19647","title":{"rendered":"Drzwi Otwarte UMCS 2022"},"content":{"rendered":"\n<p>Uczniowie V Liceum Og\u00f3lnokszta\u0142c\u0105cego w dniu 21.03.2022 wzi\u0119li udzia\u0142 w rozgrywkach sportowych w ramach Drzwi Otwarte UMCS 2022.<\/p>\n\n\n\n<p>M\u0142odzi sportowcy rywalizowali w nast\u0119puj\u0105cych dyscyplinach: pi\u0142ka no\u017cna, koszyk\u00f3wka, tenis sto\u0142owy i p\u0142ywanie.<\/p>\n\n\n\n<p>W rywalizacji opr\u00f3cz V LO Lublin bra\u0142y udzia\u0142 : XXIII Liceum Og\u00f3lnokszta\u0142c\u0105ce w Lublinie, Zesp\u00f3\u0142 Szk\u00f3\u0142 nr 1 w Lublinie, VI Liceum Og\u00f3lnokszta\u0142c\u0105cego w Lublinie, SOSW dla dzieci i m\u0142odzie\u017cy niepe\u0142nosprawnej, III Liceum Og\u00f3lnokszta\u0142c\u0105ce w Lublinie, Zesp\u00f3\u0142 Szk\u00f3\u0142 Chemicznych i Przemys\u0142u Spo\u017cywczego w Lublinie, Zesp\u00f3\u0142 Szk\u00f3\u0142 Zawodowych nr 2 w D\u0119blinie, III LO im. Jana Sobieskiego w Lublinie.<\/p>\n\n\n\n<p>Nasze Liceum wypad\u0142o \u015bwietnie zajmuj\u0105c I miejsce w \u0142\u0105cznej punktacji. Uczniowie z V LO w Lublinie byli bezkonkurencyjni w koszyk\u00f3wce i pi\u0142ce no\u017cnej ch\u0142opc\u00f3w oraz p\u0142ywaniu.<\/p>\n\n\n\n<figure class=\"wp-block-image size-full\"><img loading=\"lazy\" decoding=\"async\" width=\"724\" height=\"1024\" src=\"https:\/\/5lo.lublin.pl\/wp-content\/uploads\/2022\/03\/dzien_umcs_kk.jpg\" alt=\"\" class=\"wp-image-19648\" srcset=\"https:\/\/5lo.lublin.pl\/wp-content\/uploads\/2022\/03\/dzien_umcs_kk.jpg 724w, https:\/\/5lo.lublin.pl\/wp-content\/uploads\/2022\/03\/dzien_umcs_kk-212x300.jpg 212w\" sizes=\"(max-width: 724px) 100vw, 724px\" \/><\/figure>\n","protected":false},"excerpt":{"rendered":"<p>Uczniowie V Liceum Og\u00f3lnokszta\u0142c\u0105cego w dniu 21.03.2022 wzi\u0119li udzia\u0142 w rozgrywkach sportowych w ramach Drzwi Otwarte UMCS 2022. M\u0142odzi sportowcy rywalizowali w nast\u0119puj\u0105cych dyscyplinach: pi\u0142ka no\u017cna, koszyk\u00f3wka, tenis sto\u0142owy i p\u0142ywanie. W rywalizacji opr\u00f3cz V LO Lublin bra\u0142y udzia\u0142 : XXIII Liceum Og\u00f3lnokszta\u0142c\u0105ce w Lublinie, Zesp\u00f3\u0142 Szk\u00f3\u0142 nr 1 w Lublinie, VI Liceum Og\u00f3lnokszta\u0142c\u0105cego w [&hellip;]<\/p>\n","protected":false},"author":1,"featured_media":19649,"comment_status":"closed","ping_status":"closed","sticky":false,"template":"","format":"standard","meta":{"footnotes":""},"categories":[179,134,138,395],"tags":[],"_links":{"self":[{"href":"https:\/\/5lo.lublin.pl\/index.php?rest_route=\/wp\/v2\/posts\/19647"}],"collection":[{"href":"https:\/\/5lo.lublin.pl\/index.php?rest_route=\/wp\/v2\/posts"}],"about":[{"href":"https:\/\/5lo.lublin.pl\/index.php?rest_route=\/wp\/v2\/types\/post"}],"author":[{"embeddable":true,"href":"https:\/\/5lo.lublin.pl\/index.php?rest_route=\/wp\/v2\/users\/1"}],"replies":[{"embeddable":true,"href":"https:\/\/5lo.lublin.pl\/index.php?rest_route=%2Fwp%2Fv2%2Fcomments&post=19647"}],"version-history":[{"count":1,"href":"https:\/\/5lo.lublin.pl\/index.php?rest_route=\/wp\/v2\/posts\/19647\/revisions"}],"predecessor-version":[{"id":19650,"href":"https:\/\/5lo.lublin.pl\/index.php?rest_route=\/wp\/v2\/posts\/19647\/revisions\/19650"}],"wp:featuredmedia":[{"embeddable":true,"href":"https:\/\/5lo.lublin.pl\/index.php?rest_route=\/wp\/v2\/media\/19649"}],"wp:attachment":[{"href":"https:\/\/5lo.lublin.pl\/index.php?rest_route=%2Fwp%2Fv2%2Fmedia&parent=19647"}],"wp:term":[{"taxonomy":"category","embeddable":true,"href":"https:\/\/5lo.lublin.pl\/index.php?rest_route=%2Fwp%2Fv2%2Fcategories&post=19647"},{"taxonomy":"post_tag","embeddable":true,"href":"https:\/\/5lo.lublin.pl\/index.php?rest_route=%2Fwp%2Fv2%2Ftags&post=19647"}],"curies":[{"name":"wp","href":"https:\/\/api.w.org\/{rel}","templated":true}]}}