{"id":19640,"date":"2022-03-25T15:19:56","date_gmt":"2022-03-25T15:19:56","guid":{"rendered":"https:\/\/5lo.lublin.pl\/?p=19640"},"modified":"2022-03-25T15:26:27","modified_gmt":"2022-03-25T15:26:27","slug":"rekolekcje-wielkopostne-w-v-liceum-ogolnoksztalcacym","status":"publish","type":"post","link":"https:\/\/5lo.lublin.pl\/?p=19640","title":{"rendered":"<strong>Rekolekcje wielkopostne w V Liceum Og\u00f3lnokszta\u0142c\u0105cym<\/strong>"},"content":{"rendered":"\n<p>W dniach 28-30 marca 2022 roku odb\u0119d\u0105 si\u0119 Rekolekcje Wielkopostne dla uczni\u00f3w V Liceum Og\u00f3lnokszta\u0142c\u0105cego w Archikatedrze Lubelskiej przy ul. Kr\u00f3lewskiej 10.<\/p>\n\n\n\n<p>Ka\u017cdego dnia rekolekcje rozpoczynaj\u0105 si\u0119 o godz. 12.30 i b\u0119d\u0105 si\u0119 ko\u0144czy\u0107 ok. godz. 14:30.<\/p>\n\n\n\n<p>Uczniowie z poszczeg\u00f3lnych klas wychodz\u0105 ze szko\u0142y pod opiek\u0105 wyznaczonych nauczycieli na 6 godzinie lekcyjnej (o godz.11:55). <\/p>\n\n\n\n<p>Uczniowie, kt\u00f3rzy nie uczestnicz\u0105 w rekolekcjach, pozostaj\u0105 w szkole na lekcjach zgodnie z planem, zamieszczonym w dzienniku elektronicznym dla ka\u017cdej klasy.<\/p>\n","protected":false},"excerpt":{"rendered":"<p>W dniach 28-30 marca 2022 roku odb\u0119d\u0105 si\u0119 Rekolekcje Wielkopostne dla uczni\u00f3w V Liceum Og\u00f3lnokszta\u0142c\u0105cego w Archikatedrze Lubelskiej przy ul. Kr\u00f3lewskiej 10. Ka\u017cdego dnia rekolekcje rozpoczynaj\u0105 si\u0119 o godz. 12.30 i b\u0119d\u0105 si\u0119 ko\u0144czy\u0107 ok. godz. 14:30. Uczniowie z poszczeg\u00f3lnych klas wychodz\u0105 ze szko\u0142y pod opiek\u0105 wyznaczonych nauczycieli na 6 godzinie lekcyjnej (o godz.11:55). Uczniowie, [&hellip;]<\/p>\n","protected":false},"author":23,"featured_media":19641,"comment_status":"open","ping_status":"open","sticky":false,"template":"","format":"standard","meta":{"footnotes":""},"categories":[1,133],"tags":[],"_links":{"self":[{"href":"https:\/\/5lo.lublin.pl\/index.php?rest_route=\/wp\/v2\/posts\/19640"}],"collection":[{"href":"https:\/\/5lo.lublin.pl\/index.php?rest_route=\/wp\/v2\/posts"}],"about":[{"href":"https:\/\/5lo.lublin.pl\/index.php?rest_route=\/wp\/v2\/types\/post"}],"author":[{"embeddable":true,"href":"https:\/\/5lo.lublin.pl\/index.php?rest_route=\/wp\/v2\/users\/23"}],"replies":[{"embeddable":true,"href":"https:\/\/5lo.lublin.pl\/index.php?rest_route=%2Fwp%2Fv2%2Fcomments&post=19640"}],"version-history":[{"count":1,"href":"https:\/\/5lo.lublin.pl\/index.php?rest_route=\/wp\/v2\/posts\/19640\/revisions"}],"predecessor-version":[{"id":19645,"href":"https:\/\/5lo.lublin.pl\/index.php?rest_route=\/wp\/v2\/posts\/19640\/revisions\/19645"}],"wp:featuredmedia":[{"embeddable":true,"href":"https:\/\/5lo.lublin.pl\/index.php?rest_route=\/wp\/v2\/media\/19641"}],"wp:attachment":[{"href":"https:\/\/5lo.lublin.pl\/index.php?rest_route=%2Fwp%2Fv2%2Fmedia&parent=19640"}],"wp:term":[{"taxonomy":"category","embeddable":true,"href":"https:\/\/5lo.lublin.pl\/index.php?rest_route=%2Fwp%2Fv2%2Fcategories&post=19640"},{"taxonomy":"post_tag","embeddable":true,"href":"https:\/\/5lo.lublin.pl\/index.php?rest_route=%2Fwp%2Fv2%2Ftags&post=19640"}],"curies":[{"name":"wp","href":"https:\/\/api.w.org\/{rel}","templated":true}]}}