{"id":19635,"date":"2022-03-24T18:04:12","date_gmt":"2022-03-24T18:04:12","guid":{"rendered":"https:\/\/5lo.lublin.pl\/?p=19635"},"modified":"2022-03-24T18:04:16","modified_gmt":"2022-03-24T18:04:16","slug":"informujemy","status":"publish","type":"post","link":"https:\/\/5lo.lublin.pl\/?p=19635","title":{"rendered":"Informujemy"},"content":{"rendered":"\n<figure class=\"wp-block-image size-large\"><img loading=\"lazy\" decoding=\"async\" width=\"1024\" height=\"199\" src=\"https:\/\/5lo.lublin.pl\/wp-content\/uploads\/2022\/03\/OWE-logo-1024x199.jpg\" alt=\"\" class=\"wp-image-19637\" srcset=\"https:\/\/5lo.lublin.pl\/wp-content\/uploads\/2022\/03\/OWE-logo-1024x199.jpg 1024w, https:\/\/5lo.lublin.pl\/wp-content\/uploads\/2022\/03\/OWE-logo-300x58.jpg 300w, https:\/\/5lo.lublin.pl\/wp-content\/uploads\/2022\/03\/OWE-logo-768x149.jpg 768w, https:\/\/5lo.lublin.pl\/wp-content\/uploads\/2022\/03\/OWE-logo.jpg 1175w\" sizes=\"(max-width: 1024px) 100vw, 1024px\" \/><\/figure>\n\n\n\n<p>Z przyjemno\u015bci\u0105 informujemy, \u017ce do okr\u0119gowego etapu Olimpiady Wiedzy Ekologicznej zakwalifikowali si\u0119 uczniowie:<\/p>\n\n\n\n<p><strong>Hanna Mierzejewska, Konrad Padzi\u0144ski <\/strong>\u2013 klasa 2c, opiekun \u2013 <strong>Agnieszka Przybycie\u0144-Sioma<\/strong><\/p>\n\n\n\n<p><strong>Oliwia Bartnik<\/strong> \u2013 klasa 3g, opiekun \u2013 <strong>Renata Grzegorczyk<\/strong><\/p>\n\n\n\n<p>Gratulujemy sukcesu!<\/p>\n","protected":false},"excerpt":{"rendered":"<p>Z przyjemno\u015bci\u0105 informujemy, \u017ce do okr\u0119gowego etapu Olimpiady Wiedzy Ekologicznej zakwalifikowali si\u0119 uczniowie: Hanna Mierzejewska, Konrad Padzi\u0144ski \u2013 klasa 2c, opiekun \u2013 Agnieszka Przybycie\u0144-Sioma Oliwia Bartnik \u2013 klasa 3g, opiekun \u2013 Renata Grzegorczyk Gratulujemy sukcesu!<\/p>\n","protected":false},"author":29,"featured_media":19636,"comment_status":"open","ping_status":"open","sticky":false,"template":"","format":"standard","meta":{"footnotes":""},"categories":[360],"tags":[],"_links":{"self":[{"href":"https:\/\/5lo.lublin.pl\/index.php?rest_route=\/wp\/v2\/posts\/19635"}],"collection":[{"href":"https:\/\/5lo.lublin.pl\/index.php?rest_route=\/wp\/v2\/posts"}],"about":[{"href":"https:\/\/5lo.lublin.pl\/index.php?rest_route=\/wp\/v2\/types\/post"}],"author":[{"embeddable":true,"href":"https:\/\/5lo.lublin.pl\/index.php?rest_route=\/wp\/v2\/users\/29"}],"replies":[{"embeddable":true,"href":"https:\/\/5lo.lublin.pl\/index.php?rest_route=%2Fwp%2Fv2%2Fcomments&post=19635"}],"version-history":[{"count":1,"href":"https:\/\/5lo.lublin.pl\/index.php?rest_route=\/wp\/v2\/posts\/19635\/revisions"}],"predecessor-version":[{"id":19638,"href":"https:\/\/5lo.lublin.pl\/index.php?rest_route=\/wp\/v2\/posts\/19635\/revisions\/19638"}],"wp:featuredmedia":[{"embeddable":true,"href":"https:\/\/5lo.lublin.pl\/index.php?rest_route=\/wp\/v2\/media\/19636"}],"wp:attachment":[{"href":"https:\/\/5lo.lublin.pl\/index.php?rest_route=%2Fwp%2Fv2%2Fmedia&parent=19635"}],"wp:term":[{"taxonomy":"category","embeddable":true,"href":"https:\/\/5lo.lublin.pl\/index.php?rest_route=%2Fwp%2Fv2%2Fcategories&post=19635"},{"taxonomy":"post_tag","embeddable":true,"href":"https:\/\/5lo.lublin.pl\/index.php?rest_route=%2Fwp%2Fv2%2Ftags&post=19635"}],"curies":[{"name":"wp","href":"https:\/\/api.w.org\/{rel}","templated":true}]}}