{"id":19604,"date":"2022-03-16T20:48:21","date_gmt":"2022-03-16T20:48:21","guid":{"rendered":"https:\/\/5lo.lublin.pl\/?p=19604"},"modified":"2022-03-16T21:00:23","modified_gmt":"2022-03-16T21:00:23","slug":"ja-cie-kocham-a-ty-spisz","status":"publish","type":"post","link":"https:\/\/5lo.lublin.pl\/?p=19604","title":{"rendered":"Ja Ci\u0119 kocham, a Ty \u015bpisz"},"content":{"rendered":"\n<p>Karolina Jatczak z klasy 2g, humanistycznej, otrzyma\u0142a nagrod\u0119 w Konkursie J<em>a Ci\u0119 kocham, a Ty \u015bpisz<\/em> na wiersz mi\u0142osny. Gratulacje, Karolino!<\/p>\n\n\n\n<div class=\"wp-block-image\"><figure class=\"aligncenter size-large\"><img loading=\"lazy\" decoding=\"async\" width=\"724\" height=\"1024\" src=\"https:\/\/5lo.lublin.pl\/wp-content\/uploads\/2022\/03\/KarolinaJatczak_800-724x1024.jpg\" alt=\"\" class=\"wp-image-19605\" srcset=\"https:\/\/5lo.lublin.pl\/wp-content\/uploads\/2022\/03\/KarolinaJatczak_800-724x1024.jpg 724w, https:\/\/5lo.lublin.pl\/wp-content\/uploads\/2022\/03\/KarolinaJatczak_800-212x300.jpg 212w, https:\/\/5lo.lublin.pl\/wp-content\/uploads\/2022\/03\/KarolinaJatczak_800-768x1086.jpg 768w, https:\/\/5lo.lublin.pl\/wp-content\/uploads\/2022\/03\/KarolinaJatczak_800.jpg 800w\" sizes=\"(max-width: 724px) 100vw, 724px\" \/><figcaption>Dyplom Karoliny<\/figcaption><\/figure><\/div>\n\n\n\n<h5 class=\"has-text-align-center wp-block-heading\">Nagrodzone wiersze &#8211; cykl list\u00f3w do Izabeli \u0141\u0119ckiej<\/h5>\n\n\n\n<figure class=\"wp-block-table aligncenter\"><table><tbody><tr><td class=\"has-text-align-left\" data-align=\"left\"><strong>I. wspomnij mnie tak<br \/>jak wspominasz lato<br \/>z przebaczeniem<br \/>piel\u0119gnuj ogrody<br \/>w kt\u00f3rych pozwoli\u0142a\u015b mi<br \/>dawniej<br \/>wyrasta\u0107 w\u015br\u00f3d chwast\u00f3w      <br \/><br \/>nie zniszczy ci\u0119<br \/>pierwszy deszcz<br \/>wiatr b\u0119dzie szepta\u0142<br \/>do twojego ucha wiersze<br \/>odlatuj\u0105ce czajki<br \/>napisz\u0105 ci listy<br \/>z podr\u00f3\u017cy<br \/>opisz\u0105 obrazy<br \/>kt\u00f3re nie dadz\u0105 ci spa\u0107<br \/><br \/>oto nadszed\u0142 listopad<br \/>Izabelo przechyl kielich<br \/>z opad\u0142ych li\u015bci<br \/>wypij zdrowie lipca<br \/>uczcij pami\u0119\u0107 o s\u0142o\u0144cu<br \/>i chowaj si\u0119 gdy<br \/>jego poranne promienie<br \/>dziel\u0105 si\u0119 z tob\u0105 deszczem<\/strong><\/td><td class=\"has-text-align-left\" data-align=\"left\"><strong>II. mo\u017cesz otworzy\u0107 oczy<br \/>twoja siostra zima<br \/>przesz\u0142a nie obdarzy\u0142a ci\u0119<br \/>nawet spojrzeniem<br \/>zostawi\u0142a tylko<br \/>ch\u0142\u00f3d w twoich d\u0142oniach<br \/>ch\u0142\u00f3d kt\u00f3rego<br \/>boj\u0105 si\u0119 motyle<br \/><br \/>\u0142apiesz motyle za skrzyd\u0142a<br \/>mo\u017cesz roztrzaska\u0107 je<br \/>w r\u0119kach nikt<br \/>nie powiedzia\u0142 ci<br \/>\u017ce aby bra\u0107 w posiadanie<br \/>nale\u017cy odda\u0107 co\u015b w zamian<\/strong>      <br \/><br \/><br \/><br \/><br \/><br \/><br \/><br \/><br \/><br \/><br \/><\/td><td class=\"has-text-align-left\" data-align=\"left\"><strong>III. kiedy\u015b ba\u0142em si\u0119<br \/>\u017ce mog\u0119 za mi\u0142o\u015b\u0107<br \/>trafi\u0107 do piek\u0142a<br \/>\u017ce czeka mnie kara<br \/>za zostawienie \u0142ez<br \/>na twojej szyi jak perfum<br \/><br \/>teraz sumienie u\u015bmiecha si\u0119<br \/>na m\u00f3j widok m\u00f3wi<br \/>\u00a0\u00a0 idziesz ci\u0105gle<br \/>\u00a0\u00a0 i nie grzeszysz wi\u0119cej<br \/>prze\u0142kn\u0105\u0142em smak<br \/>naszych nocy<br \/>teraz nie s\u0142u\u017c\u0119 wynaturzeniu<br \/>moja sk\u00f3ra nasycona dotykiem      <br \/>nie musi b\u0142aga\u0107<br \/>o dowody istnienia<br \/><\/strong><br \/><br \/><br \/><br \/><br \/><br \/><br \/><br \/><\/td><\/tr><\/tbody><\/table><\/figure>\n\n\n\n<p class=\"has-text-align-center\">Opiekun &#8211; Anna Lipczy\u0144ska-Tymczyna<\/p>\n","protected":false},"excerpt":{"rendered":"<p>Karolina Jatczak z klasy 2g, humanistycznej, otrzyma\u0142a nagrod\u0119 w Konkursie Ja Ci\u0119 kocham, a Ty \u015bpisz na wiersz mi\u0142osny. Gratulacje, Karolino! Nagrodzone wiersze &#8211; cykl list\u00f3w do Izabeli \u0141\u0119ckiej I. wspomnij mnie takjak wspominasz latoz przebaczeniempiel\u0119gnuj ogrodyw kt\u00f3rych pozwoli\u0142a\u015b midawniejwyrasta\u0107 w\u015br\u00f3d chwast\u00f3w nie zniszczy ci\u0119pierwszy deszczwiatr b\u0119dzie szepta\u0142do twojego ucha wierszeodlatuj\u0105ce czajkinapisz\u0105 ci listyz podr\u00f3\u017cyopisz\u0105 [&hellip;]<\/p>\n","protected":false},"author":1,"featured_media":19606,"comment_status":"closed","ping_status":"open","sticky":false,"template":"","format":"standard","meta":{"footnotes":""},"categories":[362,1],"tags":[],"_links":{"self":[{"href":"https:\/\/5lo.lublin.pl\/index.php?rest_route=\/wp\/v2\/posts\/19604"}],"collection":[{"href":"https:\/\/5lo.lublin.pl\/index.php?rest_route=\/wp\/v2\/posts"}],"about":[{"href":"https:\/\/5lo.lublin.pl\/index.php?rest_route=\/wp\/v2\/types\/post"}],"author":[{"embeddable":true,"href":"https:\/\/5lo.lublin.pl\/index.php?rest_route=\/wp\/v2\/users\/1"}],"replies":[{"embeddable":true,"href":"https:\/\/5lo.lublin.pl\/index.php?rest_route=%2Fwp%2Fv2%2Fcomments&post=19604"}],"version-history":[{"count":2,"href":"https:\/\/5lo.lublin.pl\/index.php?rest_route=\/wp\/v2\/posts\/19604\/revisions"}],"predecessor-version":[{"id":19619,"href":"https:\/\/5lo.lublin.pl\/index.php?rest_route=\/wp\/v2\/posts\/19604\/revisions\/19619"}],"wp:featuredmedia":[{"embeddable":true,"href":"https:\/\/5lo.lublin.pl\/index.php?rest_route=\/wp\/v2\/media\/19606"}],"wp:attachment":[{"href":"https:\/\/5lo.lublin.pl\/index.php?rest_route=%2Fwp%2Fv2%2Fmedia&parent=19604"}],"wp:term":[{"taxonomy":"category","embeddable":true,"href":"https:\/\/5lo.lublin.pl\/index.php?rest_route=%2Fwp%2Fv2%2Fcategories&post=19604"},{"taxonomy":"post_tag","embeddable":true,"href":"https:\/\/5lo.lublin.pl\/index.php?rest_route=%2Fwp%2Fv2%2Ftags&post=19604"}],"curies":[{"name":"wp","href":"https:\/\/api.w.org\/{rel}","templated":true}]}}