{"id":19588,"date":"2022-03-15T16:51:46","date_gmt":"2022-03-15T16:51:46","guid":{"rendered":"https:\/\/5lo.lublin.pl\/?p=19588"},"modified":"2022-03-15T17:06:44","modified_gmt":"2022-03-15T17:06:44","slug":"ii-miejsce-w-xxix-olimpiadzie-promocji-zdrowego-stylu-zycia-2021-2022","status":"publish","type":"post","link":"https:\/\/5lo.lublin.pl\/?p=19588","title":{"rendered":"II miejsce w XXIX Olimpiadzie Promocji Zdrowego Stylu \u017bycia 2021\/2022"},"content":{"rendered":"\n<div class=\"wp-block-image\"><figure class=\"aligncenter size-full\"><img loading=\"lazy\" decoding=\"async\" width=\"412\" height=\"123\" src=\"https:\/\/5lo.lublin.pl\/wp-content\/uploads\/2022\/03\/LOGO-OPZSZ.jpg\" alt=\"\" class=\"wp-image-19589\" srcset=\"https:\/\/5lo.lublin.pl\/wp-content\/uploads\/2022\/03\/LOGO-OPZSZ.jpg 412w, https:\/\/5lo.lublin.pl\/wp-content\/uploads\/2022\/03\/LOGO-OPZSZ-300x90.jpg 300w\" sizes=\"(max-width: 412px) 100vw, 412px\" \/><\/figure><\/div>\n\n\n\n<h1 class=\"wp-block-heading\">Uczennica klasy 3d Karolina Przywara zaj\u0119\u0142a II miejsce w rejonowym etapie XXIX edycji Olimpiady Promocji Zdrowego Stylu \u017bycia 2021\/2022.<\/h1>\n\n\n\n<div data-wp-interactive=\"\" class=\"wp-block-file\"><object data-wp-bind--hidden=\"!selectors.core.file.hasPdfPreview\" hidden class=\"wp-block-file__embed\" data=\"https:\/\/5lo.lublin.pl\/wp-content\/uploads\/2022\/03\/Dyplom-1.pdf\" type=\"application\/pdf\" style=\"width:100%;height:600px\" aria-label=\"Osadzone z Osadzone z Dyplom..\"><\/object><a id=\"wp-block-file--media-e4a261b4-92e7-43c9-84e9-4a0b991318e1\" href=\"https:\/\/5lo.lublin.pl\/wp-content\/uploads\/2022\/03\/Dyplom-1.pdf\">Dyplom<\/a><a href=\"https:\/\/5lo.lublin.pl\/wp-content\/uploads\/2022\/03\/Dyplom-1.pdf\" class=\"wp-block-file__button\" download aria-describedby=\"wp-block-file--media-e4a261b4-92e7-43c9-84e9-4a0b991318e1\">Pobierz<\/a><\/div>\n\n\n\n<h1 class=\"wp-block-heading\">Gratulujemy i \u017cyczymy dalszych sukces\u00f3w!<\/h1>\n\n\n\n<p><strong>Opiekun \u2013 p. Renata Grzegorczyk<\/strong><\/p>\n","protected":false},"excerpt":{"rendered":"<p>Uczennica klasy 3d Karolina Przywara zaj\u0119\u0142a II miejsce w rejonowym etapie XXIX edycji Olimpiady Promocji Zdrowego Stylu \u017bycia 2021\/2022. Gratulujemy i \u017cyczymy dalszych sukces\u00f3w! Opiekun \u2013 p. Renata Grzegorczyk<\/p>\n","protected":false},"author":29,"featured_media":19591,"comment_status":"open","ping_status":"open","sticky":false,"template":"","format":"standard","meta":{"footnotes":""},"categories":[348,360],"tags":[],"_links":{"self":[{"href":"https:\/\/5lo.lublin.pl\/index.php?rest_route=\/wp\/v2\/posts\/19588"}],"collection":[{"href":"https:\/\/5lo.lublin.pl\/index.php?rest_route=\/wp\/v2\/posts"}],"about":[{"href":"https:\/\/5lo.lublin.pl\/index.php?rest_route=\/wp\/v2\/types\/post"}],"author":[{"embeddable":true,"href":"https:\/\/5lo.lublin.pl\/index.php?rest_route=\/wp\/v2\/users\/29"}],"replies":[{"embeddable":true,"href":"https:\/\/5lo.lublin.pl\/index.php?rest_route=%2Fwp%2Fv2%2Fcomments&post=19588"}],"version-history":[{"count":1,"href":"https:\/\/5lo.lublin.pl\/index.php?rest_route=\/wp\/v2\/posts\/19588\/revisions"}],"predecessor-version":[{"id":19602,"href":"https:\/\/5lo.lublin.pl\/index.php?rest_route=\/wp\/v2\/posts\/19588\/revisions\/19602"}],"wp:featuredmedia":[{"embeddable":true,"href":"https:\/\/5lo.lublin.pl\/index.php?rest_route=\/wp\/v2\/media\/19591"}],"wp:attachment":[{"href":"https:\/\/5lo.lublin.pl\/index.php?rest_route=%2Fwp%2Fv2%2Fmedia&parent=19588"}],"wp:term":[{"taxonomy":"category","embeddable":true,"href":"https:\/\/5lo.lublin.pl\/index.php?rest_route=%2Fwp%2Fv2%2Fcategories&post=19588"},{"taxonomy":"post_tag","embeddable":true,"href":"https:\/\/5lo.lublin.pl\/index.php?rest_route=%2Fwp%2Fv2%2Ftags&post=19588"}],"curies":[{"name":"wp","href":"https:\/\/api.w.org\/{rel}","templated":true}]}}