{"id":19536,"date":"2022-03-13T09:29:52","date_gmt":"2022-03-13T09:29:52","guid":{"rendered":"https:\/\/5lo.lublin.pl\/?p=19536"},"modified":"2022-03-13T09:32:30","modified_gmt":"2022-03-13T09:32:30","slug":"8-marca-2022-roku-pokaz-mody-pod-tytulem-red-gala","status":"publish","type":"post","link":"https:\/\/5lo.lublin.pl\/?p=19536","title":{"rendered":"8 marca 2022 roku &#8211; pokaz mody pod tytu\u0142em \u201eRed Gala\u201d."},"content":{"rendered":"\n<p>8 marca 2022 roku o godzinie 17 w naszej szkole odby\u0142 si\u0119 pokaz mody pod tytu\u0142em \u201eRed Gala\u201d. By\u0142o to podsumowanie projektu \u201ePlootkary\u201d realizowanego w ramach programu \u201eZwolnieni z teorii\u201d, kt\u00f3rego tematem jest ekologia w modzie. G\u0142\u00f3wnymi celami projektu s\u0105 ochrona \u015brodowiska, u\u015bwiadamianie innych o wp\u0142ywie mody na \u015brodowisko, zapobieganie zmianom klimatycznym poprzez rozs\u0105dne kupowanie oraz tworzenie dobrych nawyk\u00f3w konsumenckich. Ca\u0142a kolekcja ubra\u0144 zosta\u0142a zaprojektowana i wykonana przez uczestniczki projektu. Stylizacje powsta\u0142y z ubra\u0144, przekazanych przez uczni\u00f3w naszej szko\u0142y podczas \u201eWielkiej Wymiany Ubra\u0144\u201d, kt\u00f3ra odby\u0142a si\u0119 w dniach 17-19 listopada 2021 roku. Gwiazd\u0105 wieczoru by\u0142 <strong>Adam Opo\u0144<\/strong>&#8211; ucze\u0144 klasy 3b. <em>Za\u015bpiewa\u0142 on swoje autorskie piosenki<\/em>. Go\u015bciem specjalnym by\u0142a <strong>Daria Dokurno<\/strong> &#8211; studentka Mi\u0119dzynarodowej Szko\u0142y Kostiumografii i Projektowania Ubioru, kt\u00f3ra zaprojektowa\u0142a i wykona\u0142a jedn\u0105 ze stylizacji. W trakcie spotkania mo\u017cna by\u0142o obejrze\u0107 wystaw\u0119 zdj\u0119\u0107 wykonanych przez naszego fotografa- <strong>Joann\u0119 Pyc<\/strong>. Dzi\u0119ki wsp\u00f3\u0142pracy z kawiarni\u0105 S\u0142odkie Bistro wszyscy go\u015bcie mogli spr\u00f3bowa\u0107 donut\u00f3w, wp\u0142acaj\u0105c pieni\u0105dze na zbi\u00f3rk\u0119 na Allegro Lokalnie, kt\u00f3rej celem jest ochrona klimatu. Dzi\u0119ki upcyklingowi zesp\u00f3\u0142 projektu udowodni\u0142, \u017ce moda jest przestrzeni\u0105 dla kreatywno\u015bci i wyra\u017cania siebie. Wydarzenie cieszy\u0142o si\u0119 du\u017cym zainteresowaniem \u015brodowiska m\u0142odych ludzi Lublina.<br \/>Zesp\u00f3\u0142 projektowy: <strong>Oliwia Ko\u0142bu\u015b<\/strong> kl. 1a, <strong>Izabela Kotowska<\/strong> kl. 1c, <strong>Aleksandra Ma\u0142ek<\/strong> kl. 3b, <strong>Roksana Majewska<\/strong> kl. 3b, <strong>Antonina Matysek<\/strong> kl. 3b, <strong>Marlena Pelczar<\/strong> kl. 3d.<br \/><\/p>\n\n\n\n<p>Link do Instagrama \u201ePlootkary\u201d:\u00a0 <a href=\"https:\/\/www.instagram.com\/plootkary\/?utm_medium=copy_link\" data-type=\"URL\" data-id=\"https:\/\/www.instagram.com\/plootkary\/?utm_medium=copy_link\" target=\"_blank\" rel=\"noreferrer noopener\">https:\/\/www.instagram.com\/plootkary\/?utm_medium=copy_link<\/a><\/p>\n\n\n\n<p>Link do konta Adama Oponia na Youtube:\u00a0<a href=\"https:\/\/www.youtube.com\/channel\/UC34AF9GWt0r9k4GY7g2Zewg\" target=\"_blank\" rel=\"noreferrer noopener\">https:\/\/www.youtube.com\/channel\/UC34AF9GWt0r9k4GY7g2Zewg<\/a><br \/><\/p>\n\n\n\n<figure class=\"wp-block-gallery has-nested-images columns-default is-cropped wp-block-gallery-1 is-layout-flex wp-block-gallery-is-layout-flex\">\n<figure class=\"wp-block-image size-large\"><img loading=\"lazy\" decoding=\"async\" width=\"1024\" height=\"680\" data-id=\"19541\" src=\"https:\/\/5lo.lublin.pl\/wp-content\/uploads\/2022\/03\/image0004_m.jpg\" alt=\"\" class=\"wp-image-19541\" srcset=\"https:\/\/5lo.lublin.pl\/wp-content\/uploads\/2022\/03\/image0004_m.jpg 1024w, https:\/\/5lo.lublin.pl\/wp-content\/uploads\/2022\/03\/image0004_m-300x199.jpg 300w, https:\/\/5lo.lublin.pl\/wp-content\/uploads\/2022\/03\/image0004_m-768x510.jpg 768w\" sizes=\"(max-width: 1024px) 100vw, 1024px\" \/><\/figure>\n\n\n\n<figure class=\"wp-block-image size-large\"><img loading=\"lazy\" decoding=\"async\" width=\"1024\" height=\"680\" data-id=\"19539\" src=\"https:\/\/5lo.lublin.pl\/wp-content\/uploads\/2022\/03\/image0008_m.jpg\" alt=\"\" class=\"wp-image-19539\" srcset=\"https:\/\/5lo.lublin.pl\/wp-content\/uploads\/2022\/03\/image0008_m.jpg 1024w, https:\/\/5lo.lublin.pl\/wp-content\/uploads\/2022\/03\/image0008_m-300x199.jpg 300w, https:\/\/5lo.lublin.pl\/wp-content\/uploads\/2022\/03\/image0008_m-768x510.jpg 768w\" sizes=\"(max-width: 1024px) 100vw, 1024px\" \/><\/figure>\n\n\n\n<figure class=\"wp-block-image size-large\"><img loading=\"lazy\" decoding=\"async\" width=\"1024\" height=\"680\" data-id=\"19542\" src=\"https:\/\/5lo.lublin.pl\/wp-content\/uploads\/2022\/03\/image0009_m.jpg\" alt=\"\" class=\"wp-image-19542\" srcset=\"https:\/\/5lo.lublin.pl\/wp-content\/uploads\/2022\/03\/image0009_m.jpg 1024w, https:\/\/5lo.lublin.pl\/wp-content\/uploads\/2022\/03\/image0009_m-300x199.jpg 300w, https:\/\/5lo.lublin.pl\/wp-content\/uploads\/2022\/03\/image0009_m-768x510.jpg 768w\" sizes=\"(max-width: 1024px) 100vw, 1024px\" \/><\/figure>\n\n\n\n<figure class=\"wp-block-image size-large\"><img loading=\"lazy\" decoding=\"async\" width=\"1024\" height=\"680\" data-id=\"19543\" src=\"https:\/\/5lo.lublin.pl\/wp-content\/uploads\/2022\/03\/image0010_m.jpg\" alt=\"\" class=\"wp-image-19543\" srcset=\"https:\/\/5lo.lublin.pl\/wp-content\/uploads\/2022\/03\/image0010_m.jpg 1024w, https:\/\/5lo.lublin.pl\/wp-content\/uploads\/2022\/03\/image0010_m-300x199.jpg 300w, https:\/\/5lo.lublin.pl\/wp-content\/uploads\/2022\/03\/image0010_m-768x510.jpg 768w\" sizes=\"(max-width: 1024px) 100vw, 1024px\" \/><\/figure>\n\n\n\n<figure class=\"wp-block-image size-large\"><img loading=\"lazy\" decoding=\"async\" width=\"1024\" height=\"680\" data-id=\"19544\" src=\"https:\/\/5lo.lublin.pl\/wp-content\/uploads\/2022\/03\/image0013_m.jpg\" alt=\"\" class=\"wp-image-19544\" srcset=\"https:\/\/5lo.lublin.pl\/wp-content\/uploads\/2022\/03\/image0013_m.jpg 1024w, https:\/\/5lo.lublin.pl\/wp-content\/uploads\/2022\/03\/image0013_m-300x199.jpg 300w, https:\/\/5lo.lublin.pl\/wp-content\/uploads\/2022\/03\/image0013_m-768x510.jpg 768w\" sizes=\"(max-width: 1024px) 100vw, 1024px\" \/><\/figure>\n\n\n\n<figure class=\"wp-block-image size-large\"><img loading=\"lazy\" decoding=\"async\" width=\"1024\" height=\"680\" data-id=\"19540\" src=\"https:\/\/5lo.lublin.pl\/wp-content\/uploads\/2022\/03\/image0014_m.jpg\" alt=\"\" class=\"wp-image-19540\" srcset=\"https:\/\/5lo.lublin.pl\/wp-content\/uploads\/2022\/03\/image0014_m.jpg 1024w, https:\/\/5lo.lublin.pl\/wp-content\/uploads\/2022\/03\/image0014_m-300x199.jpg 300w, https:\/\/5lo.lublin.pl\/wp-content\/uploads\/2022\/03\/image0014_m-768x510.jpg 768w\" sizes=\"(max-width: 1024px) 100vw, 1024px\" \/><\/figure>\n\n\n\n<figure class=\"wp-block-image size-large\"><img loading=\"lazy\" decoding=\"async\" width=\"1024\" height=\"680\" data-id=\"19545\" src=\"https:\/\/5lo.lublin.pl\/wp-content\/uploads\/2022\/03\/image0015_m.jpg\" alt=\"\" class=\"wp-image-19545\" srcset=\"https:\/\/5lo.lublin.pl\/wp-content\/uploads\/2022\/03\/image0015_m.jpg 1024w, https:\/\/5lo.lublin.pl\/wp-content\/uploads\/2022\/03\/image0015_m-300x199.jpg 300w, https:\/\/5lo.lublin.pl\/wp-content\/uploads\/2022\/03\/image0015_m-768x510.jpg 768w\" sizes=\"(max-width: 1024px) 100vw, 1024px\" \/><\/figure>\n\n\n\n<figure class=\"wp-block-image size-large\"><img loading=\"lazy\" decoding=\"async\" width=\"1024\" height=\"680\" data-id=\"19546\" src=\"https:\/\/5lo.lublin.pl\/wp-content\/uploads\/2022\/03\/image0016_m.jpg\" alt=\"\" class=\"wp-image-19546\" srcset=\"https:\/\/5lo.lublin.pl\/wp-content\/uploads\/2022\/03\/image0016_m.jpg 1024w, https:\/\/5lo.lublin.pl\/wp-content\/uploads\/2022\/03\/image0016_m-300x199.jpg 300w, https:\/\/5lo.lublin.pl\/wp-content\/uploads\/2022\/03\/image0016_m-768x510.jpg 768w\" sizes=\"(max-width: 1024px) 100vw, 1024px\" \/><\/figure>\n\n\n\n<figure class=\"wp-block-image size-large\"><img loading=\"lazy\" decoding=\"async\" width=\"1024\" height=\"680\" data-id=\"19547\" src=\"https:\/\/5lo.lublin.pl\/wp-content\/uploads\/2022\/03\/image0018_m.jpg\" alt=\"\" class=\"wp-image-19547\" srcset=\"https:\/\/5lo.lublin.pl\/wp-content\/uploads\/2022\/03\/image0018_m.jpg 1024w, https:\/\/5lo.lublin.pl\/wp-content\/uploads\/2022\/03\/image0018_m-300x199.jpg 300w, https:\/\/5lo.lublin.pl\/wp-content\/uploads\/2022\/03\/image0018_m-768x510.jpg 768w\" sizes=\"(max-width: 1024px) 100vw, 1024px\" \/><\/figure>\n\n\n\n<figure class=\"wp-block-image size-large\"><img loading=\"lazy\" decoding=\"async\" width=\"1024\" height=\"680\" data-id=\"19550\" src=\"https:\/\/5lo.lublin.pl\/wp-content\/uploads\/2022\/03\/image0023_m.jpg\" alt=\"\" class=\"wp-image-19550\" srcset=\"https:\/\/5lo.lublin.pl\/wp-content\/uploads\/2022\/03\/image0023_m.jpg 1024w, https:\/\/5lo.lublin.pl\/wp-content\/uploads\/2022\/03\/image0023_m-300x199.jpg 300w, https:\/\/5lo.lublin.pl\/wp-content\/uploads\/2022\/03\/image0023_m-768x510.jpg 768w\" sizes=\"(max-width: 1024px) 100vw, 1024px\" \/><\/figure>\n\n\n\n<figure class=\"wp-block-image size-large\"><img loading=\"lazy\" decoding=\"async\" width=\"1024\" height=\"680\" data-id=\"19548\" src=\"https:\/\/5lo.lublin.pl\/wp-content\/uploads\/2022\/03\/image0028_m.jpg\" alt=\"\" class=\"wp-image-19548\" srcset=\"https:\/\/5lo.lublin.pl\/wp-content\/uploads\/2022\/03\/image0028_m.jpg 1024w, https:\/\/5lo.lublin.pl\/wp-content\/uploads\/2022\/03\/image0028_m-300x199.jpg 300w, https:\/\/5lo.lublin.pl\/wp-content\/uploads\/2022\/03\/image0028_m-768x510.jpg 768w\" sizes=\"(max-width: 1024px) 100vw, 1024px\" \/><\/figure>\n\n\n\n<figure class=\"wp-block-image size-large\"><img loading=\"lazy\" decoding=\"async\" width=\"1024\" height=\"680\" data-id=\"19549\" src=\"https:\/\/5lo.lublin.pl\/wp-content\/uploads\/2022\/03\/image0033_m.jpg\" alt=\"\" class=\"wp-image-19549\" srcset=\"https:\/\/5lo.lublin.pl\/wp-content\/uploads\/2022\/03\/image0033_m.jpg 1024w, https:\/\/5lo.lublin.pl\/wp-content\/uploads\/2022\/03\/image0033_m-300x199.jpg 300w, https:\/\/5lo.lublin.pl\/wp-content\/uploads\/2022\/03\/image0033_m-768x510.jpg 768w\" sizes=\"(max-width: 1024px) 100vw, 1024px\" \/><\/figure>\n\n\n\n<figure class=\"wp-block-image size-large\"><img loading=\"lazy\" decoding=\"async\" width=\"1024\" height=\"680\" data-id=\"19551\" src=\"https:\/\/5lo.lublin.pl\/wp-content\/uploads\/2022\/03\/image0034_m.jpg\" alt=\"\" class=\"wp-image-19551\" srcset=\"https:\/\/5lo.lublin.pl\/wp-content\/uploads\/2022\/03\/image0034_m.jpg 1024w, https:\/\/5lo.lublin.pl\/wp-content\/uploads\/2022\/03\/image0034_m-300x199.jpg 300w, https:\/\/5lo.lublin.pl\/wp-content\/uploads\/2022\/03\/image0034_m-768x510.jpg 768w\" sizes=\"(max-width: 1024px) 100vw, 1024px\" \/><\/figure>\n\n\n\n<figure class=\"wp-block-image size-large\"><img loading=\"lazy\" decoding=\"async\" width=\"1024\" height=\"680\" data-id=\"19552\" src=\"https:\/\/5lo.lublin.pl\/wp-content\/uploads\/2022\/03\/image0035_m.jpg\" alt=\"\" class=\"wp-image-19552\" srcset=\"https:\/\/5lo.lublin.pl\/wp-content\/uploads\/2022\/03\/image0035_m.jpg 1024w, https:\/\/5lo.lublin.pl\/wp-content\/uploads\/2022\/03\/image0035_m-300x199.jpg 300w, https:\/\/5lo.lublin.pl\/wp-content\/uploads\/2022\/03\/image0035_m-768x510.jpg 768w\" sizes=\"(max-width: 1024px) 100vw, 1024px\" \/><\/figure>\n\n\n\n<figure class=\"wp-block-image size-large\"><img loading=\"lazy\" decoding=\"async\" width=\"1024\" height=\"680\" data-id=\"19554\" src=\"https:\/\/5lo.lublin.pl\/wp-content\/uploads\/2022\/03\/image0038_m.jpg\" alt=\"\" class=\"wp-image-19554\" srcset=\"https:\/\/5lo.lublin.pl\/wp-content\/uploads\/2022\/03\/image0038_m.jpg 1024w, https:\/\/5lo.lublin.pl\/wp-content\/uploads\/2022\/03\/image0038_m-300x199.jpg 300w, https:\/\/5lo.lublin.pl\/wp-content\/uploads\/2022\/03\/image0038_m-768x510.jpg 768w\" sizes=\"(max-width: 1024px) 100vw, 1024px\" \/><\/figure>\n\n\n\n<figure class=\"wp-block-image size-large\"><img loading=\"lazy\" decoding=\"async\" width=\"1024\" height=\"680\" data-id=\"19553\" src=\"https:\/\/5lo.lublin.pl\/wp-content\/uploads\/2022\/03\/image0039_m.jpg\" alt=\"\" class=\"wp-image-19553\" srcset=\"https:\/\/5lo.lublin.pl\/wp-content\/uploads\/2022\/03\/image0039_m.jpg 1024w, https:\/\/5lo.lublin.pl\/wp-content\/uploads\/2022\/03\/image0039_m-300x199.jpg 300w, https:\/\/5lo.lublin.pl\/wp-content\/uploads\/2022\/03\/image0039_m-768x510.jpg 768w\" sizes=\"(max-width: 1024px) 100vw, 1024px\" \/><\/figure>\n\n\n\n<figure class=\"wp-block-image size-large\"><img loading=\"lazy\" decoding=\"async\" width=\"1024\" height=\"680\" data-id=\"19556\" src=\"https:\/\/5lo.lublin.pl\/wp-content\/uploads\/2022\/03\/image0042_m.jpg\" alt=\"\" class=\"wp-image-19556\" srcset=\"https:\/\/5lo.lublin.pl\/wp-content\/uploads\/2022\/03\/image0042_m.jpg 1024w, https:\/\/5lo.lublin.pl\/wp-content\/uploads\/2022\/03\/image0042_m-300x199.jpg 300w, https:\/\/5lo.lublin.pl\/wp-content\/uploads\/2022\/03\/image0042_m-768x510.jpg 768w\" sizes=\"(max-width: 1024px) 100vw, 1024px\" \/><\/figure>\n\n\n\n<figure class=\"wp-block-image size-large\"><img loading=\"lazy\" decoding=\"async\" width=\"1024\" height=\"680\" data-id=\"19555\" src=\"https:\/\/5lo.lublin.pl\/wp-content\/uploads\/2022\/03\/image0043_m.jpg\" alt=\"\" class=\"wp-image-19555\" srcset=\"https:\/\/5lo.lublin.pl\/wp-content\/uploads\/2022\/03\/image0043_m.jpg 1024w, https:\/\/5lo.lublin.pl\/wp-content\/uploads\/2022\/03\/image0043_m-300x199.jpg 300w, https:\/\/5lo.lublin.pl\/wp-content\/uploads\/2022\/03\/image0043_m-768x510.jpg 768w\" sizes=\"(max-width: 1024px) 100vw, 1024px\" \/><\/figure>\n\n\n\n<figure class=\"wp-block-image size-large\"><img loading=\"lazy\" decoding=\"async\" width=\"1024\" height=\"680\" data-id=\"19557\" src=\"https:\/\/5lo.lublin.pl\/wp-content\/uploads\/2022\/03\/image0045_m.jpg\" alt=\"\" class=\"wp-image-19557\" srcset=\"https:\/\/5lo.lublin.pl\/wp-content\/uploads\/2022\/03\/image0045_m.jpg 1024w, https:\/\/5lo.lublin.pl\/wp-content\/uploads\/2022\/03\/image0045_m-300x199.jpg 300w, https:\/\/5lo.lublin.pl\/wp-content\/uploads\/2022\/03\/image0045_m-768x510.jpg 768w\" sizes=\"(max-width: 1024px) 100vw, 1024px\" \/><\/figure>\n\n\n\n<figure class=\"wp-block-image size-large\"><img loading=\"lazy\" decoding=\"async\" width=\"1024\" height=\"680\" data-id=\"19558\" src=\"https:\/\/5lo.lublin.pl\/wp-content\/uploads\/2022\/03\/image0046_m.jpg\" alt=\"\" class=\"wp-image-19558\" srcset=\"https:\/\/5lo.lublin.pl\/wp-content\/uploads\/2022\/03\/image0046_m.jpg 1024w, https:\/\/5lo.lublin.pl\/wp-content\/uploads\/2022\/03\/image0046_m-300x199.jpg 300w, https:\/\/5lo.lublin.pl\/wp-content\/uploads\/2022\/03\/image0046_m-768x510.jpg 768w\" sizes=\"(max-width: 1024px) 100vw, 1024px\" \/><\/figure>\n\n\n\n<figure class=\"wp-block-image size-large\"><img loading=\"lazy\" decoding=\"async\" width=\"1024\" height=\"680\" data-id=\"19559\" src=\"https:\/\/5lo.lublin.pl\/wp-content\/uploads\/2022\/03\/image0047_m.jpg\" alt=\"\" class=\"wp-image-19559\" srcset=\"https:\/\/5lo.lublin.pl\/wp-content\/uploads\/2022\/03\/image0047_m.jpg 1024w, https:\/\/5lo.lublin.pl\/wp-content\/uploads\/2022\/03\/image0047_m-300x199.jpg 300w, https:\/\/5lo.lublin.pl\/wp-content\/uploads\/2022\/03\/image0047_m-768x510.jpg 768w\" sizes=\"(max-width: 1024px) 100vw, 1024px\" \/><\/figure>\n\n\n\n<figure class=\"wp-block-image size-large\"><img loading=\"lazy\" decoding=\"async\" width=\"1024\" height=\"680\" data-id=\"19560\" src=\"https:\/\/5lo.lublin.pl\/wp-content\/uploads\/2022\/03\/image0051_m.jpg\" alt=\"\" class=\"wp-image-19560\" srcset=\"https:\/\/5lo.lublin.pl\/wp-content\/uploads\/2022\/03\/image0051_m.jpg 1024w, https:\/\/5lo.lublin.pl\/wp-content\/uploads\/2022\/03\/image0051_m-300x199.jpg 300w, https:\/\/5lo.lublin.pl\/wp-content\/uploads\/2022\/03\/image0051_m-768x510.jpg 768w\" sizes=\"(max-width: 1024px) 100vw, 1024px\" \/><\/figure>\n\n\n\n<figure class=\"wp-block-image size-large\"><img loading=\"lazy\" decoding=\"async\" width=\"1024\" height=\"680\" data-id=\"19561\" src=\"https:\/\/5lo.lublin.pl\/wp-content\/uploads\/2022\/03\/image0052_m.jpg\" alt=\"\" class=\"wp-image-19561\" srcset=\"https:\/\/5lo.lublin.pl\/wp-content\/uploads\/2022\/03\/image0052_m.jpg 1024w, https:\/\/5lo.lublin.pl\/wp-content\/uploads\/2022\/03\/image0052_m-300x199.jpg 300w, https:\/\/5lo.lublin.pl\/wp-content\/uploads\/2022\/03\/image0052_m-768x510.jpg 768w\" sizes=\"(max-width: 1024px) 100vw, 1024px\" \/><\/figure>\n\n\n\n<figure class=\"wp-block-image size-large\"><img loading=\"lazy\" decoding=\"async\" width=\"1024\" height=\"680\" data-id=\"19562\" src=\"https:\/\/5lo.lublin.pl\/wp-content\/uploads\/2022\/03\/image0053_m.jpg\" alt=\"\" class=\"wp-image-19562\" srcset=\"https:\/\/5lo.lublin.pl\/wp-content\/uploads\/2022\/03\/image0053_m.jpg 1024w, https:\/\/5lo.lublin.pl\/wp-content\/uploads\/2022\/03\/image0053_m-300x199.jpg 300w, https:\/\/5lo.lublin.pl\/wp-content\/uploads\/2022\/03\/image0053_m-768x510.jpg 768w\" sizes=\"(max-width: 1024px) 100vw, 1024px\" \/><\/figure>\n\n\n\n<figure class=\"wp-block-image size-large\"><img loading=\"lazy\" decoding=\"async\" width=\"1024\" height=\"680\" data-id=\"19563\" src=\"https:\/\/5lo.lublin.pl\/wp-content\/uploads\/2022\/03\/image0054_m.jpg\" alt=\"\" class=\"wp-image-19563\" srcset=\"https:\/\/5lo.lublin.pl\/wp-content\/uploads\/2022\/03\/image0054_m.jpg 1024w, https:\/\/5lo.lublin.pl\/wp-content\/uploads\/2022\/03\/image0054_m-300x199.jpg 300w, https:\/\/5lo.lublin.pl\/wp-content\/uploads\/2022\/03\/image0054_m-768x510.jpg 768w\" sizes=\"(max-width: 1024px) 100vw, 1024px\" \/><\/figure>\n\n\n\n<figure class=\"wp-block-image size-large\"><img loading=\"lazy\" decoding=\"async\" width=\"1024\" height=\"680\" data-id=\"19564\" src=\"https:\/\/5lo.lublin.pl\/wp-content\/uploads\/2022\/03\/image0059_m.jpg\" alt=\"\" class=\"wp-image-19564\" srcset=\"https:\/\/5lo.lublin.pl\/wp-content\/uploads\/2022\/03\/image0059_m.jpg 1024w, https:\/\/5lo.lublin.pl\/wp-content\/uploads\/2022\/03\/image0059_m-300x199.jpg 300w, https:\/\/5lo.lublin.pl\/wp-content\/uploads\/2022\/03\/image0059_m-768x510.jpg 768w\" sizes=\"(max-width: 1024px) 100vw, 1024px\" \/><\/figure>\n\n\n\n<figure class=\"wp-block-image size-large\"><img loading=\"lazy\" decoding=\"async\" width=\"1024\" height=\"680\" data-id=\"19565\" src=\"https:\/\/5lo.lublin.pl\/wp-content\/uploads\/2022\/03\/image0060_m.jpg\" alt=\"\" class=\"wp-image-19565\" srcset=\"https:\/\/5lo.lublin.pl\/wp-content\/uploads\/2022\/03\/image0060_m.jpg 1024w, https:\/\/5lo.lublin.pl\/wp-content\/uploads\/2022\/03\/image0060_m-300x199.jpg 300w, https:\/\/5lo.lublin.pl\/wp-content\/uploads\/2022\/03\/image0060_m-768x510.jpg 768w\" sizes=\"(max-width: 1024px) 100vw, 1024px\" \/><\/figure>\n\n\n\n<figure class=\"wp-block-image size-large\"><img loading=\"lazy\" decoding=\"async\" width=\"1024\" height=\"680\" data-id=\"19567\" src=\"https:\/\/5lo.lublin.pl\/wp-content\/uploads\/2022\/03\/image0061_m.jpg\" alt=\"\" class=\"wp-image-19567\" srcset=\"https:\/\/5lo.lublin.pl\/wp-content\/uploads\/2022\/03\/image0061_m.jpg 1024w, https:\/\/5lo.lublin.pl\/wp-content\/uploads\/2022\/03\/image0061_m-300x199.jpg 300w, https:\/\/5lo.lublin.pl\/wp-content\/uploads\/2022\/03\/image0061_m-768x510.jpg 768w\" sizes=\"(max-width: 1024px) 100vw, 1024px\" \/><\/figure>\n\n\n\n<figure class=\"wp-block-image size-large\"><img loading=\"lazy\" decoding=\"async\" width=\"1024\" height=\"680\" data-id=\"19566\" src=\"https:\/\/5lo.lublin.pl\/wp-content\/uploads\/2022\/03\/image0062_m.jpg\" alt=\"\" class=\"wp-image-19566\" srcset=\"https:\/\/5lo.lublin.pl\/wp-content\/uploads\/2022\/03\/image0062_m.jpg 1024w, https:\/\/5lo.lublin.pl\/wp-content\/uploads\/2022\/03\/image0062_m-300x199.jpg 300w, https:\/\/5lo.lublin.pl\/wp-content\/uploads\/2022\/03\/image0062_m-768x510.jpg 768w\" sizes=\"(max-width: 1024px) 100vw, 1024px\" \/><\/figure>\n\n\n\n<figure class=\"wp-block-image size-large\"><img loading=\"lazy\" decoding=\"async\" width=\"1024\" height=\"680\" data-id=\"19568\" src=\"https:\/\/5lo.lublin.pl\/wp-content\/uploads\/2022\/03\/image0064_m.jpg\" alt=\"\" class=\"wp-image-19568\" srcset=\"https:\/\/5lo.lublin.pl\/wp-content\/uploads\/2022\/03\/image0064_m.jpg 1024w, https:\/\/5lo.lublin.pl\/wp-content\/uploads\/2022\/03\/image0064_m-300x199.jpg 300w, https:\/\/5lo.lublin.pl\/wp-content\/uploads\/2022\/03\/image0064_m-768x510.jpg 768w\" sizes=\"(max-width: 1024px) 100vw, 1024px\" \/><\/figure>\n\n\n\n<figure class=\"wp-block-image size-large\"><img loading=\"lazy\" decoding=\"async\" width=\"1024\" height=\"680\" data-id=\"19569\" src=\"https:\/\/5lo.lublin.pl\/wp-content\/uploads\/2022\/03\/image0066_m.jpg\" alt=\"\" class=\"wp-image-19569\" srcset=\"https:\/\/5lo.lublin.pl\/wp-content\/uploads\/2022\/03\/image0066_m.jpg 1024w, https:\/\/5lo.lublin.pl\/wp-content\/uploads\/2022\/03\/image0066_m-300x199.jpg 300w, https:\/\/5lo.lublin.pl\/wp-content\/uploads\/2022\/03\/image0066_m-768x510.jpg 768w\" sizes=\"(max-width: 1024px) 100vw, 1024px\" \/><\/figure>\n\n\n\n<figure class=\"wp-block-image size-large\"><img loading=\"lazy\" decoding=\"async\" width=\"1024\" height=\"680\" data-id=\"19570\" src=\"https:\/\/5lo.lublin.pl\/wp-content\/uploads\/2022\/03\/image0069_m.jpg\" alt=\"\" class=\"wp-image-19570\" srcset=\"https:\/\/5lo.lublin.pl\/wp-content\/uploads\/2022\/03\/image0069_m.jpg 1024w, https:\/\/5lo.lublin.pl\/wp-content\/uploads\/2022\/03\/image0069_m-300x199.jpg 300w, https:\/\/5lo.lublin.pl\/wp-content\/uploads\/2022\/03\/image0069_m-768x510.jpg 768w\" sizes=\"(max-width: 1024px) 100vw, 1024px\" \/><\/figure>\n\n\n\n<figure class=\"wp-block-image size-large\"><img loading=\"lazy\" decoding=\"async\" width=\"1024\" height=\"680\" data-id=\"19572\" src=\"https:\/\/5lo.lublin.pl\/wp-content\/uploads\/2022\/03\/image0070_m.jpg\" alt=\"\" class=\"wp-image-19572\" srcset=\"https:\/\/5lo.lublin.pl\/wp-content\/uploads\/2022\/03\/image0070_m.jpg 1024w, https:\/\/5lo.lublin.pl\/wp-content\/uploads\/2022\/03\/image0070_m-300x199.jpg 300w, https:\/\/5lo.lublin.pl\/wp-content\/uploads\/2022\/03\/image0070_m-768x510.jpg 768w\" sizes=\"(max-width: 1024px) 100vw, 1024px\" \/><\/figure>\n\n\n\n<figure class=\"wp-block-image size-large\"><img loading=\"lazy\" decoding=\"async\" width=\"1024\" height=\"680\" data-id=\"19573\" src=\"https:\/\/5lo.lublin.pl\/wp-content\/uploads\/2022\/03\/image0072_m.jpg\" alt=\"\" class=\"wp-image-19573\" srcset=\"https:\/\/5lo.lublin.pl\/wp-content\/uploads\/2022\/03\/image0072_m.jpg 1024w, https:\/\/5lo.lublin.pl\/wp-content\/uploads\/2022\/03\/image0072_m-300x199.jpg 300w, https:\/\/5lo.lublin.pl\/wp-content\/uploads\/2022\/03\/image0072_m-768x510.jpg 768w\" sizes=\"(max-width: 1024px) 100vw, 1024px\" \/><\/figure>\n\n\n\n<figure class=\"wp-block-image size-large\"><img loading=\"lazy\" decoding=\"async\" width=\"1024\" height=\"680\" data-id=\"19571\" src=\"https:\/\/5lo.lublin.pl\/wp-content\/uploads\/2022\/03\/image0074_m.jpg\" alt=\"\" class=\"wp-image-19571\" srcset=\"https:\/\/5lo.lublin.pl\/wp-content\/uploads\/2022\/03\/image0074_m.jpg 1024w, https:\/\/5lo.lublin.pl\/wp-content\/uploads\/2022\/03\/image0074_m-300x199.jpg 300w, https:\/\/5lo.lublin.pl\/wp-content\/uploads\/2022\/03\/image0074_m-768x510.jpg 768w\" sizes=\"(max-width: 1024px) 100vw, 1024px\" \/><\/figure>\n\n\n\n<figure class=\"wp-block-image size-large\"><img loading=\"lazy\" decoding=\"async\" width=\"1024\" height=\"680\" data-id=\"19574\" src=\"https:\/\/5lo.lublin.pl\/wp-content\/uploads\/2022\/03\/image0075_m.jpg\" alt=\"\" class=\"wp-image-19574\" srcset=\"https:\/\/5lo.lublin.pl\/wp-content\/uploads\/2022\/03\/image0075_m.jpg 1024w, https:\/\/5lo.lublin.pl\/wp-content\/uploads\/2022\/03\/image0075_m-300x199.jpg 300w, https:\/\/5lo.lublin.pl\/wp-content\/uploads\/2022\/03\/image0075_m-768x510.jpg 768w\" sizes=\"(max-width: 1024px) 100vw, 1024px\" \/><\/figure>\n\n\n\n<figure class=\"wp-block-image size-large\"><img loading=\"lazy\" decoding=\"async\" width=\"1024\" height=\"680\" data-id=\"19575\" src=\"https:\/\/5lo.lublin.pl\/wp-content\/uploads\/2022\/03\/image0076_m.jpg\" alt=\"\" class=\"wp-image-19575\" srcset=\"https:\/\/5lo.lublin.pl\/wp-content\/uploads\/2022\/03\/image0076_m.jpg 1024w, https:\/\/5lo.lublin.pl\/wp-content\/uploads\/2022\/03\/image0076_m-300x199.jpg 300w, https:\/\/5lo.lublin.pl\/wp-content\/uploads\/2022\/03\/image0076_m-768x510.jpg 768w\" sizes=\"(max-width: 1024px) 100vw, 1024px\" \/><\/figure>\n\n\n\n<figure class=\"wp-block-image size-large\"><img loading=\"lazy\" decoding=\"async\" width=\"1024\" height=\"680\" data-id=\"19576\" src=\"https:\/\/5lo.lublin.pl\/wp-content\/uploads\/2022\/03\/image0078_m.jpg\" alt=\"\" class=\"wp-image-19576\" srcset=\"https:\/\/5lo.lublin.pl\/wp-content\/uploads\/2022\/03\/image0078_m.jpg 1024w, https:\/\/5lo.lublin.pl\/wp-content\/uploads\/2022\/03\/image0078_m-300x199.jpg 300w, https:\/\/5lo.lublin.pl\/wp-content\/uploads\/2022\/03\/image0078_m-768x510.jpg 768w\" sizes=\"(max-width: 1024px) 100vw, 1024px\" \/><\/figure>\n\n\n\n<figure class=\"wp-block-image size-large\"><img loading=\"lazy\" decoding=\"async\" width=\"1024\" height=\"680\" data-id=\"19579\" src=\"https:\/\/5lo.lublin.pl\/wp-content\/uploads\/2022\/03\/image0079_m.jpg\" alt=\"\" class=\"wp-image-19579\" srcset=\"https:\/\/5lo.lublin.pl\/wp-content\/uploads\/2022\/03\/image0079_m.jpg 1024w, https:\/\/5lo.lublin.pl\/wp-content\/uploads\/2022\/03\/image0079_m-300x199.jpg 300w, https:\/\/5lo.lublin.pl\/wp-content\/uploads\/2022\/03\/image0079_m-768x510.jpg 768w\" sizes=\"(max-width: 1024px) 100vw, 1024px\" \/><\/figure>\n\n\n\n<figure class=\"wp-block-image size-large\"><img loading=\"lazy\" decoding=\"async\" width=\"1024\" height=\"680\" data-id=\"19578\" src=\"https:\/\/5lo.lublin.pl\/wp-content\/uploads\/2022\/03\/image0080_m.jpg\" alt=\"\" class=\"wp-image-19578\" srcset=\"https:\/\/5lo.lublin.pl\/wp-content\/uploads\/2022\/03\/image0080_m.jpg 1024w, https:\/\/5lo.lublin.pl\/wp-content\/uploads\/2022\/03\/image0080_m-300x199.jpg 300w, https:\/\/5lo.lublin.pl\/wp-content\/uploads\/2022\/03\/image0080_m-768x510.jpg 768w\" sizes=\"(max-width: 1024px) 100vw, 1024px\" \/><\/figure>\n\n\n\n<figure class=\"wp-block-image size-large\"><img loading=\"lazy\" decoding=\"async\" width=\"1024\" height=\"680\" data-id=\"19577\" src=\"https:\/\/5lo.lublin.pl\/wp-content\/uploads\/2022\/03\/image0083_m.jpg\" alt=\"\" class=\"wp-image-19577\" srcset=\"https:\/\/5lo.lublin.pl\/wp-content\/uploads\/2022\/03\/image0083_m.jpg 1024w, https:\/\/5lo.lublin.pl\/wp-content\/uploads\/2022\/03\/image0083_m-300x199.jpg 300w, https:\/\/5lo.lublin.pl\/wp-content\/uploads\/2022\/03\/image0083_m-768x510.jpg 768w\" sizes=\"(max-width: 1024px) 100vw, 1024px\" \/><\/figure>\n<\/figure>\n","protected":false},"excerpt":{"rendered":"<p>8 marca 2022 roku o godzinie 17 w naszej szkole odby\u0142 si\u0119 pokaz mody pod tytu\u0142em \u201eRed Gala\u201d. By\u0142o to podsumowanie projektu \u201ePlootkary\u201d realizowanego w ramach programu \u201eZwolnieni z teorii\u201d, kt\u00f3rego tematem jest ekologia w modzie. G\u0142\u00f3wnymi celami projektu s\u0105 ochrona \u015brodowiska, u\u015bwiadamianie innych o wp\u0142ywie mody na \u015brodowisko, zapobieganie zmianom klimatycznym poprzez rozs\u0105dne kupowanie [&hellip;]<\/p>\n","protected":false},"author":29,"featured_media":19538,"comment_status":"open","ping_status":"open","sticky":false,"template":"","format":"standard","meta":{"footnotes":""},"categories":[1,133],"tags":[],"_links":{"self":[{"href":"https:\/\/5lo.lublin.pl\/index.php?rest_route=\/wp\/v2\/posts\/19536"}],"collection":[{"href":"https:\/\/5lo.lublin.pl\/index.php?rest_route=\/wp\/v2\/posts"}],"about":[{"href":"https:\/\/5lo.lublin.pl\/index.php?rest_route=\/wp\/v2\/types\/post"}],"author":[{"embeddable":true,"href":"https:\/\/5lo.lublin.pl\/index.php?rest_route=\/wp\/v2\/users\/29"}],"replies":[{"embeddable":true,"href":"https:\/\/5lo.lublin.pl\/index.php?rest_route=%2Fwp%2Fv2%2Fcomments&post=19536"}],"version-history":[{"count":1,"href":"https:\/\/5lo.lublin.pl\/index.php?rest_route=\/wp\/v2\/posts\/19536\/revisions"}],"predecessor-version":[{"id":19581,"href":"https:\/\/5lo.lublin.pl\/index.php?rest_route=\/wp\/v2\/posts\/19536\/revisions\/19581"}],"wp:featuredmedia":[{"embeddable":true,"href":"https:\/\/5lo.lublin.pl\/index.php?rest_route=\/wp\/v2\/media\/19538"}],"wp:attachment":[{"href":"https:\/\/5lo.lublin.pl\/index.php?rest_route=%2Fwp%2Fv2%2Fmedia&parent=19536"}],"wp:term":[{"taxonomy":"category","embeddable":true,"href":"https:\/\/5lo.lublin.pl\/index.php?rest_route=%2Fwp%2Fv2%2Fcategories&post=19536"},{"taxonomy":"post_tag","embeddable":true,"href":"https:\/\/5lo.lublin.pl\/index.php?rest_route=%2Fwp%2Fv2%2Ftags&post=19536"}],"curies":[{"name":"wp","href":"https:\/\/api.w.org\/{rel}","templated":true}]}}