{"id":19531,"date":"2022-03-12T15:20:20","date_gmt":"2022-03-12T15:20:20","guid":{"rendered":"https:\/\/5lo.lublin.pl\/?p=19531"},"modified":"2022-04-24T12:51:32","modified_gmt":"2022-04-24T12:51:32","slug":"sukces-ucznia-v-lo-w-xv-ogolnopolskiej-olimpiadzie-losy-zolnierza-i-dzieje-oreza-polskiego-w-latach-1531-1683-od-obertyna-do-wiednia","status":"publish","type":"post","link":"https:\/\/5lo.lublin.pl\/?p=19531","title":{"rendered":"Sukces ucznia V LO w XV Og\u00f3lnopolskiej Olimpiadzie \u201eLosy  \u017co\u0142nierza i dzieje or\u0119\u017ca polskiego w latach 1531-1683. Od Obertyna do  Wiednia\u201d"},"content":{"rendered":"\n<p>Z przyjemno\u015bci\u0105 informujemy, \u017ce <strong>Maciej Jaworski<\/strong> ucze\u0144 klasy 3Ep zaj\u0105\u0142 7 miejsce w okr\u0119gu\/wojew\u00f3dztwie i zakwalifikowa\u0142 si\u0119 do etapu centralnego <strong>XV<\/strong> <strong>Og\u00f3lnopolskiej Olimpiady Przedmiotowej im. mjr. Marka Gajewskiego &#8222;Losy \u017co\u0142nierza i dzieje or\u0119\u017ca polskiego w latach 1531-1683. Od Obertyna do Wiednia\u201d. <\/strong>Cz\u0119\u015b\u0107 pierwsza eliminacji centralnych odb\u0119dzie si\u0119 ju\u017c 17 marca 2022 roku.<\/p>\n\n\n\n<p>Gratulujemy i \u017cyczymy sukces\u00f3w na etapie centralnym.<\/p>\n\n\n\n<p>Opiekun ucznia &#8211; p. Jaros\u0142aw Bonecki<\/p>\n","protected":false},"excerpt":{"rendered":"<p>Z przyjemno\u015bci\u0105 informujemy, \u017ce Maciej Jaworski ucze\u0144 klasy 3Ep zaj\u0105\u0142 7 miejsce w okr\u0119gu\/wojew\u00f3dztwie i zakwalifikowa\u0142 si\u0119 do etapu centralnego XV Og\u00f3lnopolskiej Olimpiady Przedmiotowej im. mjr. Marka Gajewskiego &#8222;Losy \u017co\u0142nierza i dzieje or\u0119\u017ca polskiego w latach 1531-1683. Od Obertyna do Wiednia\u201d. Cz\u0119\u015b\u0107 pierwsza eliminacji centralnych odb\u0119dzie si\u0119 ju\u017c 17 marca 2022 roku. Gratulujemy i \u017cyczymy [&hellip;]<\/p>\n","protected":false},"author":23,"featured_media":19532,"comment_status":"open","ping_status":"open","sticky":false,"template":"","format":"standard","meta":{"footnotes":""},"categories":[1,360,134],"tags":[],"_links":{"self":[{"href":"https:\/\/5lo.lublin.pl\/index.php?rest_route=\/wp\/v2\/posts\/19531"}],"collection":[{"href":"https:\/\/5lo.lublin.pl\/index.php?rest_route=\/wp\/v2\/posts"}],"about":[{"href":"https:\/\/5lo.lublin.pl\/index.php?rest_route=\/wp\/v2\/types\/post"}],"author":[{"embeddable":true,"href":"https:\/\/5lo.lublin.pl\/index.php?rest_route=\/wp\/v2\/users\/23"}],"replies":[{"embeddable":true,"href":"https:\/\/5lo.lublin.pl\/index.php?rest_route=%2Fwp%2Fv2%2Fcomments&post=19531"}],"version-history":[{"count":1,"href":"https:\/\/5lo.lublin.pl\/index.php?rest_route=\/wp\/v2\/posts\/19531\/revisions"}],"predecessor-version":[{"id":19533,"href":"https:\/\/5lo.lublin.pl\/index.php?rest_route=\/wp\/v2\/posts\/19531\/revisions\/19533"}],"wp:featuredmedia":[{"embeddable":true,"href":"https:\/\/5lo.lublin.pl\/index.php?rest_route=\/wp\/v2\/media\/19532"}],"wp:attachment":[{"href":"https:\/\/5lo.lublin.pl\/index.php?rest_route=%2Fwp%2Fv2%2Fmedia&parent=19531"}],"wp:term":[{"taxonomy":"category","embeddable":true,"href":"https:\/\/5lo.lublin.pl\/index.php?rest_route=%2Fwp%2Fv2%2Fcategories&post=19531"},{"taxonomy":"post_tag","embeddable":true,"href":"https:\/\/5lo.lublin.pl\/index.php?rest_route=%2Fwp%2Fv2%2Ftags&post=19531"}],"curies":[{"name":"wp","href":"https:\/\/api.w.org\/{rel}","templated":true}]}}