{"id":19504,"date":"2022-03-03T17:06:12","date_gmt":"2022-03-03T17:06:12","guid":{"rendered":"https:\/\/5lo.lublin.pl\/?p=19504"},"modified":"2022-03-03T17:17:44","modified_gmt":"2022-03-03T17:17:44","slug":"podziekowania-za-udzial-w-akcji-z-potrzeby-serca","status":"publish","type":"post","link":"https:\/\/5lo.lublin.pl\/?p=19504","title":{"rendered":"Podzi\u0119kowania za udzia\u0142 w akcji &#8211; &#8222;Z potrzeby serca&#8221;"},"content":{"rendered":"\n<p>W dniu 2 marca 2022 go\u015bcili\u015bmy w naszej szkole przedstawicieli Zarz\u0105du Okr\u0119gu Polskiego Zwi\u0105zku By\u0142ych Wi\u0119\u017ani\u00f3w Politycznych Hitlerowskich Wi\u0119zie\u0144 i Oboz\u00f3w Koncentracyjnych w Lublinie, kt\u00f3rzy chcieli osobi\u015bcie podzi\u0119kowa\u0107 za okazanie serca, po\u015bwi\u0119cenia czasu w zorganizowaniu \u015bwi\u0105tecznych upomink\u00f3w dla cz\u0142onk\u00f3w Zwi\u0105zku.<\/p>\n\n\n\n<div data-wp-interactive=\"\" class=\"wp-block-file\"><object data-wp-bind--hidden=\"!selectors.core.file.hasPdfPreview\" hidden class=\"wp-block-file__embed\" data=\"https:\/\/5lo.lublin.pl\/wp-content\/uploads\/2022\/03\/list-1.pdf\" type=\"application\/pdf\" style=\"width:100%;height:600px\" aria-label=\"Osadzone z Osadzone z list-1..\"><\/object><a id=\"wp-block-file--media-983d69b4-992c-492d-a27b-43cb4380545e\" href=\"https:\/\/5lo.lublin.pl\/wp-content\/uploads\/2022\/03\/list-1.pdf\">list-1<\/a><a href=\"https:\/\/5lo.lublin.pl\/wp-content\/uploads\/2022\/03\/list-1.pdf\" class=\"wp-block-file__button\" download aria-describedby=\"wp-block-file--media-983d69b4-992c-492d-a27b-43cb4380545e\">Pobierz<\/a><\/div>\n","protected":false},"excerpt":{"rendered":"<p>W dniu 2 marca 2022 go\u015bcili\u015bmy w naszej szkole przedstawicieli Zarz\u0105du Okr\u0119gu Polskiego Zwi\u0105zku By\u0142ych Wi\u0119\u017ani\u00f3w Politycznych Hitlerowskich Wi\u0119zie\u0144 i Oboz\u00f3w Koncentracyjnych w Lublinie, kt\u00f3rzy chcieli osobi\u015bcie podzi\u0119kowa\u0107 za okazanie serca, po\u015bwi\u0119cenia czasu w zorganizowaniu \u015bwi\u0105tecznych upomink\u00f3w dla cz\u0142onk\u00f3w Zwi\u0105zku.<\/p>\n","protected":false},"author":29,"featured_media":19505,"comment_status":"open","ping_status":"open","sticky":false,"template":"","format":"standard","meta":{"footnotes":""},"categories":[348,347],"tags":[],"_links":{"self":[{"href":"https:\/\/5lo.lublin.pl\/index.php?rest_route=\/wp\/v2\/posts\/19504"}],"collection":[{"href":"https:\/\/5lo.lublin.pl\/index.php?rest_route=\/wp\/v2\/posts"}],"about":[{"href":"https:\/\/5lo.lublin.pl\/index.php?rest_route=\/wp\/v2\/types\/post"}],"author":[{"embeddable":true,"href":"https:\/\/5lo.lublin.pl\/index.php?rest_route=\/wp\/v2\/users\/29"}],"replies":[{"embeddable":true,"href":"https:\/\/5lo.lublin.pl\/index.php?rest_route=%2Fwp%2Fv2%2Fcomments&post=19504"}],"version-history":[{"count":1,"href":"https:\/\/5lo.lublin.pl\/index.php?rest_route=\/wp\/v2\/posts\/19504\/revisions"}],"predecessor-version":[{"id":19517,"href":"https:\/\/5lo.lublin.pl\/index.php?rest_route=\/wp\/v2\/posts\/19504\/revisions\/19517"}],"wp:featuredmedia":[{"embeddable":true,"href":"https:\/\/5lo.lublin.pl\/index.php?rest_route=\/wp\/v2\/media\/19505"}],"wp:attachment":[{"href":"https:\/\/5lo.lublin.pl\/index.php?rest_route=%2Fwp%2Fv2%2Fmedia&parent=19504"}],"wp:term":[{"taxonomy":"category","embeddable":true,"href":"https:\/\/5lo.lublin.pl\/index.php?rest_route=%2Fwp%2Fv2%2Fcategories&post=19504"},{"taxonomy":"post_tag","embeddable":true,"href":"https:\/\/5lo.lublin.pl\/index.php?rest_route=%2Fwp%2Fv2%2Ftags&post=19504"}],"curies":[{"name":"wp","href":"https:\/\/api.w.org\/{rel}","templated":true}]}}