{"id":19483,"date":"2022-02-23T16:57:58","date_gmt":"2022-02-23T16:57:58","guid":{"rendered":"https:\/\/5lo.lublin.pl\/?p=19483"},"modified":"2022-02-23T16:58:01","modified_gmt":"2022-02-23T16:58:01","slug":"okolicznosciowy-tomik-poezji-wiersze-nagrodzone-przez-jury-xxiv-jesiennych-debiutow-poetyckich","status":"publish","type":"post","link":"https:\/\/5lo.lublin.pl\/?p=19483","title":{"rendered":"Okoliczno\u015bciowy tomik poezji &#8211; wiersze nagrodzone przez Jury XXIV Jesiennych Debiut\u00f3w Poetyckich"},"content":{"rendered":"\n<p>Szanowni Pa\u0144stwo,<br \/>wzorem lat ubieg\u0142ych publikujemy wiersze nagrodzone przez Jury XXIV Jesiennych Debiut\u00f3w Poetyckich.<br \/>Serdecznie zapraszamy do lektury.<\/p>\n\n\n\n<div data-wp-interactive=\"\" class=\"wp-block-file\"><object data-wp-bind--hidden=\"!selectors.core.file.hasPdfPreview\" hidden class=\"wp-block-file__embed\" data=\"https:\/\/5lo.lublin.pl\/wp-content\/uploads\/2022\/02\/XXIV-JDP-tomik-okolicznosciowy-nagrodzone-wiersze.pdf\" type=\"application\/pdf\" style=\"width:100%;height:600px\" aria-label=\"Osadzone z Osadzone z XXIV-JDP-tomik-okolicznosciowy-nagrodzone-wiersze..\"><\/object><a id=\"wp-block-file--media-489a8bdd-d931-431f-9140-c93069b58a5c\" href=\"https:\/\/5lo.lublin.pl\/wp-content\/uploads\/2022\/02\/XXIV-JDP-tomik-okolicznosciowy-nagrodzone-wiersze.pdf\">XXIV-JDP-tomik-okolicznosciowy-nagrodzone-wiersze<\/a><a href=\"https:\/\/5lo.lublin.pl\/wp-content\/uploads\/2022\/02\/XXIV-JDP-tomik-okolicznosciowy-nagrodzone-wiersze.pdf\" class=\"wp-block-file__button\" download aria-describedby=\"wp-block-file--media-489a8bdd-d931-431f-9140-c93069b58a5c\">Pobierz<\/a><\/div>\n","protected":false},"excerpt":{"rendered":"<p>Szanowni Pa\u0144stwo,wzorem lat ubieg\u0142ych publikujemy wiersze nagrodzone przez Jury XXIV Jesiennych Debiut\u00f3w Poetyckich.Serdecznie zapraszamy do lektury.<\/p>\n","protected":false},"author":29,"featured_media":18571,"comment_status":"open","ping_status":"open","sticky":false,"template":"","format":"standard","meta":{"footnotes":""},"categories":[160],"tags":[],"_links":{"self":[{"href":"https:\/\/5lo.lublin.pl\/index.php?rest_route=\/wp\/v2\/posts\/19483"}],"collection":[{"href":"https:\/\/5lo.lublin.pl\/index.php?rest_route=\/wp\/v2\/posts"}],"about":[{"href":"https:\/\/5lo.lublin.pl\/index.php?rest_route=\/wp\/v2\/types\/post"}],"author":[{"embeddable":true,"href":"https:\/\/5lo.lublin.pl\/index.php?rest_route=\/wp\/v2\/users\/29"}],"replies":[{"embeddable":true,"href":"https:\/\/5lo.lublin.pl\/index.php?rest_route=%2Fwp%2Fv2%2Fcomments&post=19483"}],"version-history":[{"count":1,"href":"https:\/\/5lo.lublin.pl\/index.php?rest_route=\/wp\/v2\/posts\/19483\/revisions"}],"predecessor-version":[{"id":19485,"href":"https:\/\/5lo.lublin.pl\/index.php?rest_route=\/wp\/v2\/posts\/19483\/revisions\/19485"}],"wp:featuredmedia":[{"embeddable":true,"href":"https:\/\/5lo.lublin.pl\/index.php?rest_route=\/wp\/v2\/media\/18571"}],"wp:attachment":[{"href":"https:\/\/5lo.lublin.pl\/index.php?rest_route=%2Fwp%2Fv2%2Fmedia&parent=19483"}],"wp:term":[{"taxonomy":"category","embeddable":true,"href":"https:\/\/5lo.lublin.pl\/index.php?rest_route=%2Fwp%2Fv2%2Fcategories&post=19483"},{"taxonomy":"post_tag","embeddable":true,"href":"https:\/\/5lo.lublin.pl\/index.php?rest_route=%2Fwp%2Fv2%2Ftags&post=19483"}],"curies":[{"name":"wp","href":"https:\/\/api.w.org\/{rel}","templated":true}]}}