{"id":19379,"date":"2022-01-23T09:46:23","date_gmt":"2022-01-23T09:46:23","guid":{"rendered":"https:\/\/5lo.lublin.pl\/?p=19379"},"modified":"2022-01-23T09:46:26","modified_gmt":"2022-01-23T09:46:26","slug":"stypendium-marszalka-wojewodztwa-lubelskiego-dla-hanny-mierzejewskiej","status":"publish","type":"post","link":"https:\/\/5lo.lublin.pl\/?p=19379","title":{"rendered":"Stypendium Marsza\u0142ka Wojew\u00f3dztwa Lubelskiego dla Hanny Mierzejewskiej"},"content":{"rendered":"\n<p style=\"font-size:17px\">Gratulujemy Hannie Mierzejewskiej, uczennicy klasy 2c stypendium przyznanego przez Marsza\u0142ka Wojew\u00f3dztwa Lubelskiego, pana Jaros\u0142awa Stawiarskiego.<\/p>\n\n\n\n<p style=\"font-size:17px\">\u017byczymy dalszych sukces\u00f3w!<\/p>\n\n\n\n<div class=\"wp-block-image\"><figure class=\"aligncenter size-full\"><img loading=\"lazy\" decoding=\"async\" width=\"487\" height=\"693\" src=\"https:\/\/5lo.lublin.pl\/wp-content\/uploads\/2022\/01\/2022-01-23-104417.jpg\" alt=\"\" class=\"wp-image-19380\" srcset=\"https:\/\/5lo.lublin.pl\/wp-content\/uploads\/2022\/01\/2022-01-23-104417.jpg 487w, https:\/\/5lo.lublin.pl\/wp-content\/uploads\/2022\/01\/2022-01-23-104417-211x300.jpg 211w\" sizes=\"(max-width: 487px) 100vw, 487px\" \/><\/figure><\/div>\n","protected":false},"excerpt":{"rendered":"<p>Gratulujemy Hannie Mierzejewskiej, uczennicy klasy 2c stypendium przyznanego przez Marsza\u0142ka Wojew\u00f3dztwa Lubelskiego, pana Jaros\u0142awa Stawiarskiego. \u017byczymy dalszych sukces\u00f3w!<\/p>\n","protected":false},"author":29,"featured_media":19381,"comment_status":"open","ping_status":"open","sticky":false,"template":"","format":"standard","meta":{"footnotes":""},"categories":[347,134],"tags":[],"_links":{"self":[{"href":"https:\/\/5lo.lublin.pl\/index.php?rest_route=\/wp\/v2\/posts\/19379"}],"collection":[{"href":"https:\/\/5lo.lublin.pl\/index.php?rest_route=\/wp\/v2\/posts"}],"about":[{"href":"https:\/\/5lo.lublin.pl\/index.php?rest_route=\/wp\/v2\/types\/post"}],"author":[{"embeddable":true,"href":"https:\/\/5lo.lublin.pl\/index.php?rest_route=\/wp\/v2\/users\/29"}],"replies":[{"embeddable":true,"href":"https:\/\/5lo.lublin.pl\/index.php?rest_route=%2Fwp%2Fv2%2Fcomments&post=19379"}],"version-history":[{"count":1,"href":"https:\/\/5lo.lublin.pl\/index.php?rest_route=\/wp\/v2\/posts\/19379\/revisions"}],"predecessor-version":[{"id":19382,"href":"https:\/\/5lo.lublin.pl\/index.php?rest_route=\/wp\/v2\/posts\/19379\/revisions\/19382"}],"wp:featuredmedia":[{"embeddable":true,"href":"https:\/\/5lo.lublin.pl\/index.php?rest_route=\/wp\/v2\/media\/19381"}],"wp:attachment":[{"href":"https:\/\/5lo.lublin.pl\/index.php?rest_route=%2Fwp%2Fv2%2Fmedia&parent=19379"}],"wp:term":[{"taxonomy":"category","embeddable":true,"href":"https:\/\/5lo.lublin.pl\/index.php?rest_route=%2Fwp%2Fv2%2Fcategories&post=19379"},{"taxonomy":"post_tag","embeddable":true,"href":"https:\/\/5lo.lublin.pl\/index.php?rest_route=%2Fwp%2Fv2%2Ftags&post=19379"}],"curies":[{"name":"wp","href":"https:\/\/api.w.org\/{rel}","templated":true}]}}