{"id":19330,"date":"2022-01-16T22:04:10","date_gmt":"2022-01-16T22:04:10","guid":{"rendered":"https:\/\/5lo.lublin.pl\/?p=19330"},"modified":"2022-01-16T22:06:01","modified_gmt":"2022-01-16T22:06:01","slug":"v-lo-na-gali-wolontariatu","status":"publish","type":"post","link":"https:\/\/5lo.lublin.pl\/?p=19330","title":{"rendered":"V LO na Gali Wolontariatu"},"content":{"rendered":"\n<p style=\"font-size:17px\">W dniu 15 stycznia 2022 roku nasze Szkolne Ko\u0142o Caritas przy V LO w Lublinie (jego reprezentanci na za\u0142\u0105czonej fotografii) uczestniczy\u0142o w uroczystej Gali Wolontariatu, kt\u00f3ra zosta\u0142a zorganizowana przez Central\u0119 Caritas Archidiecezji Lubelskiej.<\/p>\n\n\n\n<p style=\"font-size:17px\">W programie by\u0142a Eucharystia, podsumowanie dzia\u0142a\u0144 charytatywnych, podejmowanych przez Szkolne Ko\u0142a Caritas w ramach konkursu 4xWy (o kt\u00f3rym informowali\u015bmy i w kt\u00f3rym wzi\u0119li\u015bmy udzia\u0142), wr\u0119czanie nagr\u00f3d, m.in. Wolontariusza Roku, podzi\u0119kowanie dla darczy\u0144c\u00f3w i sponsor\u00f3w, a tak\u017ce niezwykle urokliwy koncert kol\u0119d oraz posi\u0142ek. Nasze SKC otrzyma\u0142o okoliczno\u015bciowy Dyplom.<\/p>\n\n\n\n<div class=\"wp-block-image\"><figure class=\"aligncenter size-large\"><img loading=\"lazy\" decoding=\"async\" width=\"745\" height=\"1024\" src=\"https:\/\/5lo.lublin.pl\/wp-content\/uploads\/2022\/01\/dyplom_4xWY-745x1024.jpeg\" alt=\"\" class=\"wp-image-19332\" srcset=\"https:\/\/5lo.lublin.pl\/wp-content\/uploads\/2022\/01\/dyplom_4xWY-745x1024.jpeg 745w, https:\/\/5lo.lublin.pl\/wp-content\/uploads\/2022\/01\/dyplom_4xWY-218x300.jpeg 218w, https:\/\/5lo.lublin.pl\/wp-content\/uploads\/2022\/01\/dyplom_4xWY-768x1056.jpeg 768w, https:\/\/5lo.lublin.pl\/wp-content\/uploads\/2022\/01\/dyplom_4xWY-1117x1536.jpeg 1117w, https:\/\/5lo.lublin.pl\/wp-content\/uploads\/2022\/01\/dyplom_4xWY-1489x2048.jpeg 1489w, https:\/\/5lo.lublin.pl\/wp-content\/uploads\/2022\/01\/dyplom_4xWY.jpeg 1163w\" sizes=\"(max-width: 745px) 100vw, 745px\" \/><\/figure><\/div>\n\n\n\n<p style=\"font-size:17px\">Dlatego chcemy bardzo serdecznie podzi\u0119kowa\u0107 wszystkim uczniom i nauczycielom naszego Liceum za zaanga\u017cowanie i w\u0142\u0105czenie si\u0119 w akcje charytatywne. Dzi\u0119ki Wam zebrali\u015bmy w naszej szkole:<\/p>\n\n\n\n<p style=\"font-size:17px\">&#8211; 50 kartek bo\u017conarodzeniowych,<\/p>\n\n\n\n<p style=\"font-size:17px\">&#8211; 14 kg produkt\u00f3w \u017cywno\u015bciowych,<\/p>\n\n\n\n<p style=\"font-size:17px\">&#8211; 55 artyku\u0142\u00f3w dla bezdomnych (czapek, szalik\u00f3w, r\u0119kawic, ciep\u0142ych skarpetek i getr\u00f3w termicznych),<\/p>\n\n\n\n<p style=\"font-size:17px\">&#8211; 18 kg plastikowych nakr\u0119tek (do recyklingu).<\/p>\n\n\n\n<p style=\"font-size:17px\">Tym samym pomogli\u015bmy ubogim rodzinom, osobom bezdomnym i innym, potrzebuj\u0105cym materialnego i duchowego wsparcia w tym szczeg\u00f3lnym okresie Bo\u017cego Narodzenia.<\/p>\n\n\n\n<p style=\"font-size:17px\">Poni\u017cej fotografie z uroczystej Gali oraz zebranych artyku\u0142\u00f3w dla potrzebuj\u0105cych.<\/p>\n\n\n\n<div class=\"wp-block-image\"><figure class=\"aligncenter size-large\"><img loading=\"lazy\" decoding=\"async\" width=\"1024\" height=\"576\" src=\"https:\/\/5lo.lublin.pl\/wp-content\/uploads\/2022\/01\/Gala1-1024x576.jpg\" alt=\"\" class=\"wp-image-19333\" srcset=\"https:\/\/5lo.lublin.pl\/wp-content\/uploads\/2022\/01\/Gala1-1024x576.jpg 1024w, https:\/\/5lo.lublin.pl\/wp-content\/uploads\/2022\/01\/Gala1-300x169.jpg 300w, https:\/\/5lo.lublin.pl\/wp-content\/uploads\/2022\/01\/Gala1-768x432.jpg 768w, https:\/\/5lo.lublin.pl\/wp-content\/uploads\/2022\/01\/Gala1-1536x864.jpg 1536w, https:\/\/5lo.lublin.pl\/wp-content\/uploads\/2022\/01\/Gala1.jpg 1600w\" sizes=\"(max-width: 1024px) 100vw, 1024px\" \/><\/figure><\/div>\n\n\n\n<div class=\"wp-block-image\"><figure class=\"aligncenter size-large\"><img loading=\"lazy\" decoding=\"async\" width=\"1024\" height=\"576\" src=\"https:\/\/5lo.lublin.pl\/wp-content\/uploads\/2022\/01\/Gala2-1024x576.jpg\" alt=\"\" class=\"wp-image-19334\" srcset=\"https:\/\/5lo.lublin.pl\/wp-content\/uploads\/2022\/01\/Gala2-1024x576.jpg 1024w, https:\/\/5lo.lublin.pl\/wp-content\/uploads\/2022\/01\/Gala2-300x169.jpg 300w, https:\/\/5lo.lublin.pl\/wp-content\/uploads\/2022\/01\/Gala2-768x432.jpg 768w, https:\/\/5lo.lublin.pl\/wp-content\/uploads\/2022\/01\/Gala2-1536x864.jpg 1536w, https:\/\/5lo.lublin.pl\/wp-content\/uploads\/2022\/01\/Gala2.jpg 1600w\" sizes=\"(max-width: 1024px) 100vw, 1024px\" \/><\/figure><\/div>\n\n\n\n<figure class=\"wp-block-image size-large\"><img loading=\"lazy\" decoding=\"async\" width=\"1024\" height=\"768\" src=\"https:\/\/5lo.lublin.pl\/wp-content\/uploads\/2022\/01\/cieple-ubrania-1024x768.jpg\" alt=\"\" class=\"wp-image-19335\" srcset=\"https:\/\/5lo.lublin.pl\/wp-content\/uploads\/2022\/01\/cieple-ubrania-1024x768.jpg 1024w, https:\/\/5lo.lublin.pl\/wp-content\/uploads\/2022\/01\/cieple-ubrania-300x225.jpg 300w, https:\/\/5lo.lublin.pl\/wp-content\/uploads\/2022\/01\/cieple-ubrania-768x576.jpg 768w, https:\/\/5lo.lublin.pl\/wp-content\/uploads\/2022\/01\/cieple-ubrania-1536x1152.jpg 1536w, https:\/\/5lo.lublin.pl\/wp-content\/uploads\/2022\/01\/cieple-ubrania-2048x1536.jpg 2048w, https:\/\/5lo.lublin.pl\/wp-content\/uploads\/2022\/01\/cieple-ubrania-scaled.jpg 1600w\" sizes=\"(max-width: 1024px) 100vw, 1024px\" \/><\/figure>\n\n\n\n<div class=\"wp-block-image\"><figure class=\"aligncenter size-large\"><img loading=\"lazy\" decoding=\"async\" width=\"1024\" height=\"768\" src=\"https:\/\/5lo.lublin.pl\/wp-content\/uploads\/2022\/01\/artykuly-zywnosciowe-1024x768.jpg\" alt=\"\" class=\"wp-image-19336\" srcset=\"https:\/\/5lo.lublin.pl\/wp-content\/uploads\/2022\/01\/artykuly-zywnosciowe-1024x768.jpg 1024w, https:\/\/5lo.lublin.pl\/wp-content\/uploads\/2022\/01\/artykuly-zywnosciowe-300x225.jpg 300w, https:\/\/5lo.lublin.pl\/wp-content\/uploads\/2022\/01\/artykuly-zywnosciowe-768x576.jpg 768w, https:\/\/5lo.lublin.pl\/wp-content\/uploads\/2022\/01\/artykuly-zywnosciowe-1536x1152.jpg 1536w, https:\/\/5lo.lublin.pl\/wp-content\/uploads\/2022\/01\/artykuly-zywnosciowe-2048x1536.jpg 2048w, https:\/\/5lo.lublin.pl\/wp-content\/uploads\/2022\/01\/artykuly-zywnosciowe-scaled.jpg 1600w\" sizes=\"(max-width: 1024px) 100vw, 1024px\" \/><\/figure><\/div>\n","protected":false},"excerpt":{"rendered":"<p>W dniu 15 stycznia 2022 roku nasze Szkolne Ko\u0142o Caritas przy V LO w Lublinie (jego reprezentanci na za\u0142\u0105czonej fotografii) uczestniczy\u0142o w uroczystej Gali Wolontariatu, kt\u00f3ra zosta\u0142a zorganizowana przez Central\u0119 Caritas Archidiecezji Lubelskiej. W programie by\u0142a Eucharystia, podsumowanie dzia\u0142a\u0144 charytatywnych, podejmowanych przez Szkolne Ko\u0142a Caritas w ramach konkursu 4xWy (o kt\u00f3rym informowali\u015bmy i w kt\u00f3rym [&hellip;]<\/p>\n","protected":false},"author":23,"featured_media":19331,"comment_status":"open","ping_status":"open","sticky":false,"template":"","format":"standard","meta":{"footnotes":""},"categories":[179,348,134,135],"tags":[],"_links":{"self":[{"href":"https:\/\/5lo.lublin.pl\/index.php?rest_route=\/wp\/v2\/posts\/19330"}],"collection":[{"href":"https:\/\/5lo.lublin.pl\/index.php?rest_route=\/wp\/v2\/posts"}],"about":[{"href":"https:\/\/5lo.lublin.pl\/index.php?rest_route=\/wp\/v2\/types\/post"}],"author":[{"embeddable":true,"href":"https:\/\/5lo.lublin.pl\/index.php?rest_route=\/wp\/v2\/users\/23"}],"replies":[{"embeddable":true,"href":"https:\/\/5lo.lublin.pl\/index.php?rest_route=%2Fwp%2Fv2%2Fcomments&post=19330"}],"version-history":[{"count":1,"href":"https:\/\/5lo.lublin.pl\/index.php?rest_route=\/wp\/v2\/posts\/19330\/revisions"}],"predecessor-version":[{"id":19340,"href":"https:\/\/5lo.lublin.pl\/index.php?rest_route=\/wp\/v2\/posts\/19330\/revisions\/19340"}],"wp:featuredmedia":[{"embeddable":true,"href":"https:\/\/5lo.lublin.pl\/index.php?rest_route=\/wp\/v2\/media\/19331"}],"wp:attachment":[{"href":"https:\/\/5lo.lublin.pl\/index.php?rest_route=%2Fwp%2Fv2%2Fmedia&parent=19330"}],"wp:term":[{"taxonomy":"category","embeddable":true,"href":"https:\/\/5lo.lublin.pl\/index.php?rest_route=%2Fwp%2Fv2%2Fcategories&post=19330"},{"taxonomy":"post_tag","embeddable":true,"href":"https:\/\/5lo.lublin.pl\/index.php?rest_route=%2Fwp%2Fv2%2Ftags&post=19330"}],"curies":[{"name":"wp","href":"https:\/\/api.w.org\/{rel}","templated":true}]}}