{"id":19294,"date":"2021-12-31T11:33:32","date_gmt":"2021-12-31T11:33:32","guid":{"rendered":"https:\/\/5lo.lublin.pl\/?p=19294"},"modified":"2022-01-12T18:21:33","modified_gmt":"2022-01-12T18:21:33","slug":"swiateczna-akcja-klasy-3k","status":"publish","type":"post","link":"https:\/\/5lo.lublin.pl\/?p=19294","title":{"rendered":"\u015awi\u0105teczna akcja klasy 3k"},"content":{"rendered":"\n<p style=\"font-size:17px\">Uczniowie 5 LO bardzo ch\u0119tnie wspieraj\u0105 potrzebuj\u0105cych \u2665\u2665. M\u0142odzie\u017c z klasy 3K przygotowa\u0142a paczki ze s\u0142odyczami, kosmetykami oraz ksi\u0105\u017ckami dla pensjonariuszy Domu Pomocy Spo\u0142ecznej Kalina w Lublinie. Dzi\u0119kujemy uczniom klasy oraz wychowawczyni p. Renacie Sugier za zorganizowanie akcji.<\/p>\n\n\n\n<div class=\"wp-block-image\"><figure class=\"aligncenter size-full\"><img loading=\"lazy\" decoding=\"async\" width=\"497\" height=\"702\" src=\"https:\/\/5lo.lublin.pl\/wp-content\/uploads\/2022\/01\/70d6b6b4.png\" alt=\"\" class=\"wp-image-19321\" srcset=\"https:\/\/5lo.lublin.pl\/wp-content\/uploads\/2022\/01\/70d6b6b4.png 497w, https:\/\/5lo.lublin.pl\/wp-content\/uploads\/2022\/01\/70d6b6b4-212x300.png 212w\" sizes=\"(max-width: 497px) 100vw, 497px\" \/><\/figure><\/div>\n\n\n\n<p style=\"font-size:17px\">Poni\u017cej kr\u00f3tka fotorelacja:<\/p>\n\n\n\n<figure class=\"wp-block-image size-large\"><img loading=\"lazy\" decoding=\"async\" width=\"1024\" height=\"768\" src=\"https:\/\/5lo.lublin.pl\/wp-content\/uploads\/2021\/12\/533BF5D5-5EF6-4F8F-8183-C5893CCA562A-1024x768.jpeg\" alt=\"\" class=\"wp-image-19295\" srcset=\"https:\/\/5lo.lublin.pl\/wp-content\/uploads\/2021\/12\/533BF5D5-5EF6-4F8F-8183-C5893CCA562A-1024x768.jpeg 1024w, https:\/\/5lo.lublin.pl\/wp-content\/uploads\/2021\/12\/533BF5D5-5EF6-4F8F-8183-C5893CCA562A-300x225.jpeg 300w, https:\/\/5lo.lublin.pl\/wp-content\/uploads\/2021\/12\/533BF5D5-5EF6-4F8F-8183-C5893CCA562A-768x576.jpeg 768w, https:\/\/5lo.lublin.pl\/wp-content\/uploads\/2021\/12\/533BF5D5-5EF6-4F8F-8183-C5893CCA562A-1536x1152.jpeg 1536w, https:\/\/5lo.lublin.pl\/wp-content\/uploads\/2021\/12\/533BF5D5-5EF6-4F8F-8183-C5893CCA562A.jpeg 1600w\" sizes=\"(max-width: 1024px) 100vw, 1024px\" \/><\/figure>\n\n\n\n<div class=\"wp-block-image\"><figure class=\"aligncenter size-full\"><img loading=\"lazy\" decoding=\"async\" width=\"750\" height=\"563\" src=\"https:\/\/5lo.lublin.pl\/wp-content\/uploads\/2021\/12\/A23B3A5A-38C0-4BBD-AC51-7603C0499DB9.jpeg\" alt=\"\" class=\"wp-image-19297\" srcset=\"https:\/\/5lo.lublin.pl\/wp-content\/uploads\/2021\/12\/A23B3A5A-38C0-4BBD-AC51-7603C0499DB9.jpeg 750w, https:\/\/5lo.lublin.pl\/wp-content\/uploads\/2021\/12\/A23B3A5A-38C0-4BBD-AC51-7603C0499DB9-300x225.jpeg 300w\" sizes=\"(max-width: 750px) 100vw, 750px\" \/><\/figure><\/div>\n\n\n\n<figure class=\"wp-block-image size-large\"><img loading=\"lazy\" decoding=\"async\" width=\"1024\" height=\"768\" src=\"https:\/\/5lo.lublin.pl\/wp-content\/uploads\/2021\/12\/FEE77259-A0F1-4F19-B331-815F6BC7841A-1024x768.jpeg\" alt=\"\" class=\"wp-image-19299\" srcset=\"https:\/\/5lo.lublin.pl\/wp-content\/uploads\/2021\/12\/FEE77259-A0F1-4F19-B331-815F6BC7841A-1024x768.jpeg 1024w, https:\/\/5lo.lublin.pl\/wp-content\/uploads\/2021\/12\/FEE77259-A0F1-4F19-B331-815F6BC7841A-300x225.jpeg 300w, https:\/\/5lo.lublin.pl\/wp-content\/uploads\/2021\/12\/FEE77259-A0F1-4F19-B331-815F6BC7841A-768x576.jpeg 768w, https:\/\/5lo.lublin.pl\/wp-content\/uploads\/2021\/12\/FEE77259-A0F1-4F19-B331-815F6BC7841A-1536x1152.jpeg 1536w, https:\/\/5lo.lublin.pl\/wp-content\/uploads\/2021\/12\/FEE77259-A0F1-4F19-B331-815F6BC7841A.jpeg 1600w\" sizes=\"(max-width: 1024px) 100vw, 1024px\" \/><\/figure>\n\n\n\n<figure class=\"wp-block-image size-large\"><img loading=\"lazy\" decoding=\"async\" width=\"1024\" height=\"768\" src=\"https:\/\/5lo.lublin.pl\/wp-content\/uploads\/2021\/12\/63784CA7-22BB-487E-A326-C92EF80751F2-1024x768.jpeg\" alt=\"\" class=\"wp-image-19296\" srcset=\"https:\/\/5lo.lublin.pl\/wp-content\/uploads\/2021\/12\/63784CA7-22BB-487E-A326-C92EF80751F2-1024x768.jpeg 1024w, https:\/\/5lo.lublin.pl\/wp-content\/uploads\/2021\/12\/63784CA7-22BB-487E-A326-C92EF80751F2-300x225.jpeg 300w, https:\/\/5lo.lublin.pl\/wp-content\/uploads\/2021\/12\/63784CA7-22BB-487E-A326-C92EF80751F2-768x576.jpeg 768w, https:\/\/5lo.lublin.pl\/wp-content\/uploads\/2021\/12\/63784CA7-22BB-487E-A326-C92EF80751F2-1536x1152.jpeg 1536w, https:\/\/5lo.lublin.pl\/wp-content\/uploads\/2021\/12\/63784CA7-22BB-487E-A326-C92EF80751F2.jpeg 1600w\" sizes=\"(max-width: 1024px) 100vw, 1024px\" \/><\/figure>\n\n\n\n<figure class=\"wp-block-image size-large\"><img loading=\"lazy\" decoding=\"async\" width=\"768\" height=\"1024\" src=\"https:\/\/5lo.lublin.pl\/wp-content\/uploads\/2021\/12\/A2382B5F-4227-405A-8A84-D6D55FAA66CC-768x1024.jpeg\" alt=\"\" class=\"wp-image-19298\" srcset=\"https:\/\/5lo.lublin.pl\/wp-content\/uploads\/2021\/12\/A2382B5F-4227-405A-8A84-D6D55FAA66CC-768x1024.jpeg 768w, https:\/\/5lo.lublin.pl\/wp-content\/uploads\/2021\/12\/A2382B5F-4227-405A-8A84-D6D55FAA66CC-225x300.jpeg 225w, https:\/\/5lo.lublin.pl\/wp-content\/uploads\/2021\/12\/A2382B5F-4227-405A-8A84-D6D55FAA66CC-1152x1536.jpeg 1152w, https:\/\/5lo.lublin.pl\/wp-content\/uploads\/2021\/12\/A2382B5F-4227-405A-8A84-D6D55FAA66CC.jpeg 1200w\" sizes=\"(max-width: 768px) 100vw, 768px\" \/><\/figure>\n","protected":false},"excerpt":{"rendered":"<p>Uczniowie 5 LO bardzo ch\u0119tnie wspieraj\u0105 potrzebuj\u0105cych \u2665\u2665. M\u0142odzie\u017c z klasy 3K przygotowa\u0142a paczki ze s\u0142odyczami, kosmetykami oraz ksi\u0105\u017ckami dla pensjonariuszy Domu Pomocy Spo\u0142ecznej Kalina w Lublinie. Dzi\u0119kujemy uczniom klasy oraz wychowawczyni p. Renacie Sugier za zorganizowanie akcji. Poni\u017cej kr\u00f3tka fotorelacja:<\/p>\n","protected":false},"author":23,"featured_media":19300,"comment_status":"open","ping_status":"open","sticky":false,"template":"","format":"standard","meta":{"footnotes":""},"categories":[1,135,133],"tags":[],"_links":{"self":[{"href":"https:\/\/5lo.lublin.pl\/index.php?rest_route=\/wp\/v2\/posts\/19294"}],"collection":[{"href":"https:\/\/5lo.lublin.pl\/index.php?rest_route=\/wp\/v2\/posts"}],"about":[{"href":"https:\/\/5lo.lublin.pl\/index.php?rest_route=\/wp\/v2\/types\/post"}],"author":[{"embeddable":true,"href":"https:\/\/5lo.lublin.pl\/index.php?rest_route=\/wp\/v2\/users\/23"}],"replies":[{"embeddable":true,"href":"https:\/\/5lo.lublin.pl\/index.php?rest_route=%2Fwp%2Fv2%2Fcomments&post=19294"}],"version-history":[{"count":1,"href":"https:\/\/5lo.lublin.pl\/index.php?rest_route=\/wp\/v2\/posts\/19294\/revisions"}],"predecessor-version":[{"id":19322,"href":"https:\/\/5lo.lublin.pl\/index.php?rest_route=\/wp\/v2\/posts\/19294\/revisions\/19322"}],"wp:featuredmedia":[{"embeddable":true,"href":"https:\/\/5lo.lublin.pl\/index.php?rest_route=\/wp\/v2\/media\/19300"}],"wp:attachment":[{"href":"https:\/\/5lo.lublin.pl\/index.php?rest_route=%2Fwp%2Fv2%2Fmedia&parent=19294"}],"wp:term":[{"taxonomy":"category","embeddable":true,"href":"https:\/\/5lo.lublin.pl\/index.php?rest_route=%2Fwp%2Fv2%2Fcategories&post=19294"},{"taxonomy":"post_tag","embeddable":true,"href":"https:\/\/5lo.lublin.pl\/index.php?rest_route=%2Fwp%2Fv2%2Ftags&post=19294"}],"curies":[{"name":"wp","href":"https:\/\/api.w.org\/{rel}","templated":true}]}}