{"id":19267,"date":"2021-12-23T16:18:55","date_gmt":"2021-12-23T16:18:55","guid":{"rendered":"https:\/\/5lo.lublin.pl\/?p=19267"},"modified":"2021-12-23T16:19:34","modified_gmt":"2021-12-23T16:19:34","slug":"olimpiada-o-diamentowy-indeks-agh-z-matematyki-4","status":"publish","type":"post","link":"https:\/\/5lo.lublin.pl\/?p=19267","title":{"rendered":"Olimpiada O Diamentowy Indeks AGH z matematyki"},"content":{"rendered":"\n<p style=\"font-size:17px\">Do II etapu XV Og\u00f3lnopolskiej Olimpiady \u201eO Diamentowy Indeks AGH&#8221; z matematyki zakwalifikowa\u0142o si\u0119 11 uczni\u00f3w V LO:<\/p>\n\n\n\n<p class=\"has-text-align-center\" style=\"font-size:17px\"><strong>Igor D\u0105browa-Karasi\u0144ski<\/strong>  kl. 3Bp<\/p>\n\n\n\n<p class=\"has-text-align-center\" style=\"font-size:17px\"><strong>Julia Doma\u0144ska<\/strong>  kl. 3H<\/p>\n\n\n\n<p class=\"has-text-align-center\" style=\"font-size:17px\"><strong>Piotr Dulniak<\/strong>  kl. 3Bp<\/p>\n\n\n\n<p class=\"has-text-align-center\" style=\"font-size:17px\"><strong>Zuzanna Grochowska<\/strong>  kl. 3F<\/p>\n\n\n\n<p class=\"has-text-align-center\" style=\"font-size:17px\"><strong>Mateusz Jarosz<\/strong> kl. 3F<\/p>\n\n\n\n<p class=\"has-text-align-center\" style=\"font-size:17px\"><strong>Miko\u0142aj Kowalczyk<\/strong>  kl. 3F<\/p>\n\n\n\n<p class=\"has-text-align-center\" style=\"font-size:17px\"><strong>Jagoda Le\u015bniewska <\/strong> kl. 3F<\/p>\n\n\n\n<p class=\"has-text-align-center\" style=\"font-size:17px\"><strong>Wiktoria Madura<\/strong>  kl. 3Bp<\/p>\n\n\n\n<p class=\"has-text-align-center\" style=\"font-size:17px\"><strong>Igor M\u0142ynarczyk<\/strong> kl. 3Bp<\/p>\n\n\n\n<p class=\"has-text-align-center\" style=\"font-size:17px\"><strong>Micha\u0142 Niezgoda<\/strong>  kl. 3F<\/p>\n\n\n\n<p class=\"has-text-align-center\" style=\"font-size:17px\"><strong>Andrzej Opo\u0144<\/strong>  kl. 3F<\/p>\n\n\n\n<p><\/p>\n\n\n\n<p class=\"has-text-align-center\" style=\"font-size:17px\">Gratulujemy sukcesu i \u017cyczymy powodzenia w kolejnym etapie!<\/p>\n\n\n\n<p class=\"has-text-align-center\" style=\"font-size:17px\">Opiekunowie uczni\u00f3w &#8211; p. Urszula Kowalska oraz p. Agata K\u0119pka<\/p>\n","protected":false},"excerpt":{"rendered":"<p>Do II etapu XV Og\u00f3lnopolskiej Olimpiady \u201eO Diamentowy Indeks AGH&#8221; z matematyki zakwalifikowa\u0142o si\u0119 11 uczni\u00f3w V LO: Igor D\u0105browa-Karasi\u0144ski kl. 3Bp Julia Doma\u0144ska kl. 3H Piotr Dulniak kl. 3Bp Zuzanna Grochowska kl. 3F Mateusz Jarosz kl. 3F Miko\u0142aj Kowalczyk kl. 3F Jagoda Le\u015bniewska kl. 3F Wiktoria Madura kl. 3Bp Igor M\u0142ynarczyk kl. 3Bp Micha\u0142 [&hellip;]<\/p>\n","protected":false},"author":23,"featured_media":3945,"comment_status":"open","ping_status":"open","sticky":false,"template":"","format":"standard","meta":{"footnotes":""},"categories":[1,360,134],"tags":[],"_links":{"self":[{"href":"https:\/\/5lo.lublin.pl\/index.php?rest_route=\/wp\/v2\/posts\/19267"}],"collection":[{"href":"https:\/\/5lo.lublin.pl\/index.php?rest_route=\/wp\/v2\/posts"}],"about":[{"href":"https:\/\/5lo.lublin.pl\/index.php?rest_route=\/wp\/v2\/types\/post"}],"author":[{"embeddable":true,"href":"https:\/\/5lo.lublin.pl\/index.php?rest_route=\/wp\/v2\/users\/23"}],"replies":[{"embeddable":true,"href":"https:\/\/5lo.lublin.pl\/index.php?rest_route=%2Fwp%2Fv2%2Fcomments&post=19267"}],"version-history":[{"count":1,"href":"https:\/\/5lo.lublin.pl\/index.php?rest_route=\/wp\/v2\/posts\/19267\/revisions"}],"predecessor-version":[{"id":19272,"href":"https:\/\/5lo.lublin.pl\/index.php?rest_route=\/wp\/v2\/posts\/19267\/revisions\/19272"}],"wp:featuredmedia":[{"embeddable":true,"href":"https:\/\/5lo.lublin.pl\/index.php?rest_route=\/wp\/v2\/media\/3945"}],"wp:attachment":[{"href":"https:\/\/5lo.lublin.pl\/index.php?rest_route=%2Fwp%2Fv2%2Fmedia&parent=19267"}],"wp:term":[{"taxonomy":"category","embeddable":true,"href":"https:\/\/5lo.lublin.pl\/index.php?rest_route=%2Fwp%2Fv2%2Fcategories&post=19267"},{"taxonomy":"post_tag","embeddable":true,"href":"https:\/\/5lo.lublin.pl\/index.php?rest_route=%2Fwp%2Fv2%2Ftags&post=19267"}],"curies":[{"name":"wp","href":"https:\/\/api.w.org\/{rel}","templated":true}]}}