{"id":19250,"date":"2021-12-23T00:17:24","date_gmt":"2021-12-23T00:17:24","guid":{"rendered":"https:\/\/5lo.lublin.pl\/?p=19250"},"modified":"2021-12-23T00:22:12","modified_gmt":"2021-12-23T00:22:12","slug":"zrownowazona-choinka","status":"publish","type":"post","link":"https:\/\/5lo.lublin.pl\/?p=19250","title":{"rendered":"Zr\u00f3wnowa\u017cona choinka"},"content":{"rendered":"\n<p><strong>Tu\u017c przed \u015awi\u0119tami Bo\u017cego Narodzenia, uczniowie klasy 1el wykonali zr\u00f3wnowa\u017con\u0105 choink\u0119 z plastikowych butelek. Na choince zawis\u0142y ozdoby &nbsp;z materia\u0142\u00f3w odpadowych, kt\u00f3re zwykle zalegaj\u0105 na \u015bmietniskach. Teraz zyska\u0142y nowe \u017cycie, dzi\u0119ki pomys\u0142owo\u015bci uczni\u00f3w klas 1fl i 3dpl. Do wykonania dekoracji \u015bwi\u0105tecznych wykorzystano, mi\u0119dzy innymi: zu\u017cyte \u017car\u00f3wki, plastikowe zakr\u0119tki, sznurek, korki, puszki, ta\u015bmy z opakowa\u0144 i inne.<\/strong><\/p>\n\n\n\n<figure class=\"wp-block-image size-large\"><img loading=\"lazy\" decoding=\"async\" width=\"1024\" height=\"644\" src=\"https:\/\/5lo.lublin.pl\/wp-content\/uploads\/2021\/12\/EkoCh_01-1024x644.jpg\" alt=\"\" class=\"wp-image-19251\" srcset=\"https:\/\/5lo.lublin.pl\/wp-content\/uploads\/2021\/12\/EkoCh_01-1024x644.jpg 1024w, https:\/\/5lo.lublin.pl\/wp-content\/uploads\/2021\/12\/EkoCh_01-300x189.jpg 300w, https:\/\/5lo.lublin.pl\/wp-content\/uploads\/2021\/12\/EkoCh_01-768x483.jpg 768w, https:\/\/5lo.lublin.pl\/wp-content\/uploads\/2021\/12\/EkoCh_01.jpg 1365w\" sizes=\"(max-width: 1024px) 100vw, 1024px\" \/><\/figure>\n\n\n\n<p><strong>Celem tych dzia\u0142a\u0144 by\u0142o zwr\u00f3cenie uwagi na ide\u0119 upcyclingu, kt\u00f3ra postuluje ponowne u\u017cycie odpad\u00f3w w taki spos\u00f3b, aby po przetworzeniu jako\u015b\u0107 materia\u0142u wzros\u0142a, a nie zmala\u0142a. Przerabiany odpad mo\u017ce sta\u0107 si\u0119 niepowtarzalny i unikatowy. Upcycling jest wi\u0119c dzia\u0142aniem \u0142\u0105cz\u0105cym w sobie mo\u017cliwo\u015b\u0107 kreowania i dbania o \u015brodowisko, wpisuj\u0105c si\u0119 w realizacj\u0119 cel\u00f3w zr\u00f3wnowa\u017conego rozwoju.<\/strong><\/p>\n\n\n<style>#jtg-19263 .modula-item .jtg-social a, .lightbox-socials.jtg-social a{ color: #ffffff }#jtg-19263 .modula-item .jtg-social svg, .lightbox-socials.jtg-social svg { height: 16px; width: 16px }#jtg-19263 .modula-item .jtg-social a:not(:last-child), .lightbox-socials.jtg-social a:not(:last-child) { margin-right: 10px }#jtg-19263 .modula-item .figc {color:#ffffff;}#jtg-19263 .modula-item .modula-item-content { transform: scale(1) }#jtg-19263 { width:100%;}#jtg-19263 .modula-items{height:462px;}@media screen and (max-width: 992px) {#jtg-19263 .modula-items{height:462px;}}@media screen and (max-width: 768px) {#jtg-19263 .modula-items{height:462px;}}#jtg-19263 .modula-items .figc p.description { font-size:14px; }#jtg-19263 .modula-items .figc p.description { color:#ffffff;}#jtg-19263.modula-gallery .modula-item-content .modula-no-follow { cursor: default; } @media screen and (max-width:480px){#jtg-19263 .modula-item .figc .jtg-title {  font-size: 12px; }#jtg-19263 .modula-items .figc p.description { color:#ffffff;font-size:10px; }}<\/style>\n<!-- Gallery Container -->\n<div  id=\"jtg-19263\" class=\"modula modula-gallery modula-creative-gallery\" data-config=\"{&quot;height&quot;:462,&quot;tabletHeight&quot;:462,&quot;mobileHeight&quot;:462,&quot;desktopHeight&quot;:462,&quot;enableTwitter&quot;:false,&quot;enableWhatsapp&quot;:false,&quot;enableFacebook&quot;:false,&quot;enablePinterest&quot;:false,&quot;enableLinkedin&quot;:false,&quot;enableEmail&quot;:false,&quot;randomFactor&quot;:0.5,&quot;type&quot;:&quot;creative-gallery&quot;,&quot;columns&quot;:12,&quot;gutter&quot;:10,&quot;mobileGutter&quot;:10,&quot;tabletGutter&quot;:10,&quot;desktopGutter&quot;:10,&quot;enableResponsive&quot;:&quot;0&quot;,&quot;tabletColumns&quot;:&quot;2&quot;,&quot;mobileColumns&quot;:&quot;1&quot;,&quot;lazyLoad&quot;:&quot;0&quot;,&quot;lightboxOpts&quot;:{&quot;loop&quot;:false,&quot;arrows&quot;:true,&quot;toolbar&quot;:true,&quot;keyboard&quot;:true,&quot;wheel&quot;:false,&quot;buttons&quot;:[&quot;close&quot;],&quot;hash&quot;:false,&quot;lang&quot;:&quot;en&quot;,&quot;touch&quot;:false,&quot;protect&quot;:false,&quot;i18n&quot;:{&quot;en&quot;:{&quot;CLOSE&quot;:&quot;Zamknij&quot;,&quot;NEXT&quot;:&quot;Nast\\u0119pny&quot;,&quot;PREV&quot;:&quot;Poprzedni&quot;,&quot;Error&quot;:&quot;Nie mo\\u017cna za\\u0142adowa\\u0107 \\u017c\\u0105danej tre\\u015bci. Spr\\u00f3buj ponownie p\\u00f3\\u017aniej.&quot;,&quot;PLAY_START&quot;:&quot;Rozpocznij pokaz slajd\\u00f3w&quot;,&quot;PLAY_STOP&quot;:&quot;Zatrzymaj pokaz slajd\\u00f3w&quot;,&quot;FULL_SCREEN&quot;:&quot;Pe\\u0142ny ekran&quot;,&quot;THUMBS&quot;:&quot;Miniatury&quot;,&quot;DOWNLOAD&quot;:&quot;Pobieranie&quot;,&quot;SHARE&quot;:&quot;Udost\\u0119pnij&quot;,&quot;ZOOM&quot;:&quot;Powi\\u0119kszenie&quot;}},&quot;clickSlide&quot;:false,&quot;clickOutside&quot;:false,&quot;dblclickContent&quot;:false,&quot;dblclickSlide&quot;:false,&quot;dblclickOutside&quot;:false,&quot;clickContent&quot;:false,&quot;baseTpl&quot;:&quot;&lt;div class=\\&quot;modula-fancybox-container modula-lightbox-jtg-19263\\&quot; role=\\&quot;dialog\\&quot; tabindex=\\&quot;-1\\&quot;&gt;&lt;div class=\\&quot;modula-fancybox-bg\\&quot;&gt;&lt;\\\/div&gt;&lt;div class=\\&quot;modula-fancybox-inner\\&quot;&gt;&lt;div class=\\&quot;modula-fancybox-infobar\\&quot;&gt;&lt;span data-fancybox-index&gt;&lt;\\\/span&gt;&nbsp;\\\/&nbsp;&lt;span data-fancybox-count&gt;&lt;\\\/span&gt;&lt;\\\/div&gt;&lt;div class=\\&quot;modula-fancybox-toolbar\\&quot;&gt;{{buttons}}&lt;\\\/div&gt;&lt;div class=\\&quot;modula-fancybox-navigation\\&quot;&gt;{{arrows}}&lt;\\\/div&gt;&lt;div class=\\&quot;modula-fancybox-stage\\&quot;&gt;&lt;\\\/div&gt;&lt;div class=\\&quot;modula-fancybox-caption\\&quot;&gt;&lt;div class=\\&quot;modula-fancybox-caption__body\\&quot;&gt;&lt;\\\/div&gt;&lt;\\\/div&gt;&lt;\\\/div&gt;&lt;\\\/div&gt;&quot;},&quot;inView&quot;:false,&quot;email_subject&quot;:&quot;Check out this awesome image !!&quot;,&quot;email_message&quot;:&quot;Here is the link to the image : %%image_link%% and this is the link to the gallery : %%gallery_link%%&quot;,&quot;lightbox&quot;:&quot;no-link&quot;}\">\n\n\t\n\t<!-- Items Container -->\n\t<div  class=\"modula-items\">\n\t\t<div class=\"modula-item effect-pufrobo\" >\n\t<div class=\"modula-item-overlay\"><\/div>\n\n\t<div class=\"modula-item-content\">\n\n\t\t\t\t\n\t\t\n\t\t<img loading=\"lazy\" decoding=\"async\" class=\"pic wp-image-19260\"  data-valign=\"middle\" data-halign=\"center\" alt=\"\" data-full=\"https:\/\/5lo.lublin.pl\/wp-content\/uploads\/2021\/12\/EkoCh_m8.jpg\" title=\"EkoCh_m8\" width=\"225\" height=\"300\" src=\"https:\/\/5lo.lublin.pl\/wp-content\/uploads\/2021\/12\/EkoCh_m8-225x300.jpg\" data-src=\"https:\/\/5lo.lublin.pl\/wp-content\/uploads\/2021\/12\/EkoCh_m8-225x300.jpg\" data-caption=\"\"srcset=\"https:\/\/5lo.lublin.pl\/wp-content\/uploads\/2021\/12\/EkoCh_m8.jpg 346w, https:\/\/5lo.lublin.pl\/wp-content\/uploads\/2021\/12\/EkoCh_m8-225x300.jpg 225w\" sizes=\"(max-width: 225px) 100vw, 225px\"\" srcset=\"https:\/\/5lo.lublin.pl\/wp-content\/uploads\/2021\/12\/EkoCh_m8-225x300.jpg 225w, https:\/\/5lo.lublin.pl\/wp-content\/uploads\/2021\/12\/EkoCh_m8.jpg 346w\" \/>\n\t\t<div class=\"figc no-description\">\n\t\t\t<div class=\"figc-inner\">\n\t\t\t\t\t\t\t\t\t\t\t\t\t\t\t<\/div>\n\t\t<\/div>\n\n\t<\/div>\n\n<\/div><div class=\"modula-item effect-pufrobo\" >\n\t<div class=\"modula-item-overlay\"><\/div>\n\n\t<div class=\"modula-item-content\">\n\n\t\t\t\t\n\t\t\n\t\t<img loading=\"lazy\" decoding=\"async\" class=\"pic wp-image-19259\"  data-valign=\"middle\" data-halign=\"center\" alt=\"\" data-full=\"https:\/\/5lo.lublin.pl\/wp-content\/uploads\/2021\/12\/EkoCh_m7.jpg\" title=\"EkoCh_m7\" width=\"225\" height=\"300\" src=\"https:\/\/5lo.lublin.pl\/wp-content\/uploads\/2021\/12\/EkoCh_m7-225x300.jpg\" data-src=\"https:\/\/5lo.lublin.pl\/wp-content\/uploads\/2021\/12\/EkoCh_m7-225x300.jpg\" data-caption=\"\"srcset=\"https:\/\/5lo.lublin.pl\/wp-content\/uploads\/2021\/12\/EkoCh_m7.jpg 485w, https:\/\/5lo.lublin.pl\/wp-content\/uploads\/2021\/12\/EkoCh_m7-225x300.jpg 225w\" sizes=\"(max-width: 225px) 100vw, 225px\"\" srcset=\"https:\/\/5lo.lublin.pl\/wp-content\/uploads\/2021\/12\/EkoCh_m7-225x300.jpg 225w, https:\/\/5lo.lublin.pl\/wp-content\/uploads\/2021\/12\/EkoCh_m7.jpg 485w\" \/>\n\t\t<div class=\"figc no-description\">\n\t\t\t<div class=\"figc-inner\">\n\t\t\t\t\t\t\t\t\t\t\t\t\t\t\t<\/div>\n\t\t<\/div>\n\n\t<\/div>\n\n<\/div><div class=\"modula-item effect-pufrobo\" >\n\t<div class=\"modula-item-overlay\"><\/div>\n\n\t<div class=\"modula-item-content\">\n\n\t\t\t\t\n\t\t\n\t\t<img loading=\"lazy\" decoding=\"async\" class=\"pic wp-image-19258\"  data-valign=\"middle\" data-halign=\"center\" alt=\"\" data-full=\"https:\/\/5lo.lublin.pl\/wp-content\/uploads\/2021\/12\/EkoCh_m6.jpg\" title=\"EkoCh_m6\" width=\"225\" height=\"300\" src=\"https:\/\/5lo.lublin.pl\/wp-content\/uploads\/2021\/12\/EkoCh_m6-225x300.jpg\" data-src=\"https:\/\/5lo.lublin.pl\/wp-content\/uploads\/2021\/12\/EkoCh_m6-225x300.jpg\" data-caption=\"\"srcset=\"https:\/\/5lo.lublin.pl\/wp-content\/uploads\/2021\/12\/EkoCh_m6.jpg 342w, https:\/\/5lo.lublin.pl\/wp-content\/uploads\/2021\/12\/EkoCh_m6-225x300.jpg 225w\" sizes=\"(max-width: 225px) 100vw, 225px\"\" srcset=\"https:\/\/5lo.lublin.pl\/wp-content\/uploads\/2021\/12\/EkoCh_m6-225x300.jpg 225w, https:\/\/5lo.lublin.pl\/wp-content\/uploads\/2021\/12\/EkoCh_m6.jpg 342w\" \/>\n\t\t<div class=\"figc no-description\">\n\t\t\t<div class=\"figc-inner\">\n\t\t\t\t\t\t\t\t\t\t\t\t\t\t\t<\/div>\n\t\t<\/div>\n\n\t<\/div>\n\n<\/div><div class=\"modula-item effect-pufrobo\" >\n\t<div class=\"modula-item-overlay\"><\/div>\n\n\t<div class=\"modula-item-content\">\n\n\t\t\t\t\n\t\t\n\t\t<img loading=\"lazy\" decoding=\"async\" class=\"pic wp-image-19257\"  data-valign=\"middle\" data-halign=\"center\" alt=\"\" data-full=\"https:\/\/5lo.lublin.pl\/wp-content\/uploads\/2021\/12\/EkoCh_m5.jpg\" title=\"EkoCh_m5\" width=\"225\" height=\"300\" src=\"https:\/\/5lo.lublin.pl\/wp-content\/uploads\/2021\/12\/EkoCh_m5-225x300.jpg\" data-src=\"https:\/\/5lo.lublin.pl\/wp-content\/uploads\/2021\/12\/EkoCh_m5-225x300.jpg\" data-caption=\"\"srcset=\"https:\/\/5lo.lublin.pl\/wp-content\/uploads\/2021\/12\/EkoCh_m5.jpg 343w, https:\/\/5lo.lublin.pl\/wp-content\/uploads\/2021\/12\/EkoCh_m5-225x300.jpg 225w\" sizes=\"(max-width: 225px) 100vw, 225px\"\" srcset=\"https:\/\/5lo.lublin.pl\/wp-content\/uploads\/2021\/12\/EkoCh_m5-225x300.jpg 225w, https:\/\/5lo.lublin.pl\/wp-content\/uploads\/2021\/12\/EkoCh_m5.jpg 343w\" \/>\n\t\t<div class=\"figc no-description\">\n\t\t\t<div class=\"figc-inner\">\n\t\t\t\t\t\t\t\t\t\t\t\t\t\t\t<\/div>\n\t\t<\/div>\n\n\t<\/div>\n\n<\/div><div class=\"modula-item effect-pufrobo\" >\n\t<div class=\"modula-item-overlay\"><\/div>\n\n\t<div class=\"modula-item-content\">\n\n\t\t\t\t\n\t\t\n\t\t<img loading=\"lazy\" decoding=\"async\" class=\"pic wp-image-19256\"  data-valign=\"middle\" data-halign=\"center\" alt=\"\" data-full=\"https:\/\/5lo.lublin.pl\/wp-content\/uploads\/2021\/12\/EkoCh_m4.jpg\" title=\"EkoCh_m4\" width=\"225\" height=\"300\" src=\"https:\/\/5lo.lublin.pl\/wp-content\/uploads\/2021\/12\/EkoCh_m4-225x300.jpg\" data-src=\"https:\/\/5lo.lublin.pl\/wp-content\/uploads\/2021\/12\/EkoCh_m4-225x300.jpg\" data-caption=\"\"srcset=\"https:\/\/5lo.lublin.pl\/wp-content\/uploads\/2021\/12\/EkoCh_m4.jpg 338w, https:\/\/5lo.lublin.pl\/wp-content\/uploads\/2021\/12\/EkoCh_m4-225x300.jpg 225w\" sizes=\"(max-width: 225px) 100vw, 225px\"\" srcset=\"https:\/\/5lo.lublin.pl\/wp-content\/uploads\/2021\/12\/EkoCh_m4-225x300.jpg 225w, https:\/\/5lo.lublin.pl\/wp-content\/uploads\/2021\/12\/EkoCh_m4.jpg 338w\" \/>\n\t\t<div class=\"figc no-description\">\n\t\t\t<div class=\"figc-inner\">\n\t\t\t\t\t\t\t\t\t\t\t\t\t\t\t<\/div>\n\t\t<\/div>\n\n\t<\/div>\n\n<\/div><div class=\"modula-item effect-pufrobo\" >\n\t<div class=\"modula-item-overlay\"><\/div>\n\n\t<div class=\"modula-item-content\">\n\n\t\t\t\t\n\t\t\n\t\t<img loading=\"lazy\" decoding=\"async\" class=\"pic wp-image-19255\"  data-valign=\"middle\" data-halign=\"center\" alt=\"\" data-full=\"https:\/\/5lo.lublin.pl\/wp-content\/uploads\/2021\/12\/EkoCh_m3.jpg\" title=\"EkoCh_m3\" width=\"225\" height=\"300\" src=\"https:\/\/5lo.lublin.pl\/wp-content\/uploads\/2021\/12\/EkoCh_m3-225x300.jpg\" data-src=\"https:\/\/5lo.lublin.pl\/wp-content\/uploads\/2021\/12\/EkoCh_m3-225x300.jpg\" data-caption=\"\"srcset=\"https:\/\/5lo.lublin.pl\/wp-content\/uploads\/2021\/12\/EkoCh_m3.jpg 342w, https:\/\/5lo.lublin.pl\/wp-content\/uploads\/2021\/12\/EkoCh_m3-225x300.jpg 225w\" sizes=\"(max-width: 225px) 100vw, 225px\"\" srcset=\"https:\/\/5lo.lublin.pl\/wp-content\/uploads\/2021\/12\/EkoCh_m3-225x300.jpg 225w, https:\/\/5lo.lublin.pl\/wp-content\/uploads\/2021\/12\/EkoCh_m3.jpg 342w\" \/>\n\t\t<div class=\"figc no-description\">\n\t\t\t<div class=\"figc-inner\">\n\t\t\t\t\t\t\t\t\t\t\t\t\t\t\t<\/div>\n\t\t<\/div>\n\n\t<\/div>\n\n<\/div><div class=\"modula-item effect-pufrobo\" >\n\t<div class=\"modula-item-overlay\"><\/div>\n\n\t<div class=\"modula-item-content\">\n\n\t\t\t\t\n\t\t\n\t\t<img loading=\"lazy\" decoding=\"async\" class=\"pic wp-image-19254\"  data-valign=\"middle\" data-halign=\"center\" alt=\"\" data-full=\"https:\/\/5lo.lublin.pl\/wp-content\/uploads\/2021\/12\/EkoCh_m2.jpg\" title=\"EkoCh_m2\" width=\"225\" height=\"300\" src=\"https:\/\/5lo.lublin.pl\/wp-content\/uploads\/2021\/12\/EkoCh_m2-225x300.jpg\" data-src=\"https:\/\/5lo.lublin.pl\/wp-content\/uploads\/2021\/12\/EkoCh_m2-225x300.jpg\" data-caption=\"\"srcset=\"https:\/\/5lo.lublin.pl\/wp-content\/uploads\/2021\/12\/EkoCh_m2.jpg 344w, https:\/\/5lo.lublin.pl\/wp-content\/uploads\/2021\/12\/EkoCh_m2-225x300.jpg 225w\" sizes=\"(max-width: 225px) 100vw, 225px\"\" srcset=\"https:\/\/5lo.lublin.pl\/wp-content\/uploads\/2021\/12\/EkoCh_m2-225x300.jpg 225w, https:\/\/5lo.lublin.pl\/wp-content\/uploads\/2021\/12\/EkoCh_m2.jpg 344w\" \/>\n\t\t<div class=\"figc no-description\">\n\t\t\t<div class=\"figc-inner\">\n\t\t\t\t\t\t\t\t\t\t\t\t\t\t\t<\/div>\n\t\t<\/div>\n\n\t<\/div>\n\n<\/div><div class=\"modula-item effect-pufrobo\" >\n\t<div class=\"modula-item-overlay\"><\/div>\n\n\t<div class=\"modula-item-content\">\n\n\t\t\t\t\n\t\t\n\t\t<img loading=\"lazy\" decoding=\"async\" class=\"pic wp-image-19253\"  data-valign=\"middle\" data-halign=\"center\" alt=\"\" data-full=\"https:\/\/5lo.lublin.pl\/wp-content\/uploads\/2021\/12\/EkoCh_m1.jpg\" title=\"EkoCh_m1\" width=\"225\" height=\"300\" src=\"https:\/\/5lo.lublin.pl\/wp-content\/uploads\/2021\/12\/EkoCh_m1-225x300.jpg\" data-src=\"https:\/\/5lo.lublin.pl\/wp-content\/uploads\/2021\/12\/EkoCh_m1-225x300.jpg\" data-caption=\"\"srcset=\"https:\/\/5lo.lublin.pl\/wp-content\/uploads\/2021\/12\/EkoCh_m1.jpg 346w, https:\/\/5lo.lublin.pl\/wp-content\/uploads\/2021\/12\/EkoCh_m1-225x300.jpg 225w\" sizes=\"(max-width: 225px) 100vw, 225px\"\" srcset=\"https:\/\/5lo.lublin.pl\/wp-content\/uploads\/2021\/12\/EkoCh_m1-225x300.jpg 225w, https:\/\/5lo.lublin.pl\/wp-content\/uploads\/2021\/12\/EkoCh_m1.jpg 346w\" \/>\n\t\t<div class=\"figc no-description\">\n\t\t\t<div class=\"figc-inner\">\n\t\t\t\t\t\t\t\t\t\t\t\t\t\t\t<\/div>\n\t\t<\/div>\n\n\t<\/div>\n\n<\/div>\t\t\n\t<\/div>\n\n\t\n\t\n\t<script type=\"application\/ld+json\">\n\t{\n\t\t\"@context\": \"http:\/\/schema.org\",\n\t\t\"@type\"   : \"ImageGallery\",\n\t\t\"id\"      : \"https:\/\/5lo.lublin.pl\",\n\t\t\"url\"     : \"https:\/\/5lo.lublin.pl\"\n\t}\n\n    <\/script>\n\n\t\n<\/div>\n\n\n\n<p><strong>Czy wiesz, \u017ce\u2026?<\/strong><\/p>\n\n\n\n<p><strong>Co roku w ramach \u015bwi\u0105tecznej tradycji wycina si\u0119 w naszym kraju &nbsp;6 milion\u00f3w drzewek. &nbsp;<\/strong>Szacuje si\u0119, \u017ce jedno drzewo wysoko\u015bci 25 metr\u00f3w usuwa w ci\u0105gu dnia tyle dwutlenku w\u0119gla, ile emituj\u0105 dwa jednorodzinne domy, a&nbsp; 60-letnia sosna produkuje dziennie tyle tlenu, ile potrzebuj\u0105 trzy osoby. <strong><\/strong><\/p>\n\n\n\n<p>&nbsp;Rocznie na \u015bwiecie produkowanych jest 330 milion\u00f3w ton plastiku. To wi\u0119cej ni\u017c wa\u017c\u0105 wszyscy ludzie \u017cyj\u0105cy na Ziemi. Tylko 14% wyprodukowanego plastiku zosta\u0142o kiedykolwiek odzyskane jako surowiec. Rozk\u0142ad plastikowej w butelki w morzu trwa oko\u0142o 450 lat. &nbsp;Rocznie do ocean\u00f3w trafia niemal 13 milion\u00f3w ton plastiku. To tak, jakby co minut\u0119 wyrzuca\u0107 do nich zawarto\u015b\u0107 jednej ci\u0119\u017car\u00f3wki plastikowych odpad\u00f3w. &nbsp;Do 2050 roku w morzach i oceanach b\u0119dzie wi\u0119cej plastiku ni\u017c ryb. Na bezludnej wyspie Henderson na Pacyfiku znaleziono 38 miliard\u00f3w kawa\u0142k\u00f3w plastiku.<\/p>\n\n\n\n<p>Opiekunowie projektu: Ewa Post\u0119pska-Pi\u0142at i Renata Grzegorczyk<\/p>\n","protected":false},"excerpt":{"rendered":"<p>Tu\u017c przed \u015awi\u0119tami Bo\u017cego Narodzenia, uczniowie klasy 1el wykonali zr\u00f3wnowa\u017con\u0105 choink\u0119 z plastikowych butelek. Na choince zawis\u0142y ozdoby &nbsp;z materia\u0142\u00f3w odpadowych, kt\u00f3re zwykle zalegaj\u0105 na \u015bmietniskach. Teraz zyska\u0142y nowe \u017cycie, dzi\u0119ki pomys\u0142owo\u015bci uczni\u00f3w klas 1fl i 3dpl. Do wykonania dekoracji \u015bwi\u0105tecznych wykorzystano, mi\u0119dzy innymi: zu\u017cyte \u017car\u00f3wki, plastikowe zakr\u0119tki, sznurek, korki, puszki, ta\u015bmy z opakowa\u0144 i [&hellip;]<\/p>\n","protected":false},"author":665,"featured_media":19261,"comment_status":"open","ping_status":"open","sticky":false,"template":"","format":"standard","meta":{"footnotes":""},"categories":[179,1,135,371,133],"tags":[],"_links":{"self":[{"href":"https:\/\/5lo.lublin.pl\/index.php?rest_route=\/wp\/v2\/posts\/19250"}],"collection":[{"href":"https:\/\/5lo.lublin.pl\/index.php?rest_route=\/wp\/v2\/posts"}],"about":[{"href":"https:\/\/5lo.lublin.pl\/index.php?rest_route=\/wp\/v2\/types\/post"}],"author":[{"embeddable":true,"href":"https:\/\/5lo.lublin.pl\/index.php?rest_route=\/wp\/v2\/users\/665"}],"replies":[{"embeddable":true,"href":"https:\/\/5lo.lublin.pl\/index.php?rest_route=%2Fwp%2Fv2%2Fcomments&post=19250"}],"version-history":[{"count":1,"href":"https:\/\/5lo.lublin.pl\/index.php?rest_route=\/wp\/v2\/posts\/19250\/revisions"}],"predecessor-version":[{"id":19265,"href":"https:\/\/5lo.lublin.pl\/index.php?rest_route=\/wp\/v2\/posts\/19250\/revisions\/19265"}],"wp:featuredmedia":[{"embeddable":true,"href":"https:\/\/5lo.lublin.pl\/index.php?rest_route=\/wp\/v2\/media\/19261"}],"wp:attachment":[{"href":"https:\/\/5lo.lublin.pl\/index.php?rest_route=%2Fwp%2Fv2%2Fmedia&parent=19250"}],"wp:term":[{"taxonomy":"category","embeddable":true,"href":"https:\/\/5lo.lublin.pl\/index.php?rest_route=%2Fwp%2Fv2%2Fcategories&post=19250"},{"taxonomy":"post_tag","embeddable":true,"href":"https:\/\/5lo.lublin.pl\/index.php?rest_route=%2Fwp%2Fv2%2Ftags&post=19250"}],"curies":[{"name":"wp","href":"https:\/\/api.w.org\/{rel}","templated":true}]}}