{"id":19225,"date":"2021-12-22T17:59:31","date_gmt":"2021-12-22T17:59:31","guid":{"rendered":"https:\/\/5lo.lublin.pl\/?p=19225"},"modified":"2021-12-22T18:11:06","modified_gmt":"2021-12-22T18:11:06","slug":"z-potrzeby-seca","status":"publish","type":"post","link":"https:\/\/5lo.lublin.pl\/?p=19225","title":{"rendered":"Z potrzeby serca"},"content":{"rendered":"\n<p style=\"font-size:17px\">W ramach \u015bwi\u0105tecznego zwyczaju obdarowywania si\u0119 prezentami, uczniowie V Liceum Og\u00f3lnokszta\u0142c\u0105cego <br \/>im. Marii Sk\u0142odowskiej-Curie w Lublinie wykazali si\u0119 przepi\u0119kn\u0105 inicjatyw\u0105. M\u0142odzie\u017c przygotowa\u0142a prezenty dla by\u0142ych wi\u0119\u017ani\u00f3w by\u0142ego niemieckiego obozu koncentracyjnego  Majdanek Mia\u0142 to by\u0107 symboliczny wyraz szacunku, pami\u0119ci oraz\u00a0 wdzi\u0119czno\u015bci wobec os\u00f3b tak ci\u0119\u017cko do\u015bwiadczonych podczas II wojny \u015bwiatowej. Inicjatork\u0105 tej akcji jest pani profesor Maria Giermakowska-Skublewska wraz z wychowawcami uczni\u00f3w klas pierwszych. Bardzo dzi\u0119kujemy uczniom, rodzicom oraz wszystkim nauczycielom , kt\u00f3rzy zaanga\u017cowali si\u0119 w t\u0119 akcj\u0119.<\/p>\n\n\n\n<figure class=\"wp-block-image size-large\"><img loading=\"lazy\" decoding=\"async\" width=\"1024\" height=\"768\" src=\"https:\/\/5lo.lublin.pl\/wp-content\/uploads\/2021\/12\/20211206_134441-1024x768.jpg\" alt=\"\" class=\"wp-image-19234\" srcset=\"https:\/\/5lo.lublin.pl\/wp-content\/uploads\/2021\/12\/20211206_134441-1024x768.jpg 1024w, https:\/\/5lo.lublin.pl\/wp-content\/uploads\/2021\/12\/20211206_134441-300x225.jpg 300w, https:\/\/5lo.lublin.pl\/wp-content\/uploads\/2021\/12\/20211206_134441-768x576.jpg 768w, https:\/\/5lo.lublin.pl\/wp-content\/uploads\/2021\/12\/20211206_134441-1536x1152.jpg 1536w, https:\/\/5lo.lublin.pl\/wp-content\/uploads\/2021\/12\/20211206_134441-2048x1536.jpg 2048w, https:\/\/5lo.lublin.pl\/wp-content\/uploads\/2021\/12\/20211206_134441-scaled.jpg 1600w\" sizes=\"(max-width: 1024px) 100vw, 1024px\" \/><\/figure>\n\n\n\n<p>Dodatkowe informacje na temat akcji w linku poni\u017cej:<\/p>\n\n\n\n<p><a href=\"https:\/\/www.majdanek.eu\/pl\/news\/z_potrzeby_serca\/1497\">Z potrzeby serca &#8211; Majdanek<\/a><\/p>\n\n\n\n<figure class=\"wp-block-gallery columns-3 is-cropped wp-block-gallery-1 is-layout-flex wp-block-gallery-is-layout-flex\"><ul class=\"blocks-gallery-grid\"><li class=\"blocks-gallery-item\"><figure><img loading=\"lazy\" decoding=\"async\" width=\"1024\" height=\"768\" src=\"https:\/\/5lo.lublin.pl\/wp-content\/uploads\/2021\/12\/20211206_134441-1024x768.jpg\" alt=\"\" data-id=\"19234\" data-full-url=\"https:\/\/5lo.lublin.pl\/wp-content\/uploads\/2021\/12\/20211206_134441-scaled.jpg\" data-link=\"https:\/\/5lo.lublin.pl\/?attachment_id=19234\" class=\"wp-image-19234\" srcset=\"https:\/\/5lo.lublin.pl\/wp-content\/uploads\/2021\/12\/20211206_134441-1024x768.jpg 1024w, https:\/\/5lo.lublin.pl\/wp-content\/uploads\/2021\/12\/20211206_134441-300x225.jpg 300w, https:\/\/5lo.lublin.pl\/wp-content\/uploads\/2021\/12\/20211206_134441-768x576.jpg 768w, https:\/\/5lo.lublin.pl\/wp-content\/uploads\/2021\/12\/20211206_134441-1536x1152.jpg 1536w, https:\/\/5lo.lublin.pl\/wp-content\/uploads\/2021\/12\/20211206_134441-2048x1536.jpg 2048w, https:\/\/5lo.lublin.pl\/wp-content\/uploads\/2021\/12\/20211206_134441-scaled.jpg 1600w\" sizes=\"(max-width: 1024px) 100vw, 1024px\" \/><\/figure><\/li><li class=\"blocks-gallery-item\"><figure><img loading=\"lazy\" decoding=\"async\" width=\"1024\" height=\"768\" src=\"https:\/\/5lo.lublin.pl\/wp-content\/uploads\/2021\/12\/20211206_134643-1024x768.jpg\" alt=\"\" data-id=\"19237\" data-full-url=\"https:\/\/5lo.lublin.pl\/wp-content\/uploads\/2021\/12\/20211206_134643-scaled.jpg\" data-link=\"https:\/\/5lo.lublin.pl\/?attachment_id=19237\" class=\"wp-image-19237\" srcset=\"https:\/\/5lo.lublin.pl\/wp-content\/uploads\/2021\/12\/20211206_134643-1024x768.jpg 1024w, https:\/\/5lo.lublin.pl\/wp-content\/uploads\/2021\/12\/20211206_134643-300x225.jpg 300w, https:\/\/5lo.lublin.pl\/wp-content\/uploads\/2021\/12\/20211206_134643-768x576.jpg 768w, https:\/\/5lo.lublin.pl\/wp-content\/uploads\/2021\/12\/20211206_134643-1536x1152.jpg 1536w, https:\/\/5lo.lublin.pl\/wp-content\/uploads\/2021\/12\/20211206_134643-2048x1536.jpg 2048w, https:\/\/5lo.lublin.pl\/wp-content\/uploads\/2021\/12\/20211206_134643-scaled.jpg 1600w\" sizes=\"(max-width: 1024px) 100vw, 1024px\" \/><\/figure><\/li><li class=\"blocks-gallery-item\"><figure><img loading=\"lazy\" decoding=\"async\" width=\"1024\" height=\"768\" src=\"https:\/\/5lo.lublin.pl\/wp-content\/uploads\/2021\/12\/20211206_135456-1024x768.jpg\" alt=\"\" data-id=\"19239\" data-full-url=\"https:\/\/5lo.lublin.pl\/wp-content\/uploads\/2021\/12\/20211206_135456-scaled.jpg\" data-link=\"https:\/\/5lo.lublin.pl\/?attachment_id=19239\" class=\"wp-image-19239\" srcset=\"https:\/\/5lo.lublin.pl\/wp-content\/uploads\/2021\/12\/20211206_135456-1024x768.jpg 1024w, https:\/\/5lo.lublin.pl\/wp-content\/uploads\/2021\/12\/20211206_135456-300x225.jpg 300w, https:\/\/5lo.lublin.pl\/wp-content\/uploads\/2021\/12\/20211206_135456-768x576.jpg 768w, https:\/\/5lo.lublin.pl\/wp-content\/uploads\/2021\/12\/20211206_135456-1536x1152.jpg 1536w, https:\/\/5lo.lublin.pl\/wp-content\/uploads\/2021\/12\/20211206_135456-2048x1536.jpg 2048w, https:\/\/5lo.lublin.pl\/wp-content\/uploads\/2021\/12\/20211206_135456-scaled.jpg 1600w\" sizes=\"(max-width: 1024px) 100vw, 1024px\" \/><\/figure><\/li><li class=\"blocks-gallery-item\"><figure><img loading=\"lazy\" decoding=\"async\" width=\"1024\" height=\"768\" src=\"https:\/\/5lo.lublin.pl\/wp-content\/uploads\/2021\/12\/20211206_135502-1024x768.jpg\" alt=\"\" data-id=\"19241\" data-full-url=\"https:\/\/5lo.lublin.pl\/wp-content\/uploads\/2021\/12\/20211206_135502-scaled.jpg\" data-link=\"https:\/\/5lo.lublin.pl\/?attachment_id=19241\" class=\"wp-image-19241\" srcset=\"https:\/\/5lo.lublin.pl\/wp-content\/uploads\/2021\/12\/20211206_135502-1024x768.jpg 1024w, https:\/\/5lo.lublin.pl\/wp-content\/uploads\/2021\/12\/20211206_135502-300x225.jpg 300w, https:\/\/5lo.lublin.pl\/wp-content\/uploads\/2021\/12\/20211206_135502-768x576.jpg 768w, https:\/\/5lo.lublin.pl\/wp-content\/uploads\/2021\/12\/20211206_135502-1536x1152.jpg 1536w, https:\/\/5lo.lublin.pl\/wp-content\/uploads\/2021\/12\/20211206_135502-2048x1536.jpg 2048w, https:\/\/5lo.lublin.pl\/wp-content\/uploads\/2021\/12\/20211206_135502-scaled.jpg 1600w\" sizes=\"(max-width: 1024px) 100vw, 1024px\" \/><\/figure><\/li><li class=\"blocks-gallery-item\"><figure><img loading=\"lazy\" decoding=\"async\" width=\"768\" height=\"1024\" src=\"https:\/\/5lo.lublin.pl\/wp-content\/uploads\/2021\/12\/20211206_135524-768x1024.jpg\" alt=\"\" data-id=\"19243\" data-full-url=\"https:\/\/5lo.lublin.pl\/wp-content\/uploads\/2021\/12\/20211206_135524-scaled.jpg\" data-link=\"https:\/\/5lo.lublin.pl\/?attachment_id=19243\" class=\"wp-image-19243\" srcset=\"https:\/\/5lo.lublin.pl\/wp-content\/uploads\/2021\/12\/20211206_135524-768x1024.jpg 768w, https:\/\/5lo.lublin.pl\/wp-content\/uploads\/2021\/12\/20211206_135524-225x300.jpg 225w, https:\/\/5lo.lublin.pl\/wp-content\/uploads\/2021\/12\/20211206_135524-1152x1536.jpg 1152w, https:\/\/5lo.lublin.pl\/wp-content\/uploads\/2021\/12\/20211206_135524-1536x2048.jpg 1536w, https:\/\/5lo.lublin.pl\/wp-content\/uploads\/2021\/12\/20211206_135524-scaled.jpg 1200w\" sizes=\"(max-width: 768px) 100vw, 768px\" \/><\/figure><\/li><li class=\"blocks-gallery-item\"><figure><img loading=\"lazy\" decoding=\"async\" width=\"1024\" height=\"768\" src=\"https:\/\/5lo.lublin.pl\/wp-content\/uploads\/2021\/12\/20211206_135603-1024x768.jpg\" alt=\"\" data-id=\"19245\" data-full-url=\"https:\/\/5lo.lublin.pl\/wp-content\/uploads\/2021\/12\/20211206_135603-scaled.jpg\" data-link=\"https:\/\/5lo.lublin.pl\/?attachment_id=19245\" class=\"wp-image-19245\" srcset=\"https:\/\/5lo.lublin.pl\/wp-content\/uploads\/2021\/12\/20211206_135603-1024x768.jpg 1024w, https:\/\/5lo.lublin.pl\/wp-content\/uploads\/2021\/12\/20211206_135603-300x225.jpg 300w, https:\/\/5lo.lublin.pl\/wp-content\/uploads\/2021\/12\/20211206_135603-768x576.jpg 768w, https:\/\/5lo.lublin.pl\/wp-content\/uploads\/2021\/12\/20211206_135603-1536x1152.jpg 1536w, https:\/\/5lo.lublin.pl\/wp-content\/uploads\/2021\/12\/20211206_135603-2048x1536.jpg 2048w, https:\/\/5lo.lublin.pl\/wp-content\/uploads\/2021\/12\/20211206_135603-scaled.jpg 1600w\" sizes=\"(max-width: 1024px) 100vw, 1024px\" \/><\/figure><\/li><li class=\"blocks-gallery-item\"><figure><img loading=\"lazy\" decoding=\"async\" width=\"1024\" height=\"768\" src=\"https:\/\/5lo.lublin.pl\/wp-content\/uploads\/2021\/12\/20211206_142923-1024x768.jpg\" alt=\"\" data-id=\"19246\" data-full-url=\"https:\/\/5lo.lublin.pl\/wp-content\/uploads\/2021\/12\/20211206_142923-scaled.jpg\" data-link=\"https:\/\/5lo.lublin.pl\/?attachment_id=19246\" class=\"wp-image-19246\" srcset=\"https:\/\/5lo.lublin.pl\/wp-content\/uploads\/2021\/12\/20211206_142923-1024x768.jpg 1024w, https:\/\/5lo.lublin.pl\/wp-content\/uploads\/2021\/12\/20211206_142923-300x225.jpg 300w, https:\/\/5lo.lublin.pl\/wp-content\/uploads\/2021\/12\/20211206_142923-768x576.jpg 768w, https:\/\/5lo.lublin.pl\/wp-content\/uploads\/2021\/12\/20211206_142923-1536x1152.jpg 1536w, https:\/\/5lo.lublin.pl\/wp-content\/uploads\/2021\/12\/20211206_142923-2048x1536.jpg 2048w, https:\/\/5lo.lublin.pl\/wp-content\/uploads\/2021\/12\/20211206_142923-scaled.jpg 1600w\" sizes=\"(max-width: 1024px) 100vw, 1024px\" \/><\/figure><\/li><\/ul><\/figure>\n","protected":false},"excerpt":{"rendered":"<p>W ramach \u015bwi\u0105tecznego zwyczaju obdarowywania si\u0119 prezentami, uczniowie V Liceum Og\u00f3lnokszta\u0142c\u0105cego im. Marii Sk\u0142odowskiej-Curie w Lublinie wykazali si\u0119 przepi\u0119kn\u0105 inicjatyw\u0105. M\u0142odzie\u017c przygotowa\u0142a prezenty dla by\u0142ych wi\u0119\u017ani\u00f3w by\u0142ego niemieckiego obozu koncentracyjnego Majdanek Mia\u0142 to by\u0107 symboliczny wyraz szacunku, pami\u0119ci oraz\u00a0 wdzi\u0119czno\u015bci wobec os\u00f3b tak ci\u0119\u017cko do\u015bwiadczonych podczas II wojny \u015bwiatowej. Inicjatork\u0105 tej akcji jest pani profesor [&hellip;]<\/p>\n","protected":false},"author":29,"featured_media":19231,"comment_status":"open","ping_status":"open","sticky":false,"template":"","format":"standard","meta":{"footnotes":""},"categories":[1],"tags":[],"_links":{"self":[{"href":"https:\/\/5lo.lublin.pl\/index.php?rest_route=\/wp\/v2\/posts\/19225"}],"collection":[{"href":"https:\/\/5lo.lublin.pl\/index.php?rest_route=\/wp\/v2\/posts"}],"about":[{"href":"https:\/\/5lo.lublin.pl\/index.php?rest_route=\/wp\/v2\/types\/post"}],"author":[{"embeddable":true,"href":"https:\/\/5lo.lublin.pl\/index.php?rest_route=\/wp\/v2\/users\/29"}],"replies":[{"embeddable":true,"href":"https:\/\/5lo.lublin.pl\/index.php?rest_route=%2Fwp%2Fv2%2Fcomments&post=19225"}],"version-history":[{"count":1,"href":"https:\/\/5lo.lublin.pl\/index.php?rest_route=\/wp\/v2\/posts\/19225\/revisions"}],"predecessor-version":[{"id":19248,"href":"https:\/\/5lo.lublin.pl\/index.php?rest_route=\/wp\/v2\/posts\/19225\/revisions\/19248"}],"wp:featuredmedia":[{"embeddable":true,"href":"https:\/\/5lo.lublin.pl\/index.php?rest_route=\/wp\/v2\/media\/19231"}],"wp:attachment":[{"href":"https:\/\/5lo.lublin.pl\/index.php?rest_route=%2Fwp%2Fv2%2Fmedia&parent=19225"}],"wp:term":[{"taxonomy":"category","embeddable":true,"href":"https:\/\/5lo.lublin.pl\/index.php?rest_route=%2Fwp%2Fv2%2Fcategories&post=19225"},{"taxonomy":"post_tag","embeddable":true,"href":"https:\/\/5lo.lublin.pl\/index.php?rest_route=%2Fwp%2Fv2%2Ftags&post=19225"}],"curies":[{"name":"wp","href":"https:\/\/api.w.org\/{rel}","templated":true}]}}