{"id":19219,"date":"2021-12-22T16:32:49","date_gmt":"2021-12-22T16:32:49","guid":{"rendered":"https:\/\/5lo.lublin.pl\/?p=19219"},"modified":"2021-12-22T16:32:52","modified_gmt":"2021-12-22T16:32:52","slug":"miedzynarodowe-warsztaty-swiateczne","status":"publish","type":"post","link":"https:\/\/5lo.lublin.pl\/?p=19219","title":{"rendered":"Mi\u0119dzynarodowe warsztaty \u015bwi\u0105teczne"},"content":{"rendered":"\n<p style=\"font-size:17px\">W dniach 17 i 21 grudnia 2021 roku uczniowie klas 3dpl i 1fl wzi\u0119li udzia\u0142 w wirtualnych\u00a0warsztatach \u015bwi\u0105tecznych, zorganizowanych przez mi\u0119dzynarodow\u0105 organizacj\u0119 non-profit AFS. Spotkanie by\u0142o okazj\u0105 do obejrzenia prezentacji przygotowanych przez uczni\u00f3w z W\u0142och, Hiszpanii, Meksyku, Tajlandii i Niemiec, oraz wsp\u00f3lnej rozmowy na temat tradycji bo\u017conarodzeniowych w ich krajach.<\/p>\n\n\n\n<div class=\"wp-block-image\"><figure class=\"aligncenter size-full\"><img loading=\"lazy\" decoding=\"async\" width=\"393\" height=\"226\" src=\"https:\/\/5lo.lublin.pl\/wp-content\/uploads\/2021\/12\/cri2.png\" alt=\"\" class=\"wp-image-19220\" srcset=\"https:\/\/5lo.lublin.pl\/wp-content\/uploads\/2021\/12\/cri2.png 393w, https:\/\/5lo.lublin.pl\/wp-content\/uploads\/2021\/12\/cri2-300x173.png 300w\" sizes=\"(max-width: 393px) 100vw, 393px\" \/><\/figure><\/div>\n\n\n\n<div class=\"wp-block-image\"><figure class=\"aligncenter size-full\"><img loading=\"lazy\" decoding=\"async\" width=\"398\" height=\"245\" src=\"https:\/\/5lo.lublin.pl\/wp-content\/uploads\/2021\/12\/cri3.png\" alt=\"\" class=\"wp-image-19221\" srcset=\"https:\/\/5lo.lublin.pl\/wp-content\/uploads\/2021\/12\/cri3.png 398w, https:\/\/5lo.lublin.pl\/wp-content\/uploads\/2021\/12\/cri3-300x185.png 300w\" sizes=\"(max-width: 398px) 100vw, 398px\" \/><\/figure><\/div>\n\n\n\n<div class=\"wp-block-image\"><figure class=\"aligncenter size-full\"><img loading=\"lazy\" decoding=\"async\" width=\"379\" height=\"250\" src=\"https:\/\/5lo.lublin.pl\/wp-content\/uploads\/2021\/12\/cri4.png\" alt=\"\" class=\"wp-image-19222\" srcset=\"https:\/\/5lo.lublin.pl\/wp-content\/uploads\/2021\/12\/cri4.png 379w, https:\/\/5lo.lublin.pl\/wp-content\/uploads\/2021\/12\/cri4-300x198.png 300w\" sizes=\"(max-width: 379px) 100vw, 379px\" \/><\/figure><\/div>\n\n\n\n<p style=\"font-size:17px\">Organizatorzy warsztat\u00f3w:\u00a0 Ewa Post\u0119pska-Pi\u0142at, S\u0142awomir Ko\u0142tun<\/p>\n","protected":false},"excerpt":{"rendered":"<p>W dniach 17 i 21 grudnia 2021 roku uczniowie klas 3dpl i 1fl wzi\u0119li udzia\u0142 w wirtualnych\u00a0warsztatach \u015bwi\u0105tecznych, zorganizowanych przez mi\u0119dzynarodow\u0105 organizacj\u0119 non-profit AFS. Spotkanie by\u0142o okazj\u0105 do obejrzenia prezentacji przygotowanych przez uczni\u00f3w z W\u0142och, Hiszpanii, Meksyku, Tajlandii i Niemiec, oraz wsp\u00f3lnej rozmowy na temat tradycji bo\u017conarodzeniowych w ich krajach. Organizatorzy warsztat\u00f3w:\u00a0 Ewa Post\u0119pska-Pi\u0142at, S\u0142awomir [&hellip;]<\/p>\n","protected":false},"author":23,"featured_media":19223,"comment_status":"open","ping_status":"open","sticky":false,"template":"","format":"standard","meta":{"footnotes":""},"categories":[1,135,133],"tags":[],"_links":{"self":[{"href":"https:\/\/5lo.lublin.pl\/index.php?rest_route=\/wp\/v2\/posts\/19219"}],"collection":[{"href":"https:\/\/5lo.lublin.pl\/index.php?rest_route=\/wp\/v2\/posts"}],"about":[{"href":"https:\/\/5lo.lublin.pl\/index.php?rest_route=\/wp\/v2\/types\/post"}],"author":[{"embeddable":true,"href":"https:\/\/5lo.lublin.pl\/index.php?rest_route=\/wp\/v2\/users\/23"}],"replies":[{"embeddable":true,"href":"https:\/\/5lo.lublin.pl\/index.php?rest_route=%2Fwp%2Fv2%2Fcomments&post=19219"}],"version-history":[{"count":1,"href":"https:\/\/5lo.lublin.pl\/index.php?rest_route=\/wp\/v2\/posts\/19219\/revisions"}],"predecessor-version":[{"id":19224,"href":"https:\/\/5lo.lublin.pl\/index.php?rest_route=\/wp\/v2\/posts\/19219\/revisions\/19224"}],"wp:featuredmedia":[{"embeddable":true,"href":"https:\/\/5lo.lublin.pl\/index.php?rest_route=\/wp\/v2\/media\/19223"}],"wp:attachment":[{"href":"https:\/\/5lo.lublin.pl\/index.php?rest_route=%2Fwp%2Fv2%2Fmedia&parent=19219"}],"wp:term":[{"taxonomy":"category","embeddable":true,"href":"https:\/\/5lo.lublin.pl\/index.php?rest_route=%2Fwp%2Fv2%2Fcategories&post=19219"},{"taxonomy":"post_tag","embeddable":true,"href":"https:\/\/5lo.lublin.pl\/index.php?rest_route=%2Fwp%2Fv2%2Ftags&post=19219"}],"curies":[{"name":"wp","href":"https:\/\/api.w.org\/{rel}","templated":true}]}}