{"id":19208,"date":"2021-12-23T00:29:20","date_gmt":"2021-12-23T00:29:20","guid":{"rendered":"https:\/\/5lo.lublin.pl\/?p=19208"},"modified":"2021-12-31T11:34:16","modified_gmt":"2021-12-31T11:34:16","slug":"zyczenia-swiateczne-3","status":"publish","type":"post","link":"https:\/\/5lo.lublin.pl\/?p=19208","title":{"rendered":"\u017byczenia \u015awi\u0105teczne"},"content":{"rendered":"\n<p style=\"font-size:17px\">W imieniu spo\u0142eczno\u015bci szkolnej V Liceum Og\u00f3lnokszta\u0142c\u0105cego im. Marii Sk\u0142odowskiej-Curie w Lublinie sk\u0142adamy Pa\u0144stwu najserdeczniejsze \u017cyczenia. Niech czas \u015awi\u0105t Bo\u017cego Narodzenia b\u0119dzie pe\u0142en atmosfery rado\u015bci, wytchnienia i zatrzymania od codziennego p\u0119du. \u017byczymy, by \u015awi\u0119ty Miko\u0142aj przyni\u00f3s\u0142 wszystkim najpi\u0119kniejszy prezent &#8211; du\u017co mi\u0142o\u015bci! Weso\u0142ych \u015awi\u0105t!<\/p>\n","protected":false},"excerpt":{"rendered":"<p>W imieniu spo\u0142eczno\u015bci szkolnej V Liceum Og\u00f3lnokszta\u0142c\u0105cego im. Marii Sk\u0142odowskiej-Curie w Lublinie sk\u0142adamy Pa\u0144stwu najserdeczniejsze \u017cyczenia. Niech czas \u015awi\u0105t Bo\u017cego Narodzenia b\u0119dzie pe\u0142en atmosfery rado\u015bci, wytchnienia i zatrzymania od codziennego p\u0119du. \u017byczymy, by \u015awi\u0119ty Miko\u0142aj przyni\u00f3s\u0142 wszystkim najpi\u0119kniejszy prezent &#8211; du\u017co mi\u0142o\u015bci! Weso\u0142ych \u015awi\u0105t!<\/p>\n","protected":false},"author":23,"featured_media":19209,"comment_status":"closed","ping_status":"open","sticky":false,"template":"","format":"standard","meta":{"footnotes":""},"categories":[179,1,133],"tags":[],"_links":{"self":[{"href":"https:\/\/5lo.lublin.pl\/index.php?rest_route=\/wp\/v2\/posts\/19208"}],"collection":[{"href":"https:\/\/5lo.lublin.pl\/index.php?rest_route=\/wp\/v2\/posts"}],"about":[{"href":"https:\/\/5lo.lublin.pl\/index.php?rest_route=\/wp\/v2\/types\/post"}],"author":[{"embeddable":true,"href":"https:\/\/5lo.lublin.pl\/index.php?rest_route=\/wp\/v2\/users\/23"}],"replies":[{"embeddable":true,"href":"https:\/\/5lo.lublin.pl\/index.php?rest_route=%2Fwp%2Fv2%2Fcomments&post=19208"}],"version-history":[{"count":1,"href":"https:\/\/5lo.lublin.pl\/index.php?rest_route=\/wp\/v2\/posts\/19208\/revisions"}],"predecessor-version":[{"id":19212,"href":"https:\/\/5lo.lublin.pl\/index.php?rest_route=\/wp\/v2\/posts\/19208\/revisions\/19212"}],"wp:featuredmedia":[{"embeddable":true,"href":"https:\/\/5lo.lublin.pl\/index.php?rest_route=\/wp\/v2\/media\/19209"}],"wp:attachment":[{"href":"https:\/\/5lo.lublin.pl\/index.php?rest_route=%2Fwp%2Fv2%2Fmedia&parent=19208"}],"wp:term":[{"taxonomy":"category","embeddable":true,"href":"https:\/\/5lo.lublin.pl\/index.php?rest_route=%2Fwp%2Fv2%2Fcategories&post=19208"},{"taxonomy":"post_tag","embeddable":true,"href":"https:\/\/5lo.lublin.pl\/index.php?rest_route=%2Fwp%2Fv2%2Ftags&post=19208"}],"curies":[{"name":"wp","href":"https:\/\/api.w.org\/{rel}","templated":true}]}}