{"id":19067,"date":"2021-12-12T15:52:24","date_gmt":"2021-12-12T15:52:24","guid":{"rendered":"https:\/\/5lo.lublin.pl\/?p=19067"},"modified":"2021-12-12T15:52:28","modified_gmt":"2021-12-12T15:52:28","slug":"projekt-united-nations-association-poland","status":"publish","type":"post","link":"https:\/\/5lo.lublin.pl\/?p=19067","title":{"rendered":"Projekt United Nations Association Poland"},"content":{"rendered":"\n<div class=\"wp-block-image\"><figure class=\"aligncenter size-full\"><img loading=\"lazy\" decoding=\"async\" width=\"351\" height=\"351\" src=\"https:\/\/5lo.lublin.pl\/wp-content\/uploads\/2021\/12\/image-1.png\" alt=\"\" class=\"wp-image-19068\" srcset=\"https:\/\/5lo.lublin.pl\/wp-content\/uploads\/2021\/12\/image-1.png 351w, https:\/\/5lo.lublin.pl\/wp-content\/uploads\/2021\/12\/image-1-300x300.png 300w, https:\/\/5lo.lublin.pl\/wp-content\/uploads\/2021\/12\/image-1-150x150.png 150w, https:\/\/5lo.lublin.pl\/wp-content\/uploads\/2021\/12\/image-1-120x120.png 120w\" sizes=\"(max-width: 351px) 100vw, 351px\" \/><\/figure><\/div>\n\n\n\n<p>W ramach og\u00f3lnopolskiego projektu United Nations Association Poland, skierowanego do uczni\u00f3w szk\u00f3\u0142 ponadpodstawowych, dwaj uczniowie naszej szko\u0142y \u2013 <strong>Szymon Wnuk<\/strong> i <strong>Franciszek Matraszek<\/strong> z klasy 3ep zostali wybrani Ambasadorami Zr\u00f3wnowa\u017conego Rozwoju.<\/p>\n\n\n\n<figure class=\"wp-block-image size-full\"><img loading=\"lazy\" decoding=\"async\" width=\"945\" height=\"590\" src=\"https:\/\/5lo.lublin.pl\/wp-content\/uploads\/2021\/12\/image-2.png\" alt=\"\" class=\"wp-image-19069\" srcset=\"https:\/\/5lo.lublin.pl\/wp-content\/uploads\/2021\/12\/image-2.png 945w, https:\/\/5lo.lublin.pl\/wp-content\/uploads\/2021\/12\/image-2-300x187.png 300w, https:\/\/5lo.lublin.pl\/wp-content\/uploads\/2021\/12\/image-2-768x479.png 768w\" sizes=\"(max-width: 945px) 100vw, 945px\" \/><\/figure>\n\n\n\n<p>Celem programu jest zrzeszenie zaanga\u017cowanych w spo\u0142eczno\u015b\u0107 szkoln\u0105 i lokaln\u0105 uczni\u00f3w, kt\u00f3rzy przyczyni\u0105 si\u0119 do promocji dzia\u0142alno\u015bci Organizacji Narod\u00f3w Zjednoczonych oraz Cel\u00f3w Zr\u00f3wnowa\u017conego Rozwoju (Sustainable Development Goals &#8211; SDGs).<\/p>\n\n\n\n<p>W sobot\u0119, 27 listopada odby\u0142a si\u0119 uroczysta inauguracja II edycji programu, podczas kt\u00f3rej przedstawiono tegorocznych Ambasador\u00f3w. Przez kolejnych kilka miesi\u0119cy b\u0119d\u0105 oni realizowa\u0107 projekty, maj\u0105ce na celu popraw\u0119 jako\u015bci \u017cycia spo\u0142eczno\u015bci lokalnej. Pod koniec maja przysz\u0142ego roku jury przyzna nagrody za: najlepszy projekt, najbardziej kreatywny projekt oraz projekt ponad podzia\u0142ami, aktywizuj\u0105cy wiele grup spo\u0142ecznych \u2013 wiekowych i narodowo\u015bciowych.<\/p>\n\n\n\n<p>Serdecznie gratulujemy i \u017cyczymy dalszych sukces\u00f3w!<\/p>\n\n\n\n<p>Opiekunowie:<\/p>\n\n\n\n<p>Ewa Post\u0119pska-Pi\u0142at<\/p>\n\n\n\n<p>\u0141ukasz Kopytko<\/p>\n\n\n\n<p>+ serdecznie dzi\u0119kujemy za wsparcie wszystkim zaanga\u017cowanym w projekt;)<\/p>\n","protected":false},"excerpt":{"rendered":"<p>W ramach og\u00f3lnopolskiego projektu United Nations Association Poland, skierowanego do uczni\u00f3w szk\u00f3\u0142 ponadpodstawowych, dwaj uczniowie naszej szko\u0142y \u2013 Szymon Wnuk i Franciszek Matraszek z klasy 3ep zostali wybrani Ambasadorami Zr\u00f3wnowa\u017conego Rozwoju. Celem programu jest zrzeszenie zaanga\u017cowanych w spo\u0142eczno\u015b\u0107 szkoln\u0105 i lokaln\u0105 uczni\u00f3w, kt\u00f3rzy przyczyni\u0105 si\u0119 do promocji dzia\u0142alno\u015bci Organizacji Narod\u00f3w Zjednoczonych oraz Cel\u00f3w Zr\u00f3wnowa\u017conego Rozwoju [&hellip;]<\/p>\n","protected":false},"author":29,"featured_media":19068,"comment_status":"open","ping_status":"open","sticky":false,"template":"","format":"standard","meta":{"footnotes":""},"categories":[347,1,134,135,371],"tags":[],"_links":{"self":[{"href":"https:\/\/5lo.lublin.pl\/index.php?rest_route=\/wp\/v2\/posts\/19067"}],"collection":[{"href":"https:\/\/5lo.lublin.pl\/index.php?rest_route=\/wp\/v2\/posts"}],"about":[{"href":"https:\/\/5lo.lublin.pl\/index.php?rest_route=\/wp\/v2\/types\/post"}],"author":[{"embeddable":true,"href":"https:\/\/5lo.lublin.pl\/index.php?rest_route=\/wp\/v2\/users\/29"}],"replies":[{"embeddable":true,"href":"https:\/\/5lo.lublin.pl\/index.php?rest_route=%2Fwp%2Fv2%2Fcomments&post=19067"}],"version-history":[{"count":1,"href":"https:\/\/5lo.lublin.pl\/index.php?rest_route=\/wp\/v2\/posts\/19067\/revisions"}],"predecessor-version":[{"id":19070,"href":"https:\/\/5lo.lublin.pl\/index.php?rest_route=\/wp\/v2\/posts\/19067\/revisions\/19070"}],"wp:featuredmedia":[{"embeddable":true,"href":"https:\/\/5lo.lublin.pl\/index.php?rest_route=\/wp\/v2\/media\/19068"}],"wp:attachment":[{"href":"https:\/\/5lo.lublin.pl\/index.php?rest_route=%2Fwp%2Fv2%2Fmedia&parent=19067"}],"wp:term":[{"taxonomy":"category","embeddable":true,"href":"https:\/\/5lo.lublin.pl\/index.php?rest_route=%2Fwp%2Fv2%2Fcategories&post=19067"},{"taxonomy":"post_tag","embeddable":true,"href":"https:\/\/5lo.lublin.pl\/index.php?rest_route=%2Fwp%2Fv2%2Ftags&post=19067"}],"curies":[{"name":"wp","href":"https:\/\/api.w.org\/{rel}","templated":true}]}}