{"id":18943,"date":"2021-10-18T12:54:00","date_gmt":"2021-10-18T12:54:00","guid":{"rendered":"https:\/\/5lo.lublin.pl\/?p=18943"},"modified":"2021-11-19T12:56:58","modified_gmt":"2021-11-19T12:56:58","slug":"pielgrzymka-maturzystow-na-jasna-gore","status":"publish","type":"post","link":"https:\/\/5lo.lublin.pl\/?p=18943","title":{"rendered":"Pielgrzymka Maturzyst\u00f3w na Jasn\u0105 G\u00f3r\u0119"},"content":{"rendered":"\n<p style=\"font-size:18px\">W sobot\u0119 16 pa\u017adziernika br. uczniowie klas trzecich V LO w Lublinie wraz z ks. Robertem wzi\u0119li udzia\u0142 w pielgrzymce lubelskich maturzyst\u00f3w na Jasn\u0105 G\u00f3r\u0119. O \u015bwicie wyruszyli\u015bmy autobusem w stron\u0119 Cz\u0119stochowy. Do celu dotarli\u015bmy przed godzin\u0105 12- idealnie na Drog\u0119 Krzy\u017cow\u0105, kt\u00f3ra z racji pi\u0119knej pogody odby\u0142a si\u0119 na B\u0142oniach Jasnog\u00f3rskich. Nast\u0119pnie mieli\u015bmy czas wolny na zwiedzanie oraz posi\u0142ek. Po po\u0142udniu czeka\u0142a nas Msza \u015awi\u0119ta poprzedzona godzin\u0105 ewangelizacyjn\u0105. Homili\u0119 wyg\u0142osi\u0142 ksi\u0105dz biskup Adam Bab. Jego s\u0142owa sk\u0142ania\u0142y do przemy\u015ble\u0144 i niew\u0105tpliwie pozostan\u0105 w pami\u0119ci maturzyst\u00f3w. Przed opuszczeniem Cz\u0119stochowy, dzi\u0119ki uprzejmo\u015bci si\u00f3str zakonnych, zwiedzili\u015bmy Edycj\u0119 \u015awi\u0119tego Paw\u0142a i mogli\u015bmy od podszewki zobaczy\u0107 jak powstaj\u0105 teksty biblijne oraz pozna\u0107 histori\u0119 wydawnictwa.<br \/>Wyjazd up\u0142yn\u0105\u0142 w atmosferze modlitwy, \u015bmiechu i rozm\u00f3w. Mieli\u015bmy r\u00f3wnie\u017c okazj\u0119, aby duchowo przygotowa\u0107 si\u0119 do czekaj\u0105cego nas egzaminu dojrza\u0142o\u015bci.<br \/>Patrycja Juszka<\/p>\n","protected":false},"excerpt":{"rendered":"<p>W sobot\u0119 16 pa\u017adziernika br. uczniowie klas trzecich V LO w Lublinie wraz z ks. Robertem wzi\u0119li udzia\u0142 w pielgrzymce lubelskich maturzyst\u00f3w na Jasn\u0105 G\u00f3r\u0119. O \u015bwicie wyruszyli\u015bmy autobusem w stron\u0119 Cz\u0119stochowy. Do celu dotarli\u015bmy przed godzin\u0105 12- idealnie na Drog\u0119 Krzy\u017cow\u0105, kt\u00f3ra z racji pi\u0119knej pogody odby\u0142a si\u0119 na B\u0142oniach Jasnog\u00f3rskich. Nast\u0119pnie mieli\u015bmy czas [&hellip;]<\/p>\n","protected":false},"author":23,"featured_media":18944,"comment_status":"open","ping_status":"open","sticky":false,"template":"","format":"standard","meta":{"footnotes":""},"categories":[135,133],"tags":[],"_links":{"self":[{"href":"https:\/\/5lo.lublin.pl\/index.php?rest_route=\/wp\/v2\/posts\/18943"}],"collection":[{"href":"https:\/\/5lo.lublin.pl\/index.php?rest_route=\/wp\/v2\/posts"}],"about":[{"href":"https:\/\/5lo.lublin.pl\/index.php?rest_route=\/wp\/v2\/types\/post"}],"author":[{"embeddable":true,"href":"https:\/\/5lo.lublin.pl\/index.php?rest_route=\/wp\/v2\/users\/23"}],"replies":[{"embeddable":true,"href":"https:\/\/5lo.lublin.pl\/index.php?rest_route=%2Fwp%2Fv2%2Fcomments&post=18943"}],"version-history":[{"count":1,"href":"https:\/\/5lo.lublin.pl\/index.php?rest_route=\/wp\/v2\/posts\/18943\/revisions"}],"predecessor-version":[{"id":18945,"href":"https:\/\/5lo.lublin.pl\/index.php?rest_route=\/wp\/v2\/posts\/18943\/revisions\/18945"}],"wp:featuredmedia":[{"embeddable":true,"href":"https:\/\/5lo.lublin.pl\/index.php?rest_route=\/wp\/v2\/media\/18944"}],"wp:attachment":[{"href":"https:\/\/5lo.lublin.pl\/index.php?rest_route=%2Fwp%2Fv2%2Fmedia&parent=18943"}],"wp:term":[{"taxonomy":"category","embeddable":true,"href":"https:\/\/5lo.lublin.pl\/index.php?rest_route=%2Fwp%2Fv2%2Fcategories&post=18943"},{"taxonomy":"post_tag","embeddable":true,"href":"https:\/\/5lo.lublin.pl\/index.php?rest_route=%2Fwp%2Fv2%2Ftags&post=18943"}],"curies":[{"name":"wp","href":"https:\/\/api.w.org\/{rel}","templated":true}]}}