{"id":18938,"date":"2021-11-16T14:00:00","date_gmt":"2021-11-16T14:00:00","guid":{"rendered":"https:\/\/5lo.lublin.pl\/?p=18938"},"modified":"2021-11-18T14:05:58","modified_gmt":"2021-11-18T14:05:58","slug":"konsultacje-strategii-dla-mlodych-w-woj-lubelskim","status":"publish","type":"post","link":"https:\/\/5lo.lublin.pl\/?p=18938","title":{"rendered":"Konsultacje strategii dla m\u0142odych w woj. lubelskim"},"content":{"rendered":"\n<p style=\"font-size:18px\">Zapisz si\u0119 na konsultacje strategii dla m\u0142odych w woj. lubelskim!<br \/>Ju\u017c 25 listopada odb\u0119dzie si\u0119 kolejna z wojew\u00f3dzkich konferencji konsultacyjnych, na kt\u00f3rej wszyscy m\u0142odzi ludzie z wojew\u00f3dztwa lubelskiego otrzymaj\u0105 mo\u017cliwo\u015b\u0107 zg\u0142aszania pomys\u0142\u00f3w do \u201eStrategii RP na rzecz M\u0142odego Pokolenia\u201d, wieloletniego planu dzia\u0142a\u0144 pa\u0144stwa w obszarze polityki m\u0142odzie\u017cowej. Zapisy przyjmowane b\u0119d\u0105 do 24 listopada (\u015broda) do godziny 12:00.<br \/>&#8211; Konsultacje wojew\u00f3dzkie og\u00f3lnopolskiego dokumentu strategicznego dla m\u0142odzie\u017cy to pierwsza w historii naszego pa\u0144stwa inicjatywa, w kt\u00f3rej przedstawiciel administracji rz\u0105dowej zaprasza wszystkich m\u0142odych Polak\u00f3w do tworzenia strategii pa\u0144stwa polskiego a tym samym do wsp\u00f3lnego decydowania o przysz\u0142o\u015bci Polski. Bardzo serdecznie zapraszam wszystkich do udzia\u0142u, bez wzgl\u0119dy na pogl\u0105dy \u2013 m\u00f3wi inicjator konsultacji, Piotr Mazurek &#8211; Pe\u0142nomocnik Rz\u0105du ds. Polityki M\u0142odzie\u017cowej, sekretarz Stanu w Kancelarii Prezesa Rady Ministr\u00f3w.<br \/>&nbsp;<br \/>Konsultacje \u201eStrategii RP na rzecz M\u0142odego Pokolenia\u201d to wydarzenie skupiaj\u0105ce przedstawicieli \u015brodowisk m\u0142odzie\u017cowych, uczni\u00f3w, student\u00f3w i doktorant\u00f3w z ca\u0142ej Polski, w trakcie kt\u00f3rego podejmowane s\u0105 dyskusje po\u015bwi\u0119cone wa\u017cnym tematom dla m\u0142odego pokolenia Polak\u00f3w. Celem konsultacji wojew\u00f3dzkich jest zebranie opinii i wypracowanie rozwi\u0105za\u0144, kt\u00f3re pos\u0142u\u017c\u0105 do stworzenia wieloletniego planu dzia\u0142a\u0144 pa\u0144stwa w obszarze polityki m\u0142odzie\u017cowej.<br \/>&nbsp;<br \/>Dyskusje prowadzone w ramach konsultacji, podzielone s\u0105 na siedem obszar\u00f3w tematycznych; \u201eedukacja i szkolnictwo wy\u017csze\u201d, \u201erynek pracy i przedsi\u0119biorczo\u015b\u0107\u201d, \u201espo\u0142ecze\u0144stwo obywatelskie i kultura\u201d, \u201epolityka spo\u0142eczna, polityka prorodzinna i mieszkaniowa\u201d, \u201ezdrowie i sport\u201d, \u201eekologia i klimat\u201d oraz &#8222;Polska w Unii Europejskiej&#8221;.<br \/>&nbsp;<br \/>Konsultacje dla woj. lubelskiego rozpoczn\u0105 si\u0119 25 listopada br. od godz. 17:00. Aby wzi\u0105\u0107 udzia\u0142 w wydarzeniu nale\u017cy wype\u0142ni\u0107 formularz zg\u0142oszeniowy znajduj\u0105cy si\u0119 pod nast\u0119puj\u0105cym adresem: <a rel=\"noreferrer noopener\" href=\"https:\/\/strategiamlodych16.webankieta.pl\/\" target=\"_blank\">https:\/\/strategiamlodych16.webankieta.pl\/<\/a>.<br \/>Zapis\u00f3w na wydarzenie mo\u017cna dokonywa\u0107 do 24 listopada (\u015broda) do godziny 12:00. Konsultacje z powodu pandemii b\u0119d\u0105 odbywa\u0107 si\u0119 zdalnie, w formie wideokonferencji.<br \/>&nbsp;<br \/>Wi\u0119cej informacji na temat konsultacji znajduje si\u0119 na oficjalnej stronie konsultacji <a rel=\"noreferrer noopener\" href=\"https:\/\/www.gov.pl\/DlaMlodych\" target=\"_blank\">https:\/\/www.gov.pl\/DlaMlodych<\/a>. Ka\u017cdy uczestnik spotka\u0144 konsultacyjnych otrzyma certyfikat potwierdzaj\u0105cy udzia\u0142 w pracach nad stworzeniem projektu \u201eStrategii RP na Recz M\u0142odego Pokolenia\u201d.<br \/>&nbsp;<br \/>Organizatorem konsultacji jest Pe\u0142nomocnik Rz\u0105du ds. Polityki m\u0142odzie\u017cowej Piotr Mazurek wraz z Rad\u0105 Dialogu z M\u0142odym Pokoleniem &#8211; pierwszym w historii Polski organem dialogu obywatelskiego pomi\u0119dzy m\u0142odym pokoleniem Polak\u00f3w a najwa\u017cniejszymi instytucjami pa\u0144stwowymi.<\/p>\n","protected":false},"excerpt":{"rendered":"<p>Zapisz si\u0119 na konsultacje strategii dla m\u0142odych w woj. lubelskim!Ju\u017c 25 listopada odb\u0119dzie si\u0119 kolejna z wojew\u00f3dzkich konferencji konsultacyjnych, na kt\u00f3rej wszyscy m\u0142odzi ludzie z wojew\u00f3dztwa lubelskiego otrzymaj\u0105 mo\u017cliwo\u015b\u0107 zg\u0142aszania pomys\u0142\u00f3w do \u201eStrategii RP na rzecz M\u0142odego Pokolenia\u201d, wieloletniego planu dzia\u0142a\u0144 pa\u0144stwa w obszarze polityki m\u0142odzie\u017cowej. Zapisy przyjmowane b\u0119d\u0105 do 24 listopada (\u015broda) do godziny [&hellip;]<\/p>\n","protected":false},"author":23,"featured_media":18939,"comment_status":"open","ping_status":"open","sticky":false,"template":"","format":"standard","meta":{"footnotes":""},"categories":[1],"tags":[],"_links":{"self":[{"href":"https:\/\/5lo.lublin.pl\/index.php?rest_route=\/wp\/v2\/posts\/18938"}],"collection":[{"href":"https:\/\/5lo.lublin.pl\/index.php?rest_route=\/wp\/v2\/posts"}],"about":[{"href":"https:\/\/5lo.lublin.pl\/index.php?rest_route=\/wp\/v2\/types\/post"}],"author":[{"embeddable":true,"href":"https:\/\/5lo.lublin.pl\/index.php?rest_route=\/wp\/v2\/users\/23"}],"replies":[{"embeddable":true,"href":"https:\/\/5lo.lublin.pl\/index.php?rest_route=%2Fwp%2Fv2%2Fcomments&post=18938"}],"version-history":[{"count":1,"href":"https:\/\/5lo.lublin.pl\/index.php?rest_route=\/wp\/v2\/posts\/18938\/revisions"}],"predecessor-version":[{"id":18941,"href":"https:\/\/5lo.lublin.pl\/index.php?rest_route=\/wp\/v2\/posts\/18938\/revisions\/18941"}],"wp:featuredmedia":[{"embeddable":true,"href":"https:\/\/5lo.lublin.pl\/index.php?rest_route=\/wp\/v2\/media\/18939"}],"wp:attachment":[{"href":"https:\/\/5lo.lublin.pl\/index.php?rest_route=%2Fwp%2Fv2%2Fmedia&parent=18938"}],"wp:term":[{"taxonomy":"category","embeddable":true,"href":"https:\/\/5lo.lublin.pl\/index.php?rest_route=%2Fwp%2Fv2%2Fcategories&post=18938"},{"taxonomy":"post_tag","embeddable":true,"href":"https:\/\/5lo.lublin.pl\/index.php?rest_route=%2Fwp%2Fv2%2Ftags&post=18938"}],"curies":[{"name":"wp","href":"https:\/\/api.w.org\/{rel}","templated":true}]}}