{"id":18898,"date":"2021-11-03T18:04:46","date_gmt":"2021-11-03T18:04:46","guid":{"rendered":"http:\/\/5lo.lublin.pl\/?p=18898"},"modified":"2021-11-03T18:13:16","modified_gmt":"2021-11-03T18:13:16","slug":"przesuniecie-obrad-jury-xxiv-jdp","status":"publish","type":"post","link":"https:\/\/5lo.lublin.pl\/?p=18898","title":{"rendered":"Przesuni\u0119cie obrad Jury XXIV Jesiennych Debiut\u00f3w Poetyckich"},"content":{"rendered":"\n<p style=\"font-size:22px\"><em><strong>Szanowni nauczyciele, drodzy uczniowie, kandydaci na poet\u00f3w!<\/strong><\/em><\/p>\n\n\n\n<p style=\"font-size:17px\"><br \/>Informujemy, \u017ce z powodu pandemii COVID-19 obrady Jury XXIV Jesiennych Debiut\u00f3w Poetyckich zostaj\u0105 przesuni\u0119te na pocz\u0105tek grudnia 2021 r. Zamieszczamy list\u0119 uczestnik\u00f3w zakwalifikowanych do udzia\u0142u <br \/>w Mi\u0119dzynarodowym Przegl\u0105dzie Poezji XXIV Jesienne Debiuty Poetyckie.<\/p>\n\n\n\n<p><\/p>\n\n\n\n<p class=\"has-large-font-size\"><strong>Lista uczestnik\u00f3w XXIV  Jesiennych Debiut\u00f3w Poetyckich <\/strong><\/p>\n\n\n\n<ol type=\"1\" style=\"font-size:17px\"><li>Ablewska Agata<\/li><li>Antos Patrycja<\/li><li>&nbsp;Batyra Pawe\u0142<\/li><li>Bie\u0144kowska Joanna<\/li><li>Blicharska Urszula<\/li><li>B\u0142aszczak Aleksandra<\/li><li>Borowski Allan<\/li><li>Brucka Paulina<\/li><li>Cicho\u0144ska Karina<\/li><li>Cur Daniel<\/li><li>D\u0105bek Adam<\/li><li>Dziadkowiec Nikola<\/li><li>Golianek Amelia<\/li><li>Jatczak Karolina<\/li><li>Jaworek Jakub<\/li><li>Jurak Katarzyna<\/li><li>Kijek Hanna<\/li><li>Konczal Anna<\/li><li>Kope\u0107 Diana<\/li><li>Kowalczyk Mi\u0142osz<\/li><li>Krzywicka Oliwia<\/li><li>Kujan Aleksandra<\/li><li>Laskowska Amelia<\/li><li>Lendzion Katarzyna Anna<\/li><li>\u0141ukianiuk Liwia<\/li><li>Majewska Nadia<\/li><li>Mendel Julia<\/li><li>Mielnik Jagoda<\/li><li>Osek Zuzanna<\/li><li>Pikul Patrycja<\/li><li>Piku\u0142a Lidia<\/li><li>Pomyka\u0142a Cezary<\/li><li>Porzyczka Anna<\/li><li>Prajsnar Natalia<\/li><li>Rejak Anna<\/li><li>&nbsp;Rybak Maja<\/li><li>Samora\u0144ska Maja<\/li><li>Sierpie\u0144 Kuba<\/li><li>Smolarz Klaudia<\/li><li>Stachowicz Julia<\/li><li>Stamirowska Natalia<\/li><li>Stopkowicz Alicja<\/li><li>Strauchman Oliwia<\/li><li>Stypka Anna<\/li><li>Szczotka Luiza<\/li><li>\u015acirka Magdalena<\/li><li>\u015amiech Julia<\/li><li>Trusz Laura<\/li><li>Walczak Anna<\/li><li>Walkiewicz Tobiasz<\/li><li>Waszuk Pola<\/li><li>Wawrzyszak Wiktor<\/li><li>Weremko Natalia<\/li><li>Winsyk Jakub<\/li><li>Zawadzki Jakub<\/li><\/ol>\n","protected":false},"excerpt":{"rendered":"<p>Szanowni nauczyciele, drodzy uczniowie, kandydaci na poet\u00f3w! Informujemy, \u017ce z powodu pandemii COVID-19 obrady Jury XXIV Jesiennych Debiut\u00f3w Poetyckich zostaj\u0105 przesuni\u0119te na pocz\u0105tek grudnia 2021 r. Zamieszczamy list\u0119 uczestnik\u00f3w zakwalifikowanych do udzia\u0142u w Mi\u0119dzynarodowym Przegl\u0105dzie Poezji XXIV Jesienne Debiuty Poetyckie. Lista uczestnik\u00f3w XXIV Jesiennych Debiut\u00f3w Poetyckich Ablewska Agata Antos Patrycja &nbsp;Batyra Pawe\u0142 Bie\u0144kowska Joanna Blicharska [&hellip;]<\/p>\n","protected":false},"author":29,"featured_media":18572,"comment_status":"open","ping_status":"open","sticky":false,"template":"","format":"standard","meta":{"footnotes":""},"categories":[160,361,365,1],"tags":[],"_links":{"self":[{"href":"https:\/\/5lo.lublin.pl\/index.php?rest_route=\/wp\/v2\/posts\/18898"}],"collection":[{"href":"https:\/\/5lo.lublin.pl\/index.php?rest_route=\/wp\/v2\/posts"}],"about":[{"href":"https:\/\/5lo.lublin.pl\/index.php?rest_route=\/wp\/v2\/types\/post"}],"author":[{"embeddable":true,"href":"https:\/\/5lo.lublin.pl\/index.php?rest_route=\/wp\/v2\/users\/29"}],"replies":[{"embeddable":true,"href":"https:\/\/5lo.lublin.pl\/index.php?rest_route=%2Fwp%2Fv2%2Fcomments&post=18898"}],"version-history":[{"count":1,"href":"https:\/\/5lo.lublin.pl\/index.php?rest_route=\/wp\/v2\/posts\/18898\/revisions"}],"predecessor-version":[{"id":18904,"href":"https:\/\/5lo.lublin.pl\/index.php?rest_route=\/wp\/v2\/posts\/18898\/revisions\/18904"}],"wp:featuredmedia":[{"embeddable":true,"href":"https:\/\/5lo.lublin.pl\/index.php?rest_route=\/wp\/v2\/media\/18572"}],"wp:attachment":[{"href":"https:\/\/5lo.lublin.pl\/index.php?rest_route=%2Fwp%2Fv2%2Fmedia&parent=18898"}],"wp:term":[{"taxonomy":"category","embeddable":true,"href":"https:\/\/5lo.lublin.pl\/index.php?rest_route=%2Fwp%2Fv2%2Fcategories&post=18898"},{"taxonomy":"post_tag","embeddable":true,"href":"https:\/\/5lo.lublin.pl\/index.php?rest_route=%2Fwp%2Fv2%2Ftags&post=18898"}],"curies":[{"name":"wp","href":"https:\/\/api.w.org\/{rel}","templated":true}]}}