{"id":18880,"date":"2021-10-28T15:47:51","date_gmt":"2021-10-28T15:47:51","guid":{"rendered":"http:\/\/5lo.lublin.pl\/?p=18880"},"modified":"2021-10-28T20:17:28","modified_gmt":"2021-10-28T20:17:28","slug":"nauka-zdalna-w-klasie-3bp","status":"publish","type":"post","link":"https:\/\/5lo.lublin.pl\/?p=18880","title":{"rendered":"Nauka zdalna w klasach 1a i 3bp"},"content":{"rendered":"\n<p style=\"font-size:17px\">Szanowni Pa\u0144stwo,<br \/>dzia\u0142aj\u0105c w oparciu o \u00a7 18 ust. 2a, 2c i 3 Rozporz\u0105dzenia Ministerstwa Edukacji Narodowej i Sportu z dn. 31 grudnia 2002 r. w sprawie bezpiecze\u0144stwa i higieny w publicznych i niepublicznych szko\u0142ach i plac\u00f3wkach (Dz. U. z 2020 r. poz. 1604 t. j.) w zwi\u0105zku z potwierdzonym przypadkiem zaka\u017cenia Covid-19, informuj\u0119 o zawieszeniu zaj\u0119\u0107 stacjonarnych i przej\u015bciu na nauk\u0119 zdaln\u0105 uczni\u00f3w klas 1a i 3bp w V Liceum Og\u00f3lnokszta\u0142c\u0105cym im. Marii Sk\u0142odowskiej-Curie w Lublinie od dnia 29.10.2021 do 05.11.2021.<\/p>\n\n\n\n<p style=\"font-size:17px\">Dyrektor Szko\u0142y<\/p>\n\n\n\n<p style=\"font-size:17px\">Beata Jezierska<br \/><\/p>\n","protected":false},"excerpt":{"rendered":"<p>Szanowni Pa\u0144stwo,dzia\u0142aj\u0105c w oparciu o \u00a7 18 ust. 2a, 2c i 3 Rozporz\u0105dzenia Ministerstwa Edukacji Narodowej i Sportu z dn. 31 grudnia 2002 r. w sprawie bezpiecze\u0144stwa i higieny w publicznych i niepublicznych szko\u0142ach i plac\u00f3wkach (Dz. U. z 2020 r. poz. 1604 t. j.) w zwi\u0105zku z potwierdzonym przypadkiem zaka\u017cenia Covid-19, informuj\u0119 o zawieszeniu [&hellip;]<\/p>\n","protected":false},"author":23,"featured_media":15818,"comment_status":"open","ping_status":"open","sticky":false,"template":"","format":"standard","meta":{"footnotes":""},"categories":[345,1],"tags":[],"_links":{"self":[{"href":"https:\/\/5lo.lublin.pl\/index.php?rest_route=\/wp\/v2\/posts\/18880"}],"collection":[{"href":"https:\/\/5lo.lublin.pl\/index.php?rest_route=\/wp\/v2\/posts"}],"about":[{"href":"https:\/\/5lo.lublin.pl\/index.php?rest_route=\/wp\/v2\/types\/post"}],"author":[{"embeddable":true,"href":"https:\/\/5lo.lublin.pl\/index.php?rest_route=\/wp\/v2\/users\/23"}],"replies":[{"embeddable":true,"href":"https:\/\/5lo.lublin.pl\/index.php?rest_route=%2Fwp%2Fv2%2Fcomments&post=18880"}],"version-history":[{"count":1,"href":"https:\/\/5lo.lublin.pl\/index.php?rest_route=\/wp\/v2\/posts\/18880\/revisions"}],"predecessor-version":[{"id":18882,"href":"https:\/\/5lo.lublin.pl\/index.php?rest_route=\/wp\/v2\/posts\/18880\/revisions\/18882"}],"wp:featuredmedia":[{"embeddable":true,"href":"https:\/\/5lo.lublin.pl\/index.php?rest_route=\/wp\/v2\/media\/15818"}],"wp:attachment":[{"href":"https:\/\/5lo.lublin.pl\/index.php?rest_route=%2Fwp%2Fv2%2Fmedia&parent=18880"}],"wp:term":[{"taxonomy":"category","embeddable":true,"href":"https:\/\/5lo.lublin.pl\/index.php?rest_route=%2Fwp%2Fv2%2Fcategories&post=18880"},{"taxonomy":"post_tag","embeddable":true,"href":"https:\/\/5lo.lublin.pl\/index.php?rest_route=%2Fwp%2Fv2%2Ftags&post=18880"}],"curies":[{"name":"wp","href":"https:\/\/api.w.org\/{rel}","templated":true}]}}