{"id":18873,"date":"2021-10-27T21:04:49","date_gmt":"2021-10-27T21:04:49","guid":{"rendered":"http:\/\/5lo.lublin.pl\/?p=18873"},"modified":"2021-10-27T21:04:52","modified_gmt":"2021-10-27T21:04:52","slug":"ocalona-przed-uduszeniem-spotkanie-z-s-nulla-garlinska","status":"publish","type":"post","link":"https:\/\/5lo.lublin.pl\/?p=18873","title":{"rendered":"Ocalona przed uduszeniem \u2013 spotkanie z s. Null\u0105 Garli\u0144sk\u0105"},"content":{"rendered":"\n<p>W \u015brod\u0119, 27 pa\u017adziernika 2021 r. uczniowie klasy 2d uczestniczyli w kinie Bajka w spotkaniu z s. Null\u0105 Garli\u0144sk\u0105, cudownie uzdrowion\u0105 przez Boga za wstawiennictwem b\u0142. kard. Stefana Wyszy\u0144skiego. Spotkanie z t\u0105 niezwyk\u0142\u0105 osob\u0105 zosta\u0142o zorganizowane przez Wydawnictwo \u201e\u015awi\u0119ty Pawe\u0142\u201d i by\u0142o po\u0142\u0105czone z promocj\u0105 ksi\u0105\u017cki \u201eCud Kardyna\u0142a Wyszy\u0144skiego. Uzdrowienie Siostry Nulli\u201d.<br \/>Siostra przez prawie godzin\u0119 opowiada\u0142a swoj\u0105 histori\u0119. M\u00f3wi\u0142a o raku z\u0142o\u015bliwym tarczycy, kt\u00f3ry stwierdzono u niej, gdy by\u0142a m\u0142od\u0105 dziewczyn\u0105 u pocz\u0105tku drogi \u017cycia zakonnego; o dylematach czy zgodzi\u0107 si\u0119 na operacj\u0119 po\u0142\u0105czon\u0105 z ryzykiem jej nieprze\u017cycia, o wytrwa\u0142ych modlitwach w jej intencji zanoszonych przez Siostry ze Wsp\u00f3lnoty Uczennic Krzy\u017ca, o cudownym ocaleniu od uduszenia w krytycznym momencie choroby, wreszcie o trwa\u0142ym uzdrowieniu.<br \/>Po spotkaniu uczniowie uczestniczyli w projekcji filmu \u201eWyszy\u0144ski \u2013 zemsta czy przebaczenie\u201d, przybli\u017caj\u0105cego posta\u0107 nowego B\u0142ogos\u0142awionego, kt\u00f3ry by\u0142 zwi\u0105zany z Lublinem i Lubelszczyzn\u0105. W filmie ukazano te\u017c posta\u0107 b\u0142. Marii R\u00f3\u017cy Czackiej, z kt\u00f3r\u0105 ks. Stefan Wyszy\u0144ski \u2013 kapelan Armii Krajowej wsp\u00f3\u0142pracowa\u0142 w okresie Powstania Warszawskiego. Kiedy si\u0119 staje na froncie wobec wrogiej armii, to staje si\u0119 wobec dylematu, jak\u0105 zaj\u0105\u0107 postaw\u0119 \u2013 przebaczy\u0107, czy i\u015b\u0107 drog\u0105 zemsty. Stefan Wyszy\u0144ski wybiera\u0142 nie\u0142atw\u0105 drog\u0105 przebaczenia\u2026 Mi\u0142o\u015b\u0107 jest najwa\u017cniejsza, w\u0142\u0105cznie z mi\u0142o\u015bci\u0105 nieprzyjaci\u00f3\u0142 &#8211; m\u00f3wi\u0142 o przes\u0142aniu tego filmu przed premier\u0105 kard. S. Nycz. [J\u00f3zef Nowak]<\/p>\n","protected":false},"excerpt":{"rendered":"<p>W \u015brod\u0119, 27 pa\u017adziernika 2021 r. uczniowie klasy 2d uczestniczyli w kinie Bajka w spotkaniu z s. Null\u0105 Garli\u0144sk\u0105, cudownie uzdrowion\u0105 przez Boga za wstawiennictwem b\u0142. kard. Stefana Wyszy\u0144skiego. Spotkanie z t\u0105 niezwyk\u0142\u0105 osob\u0105 zosta\u0142o zorganizowane przez Wydawnictwo \u201e\u015awi\u0119ty Pawe\u0142\u201d i by\u0142o po\u0142\u0105czone z promocj\u0105 ksi\u0105\u017cki \u201eCud Kardyna\u0142a Wyszy\u0144skiego. Uzdrowienie Siostry Nulli\u201d.Siostra przez prawie godzin\u0119 [&hellip;]<\/p>\n","protected":false},"author":665,"featured_media":18874,"comment_status":"open","ping_status":"open","sticky":false,"template":"","format":"standard","meta":{"footnotes":""},"categories":[133],"tags":[],"_links":{"self":[{"href":"https:\/\/5lo.lublin.pl\/index.php?rest_route=\/wp\/v2\/posts\/18873"}],"collection":[{"href":"https:\/\/5lo.lublin.pl\/index.php?rest_route=\/wp\/v2\/posts"}],"about":[{"href":"https:\/\/5lo.lublin.pl\/index.php?rest_route=\/wp\/v2\/types\/post"}],"author":[{"embeddable":true,"href":"https:\/\/5lo.lublin.pl\/index.php?rest_route=\/wp\/v2\/users\/665"}],"replies":[{"embeddable":true,"href":"https:\/\/5lo.lublin.pl\/index.php?rest_route=%2Fwp%2Fv2%2Fcomments&post=18873"}],"version-history":[{"count":1,"href":"https:\/\/5lo.lublin.pl\/index.php?rest_route=\/wp\/v2\/posts\/18873\/revisions"}],"predecessor-version":[{"id":18876,"href":"https:\/\/5lo.lublin.pl\/index.php?rest_route=\/wp\/v2\/posts\/18873\/revisions\/18876"}],"wp:featuredmedia":[{"embeddable":true,"href":"https:\/\/5lo.lublin.pl\/index.php?rest_route=\/wp\/v2\/media\/18874"}],"wp:attachment":[{"href":"https:\/\/5lo.lublin.pl\/index.php?rest_route=%2Fwp%2Fv2%2Fmedia&parent=18873"}],"wp:term":[{"taxonomy":"category","embeddable":true,"href":"https:\/\/5lo.lublin.pl\/index.php?rest_route=%2Fwp%2Fv2%2Fcategories&post=18873"},{"taxonomy":"post_tag","embeddable":true,"href":"https:\/\/5lo.lublin.pl\/index.php?rest_route=%2Fwp%2Fv2%2Ftags&post=18873"}],"curies":[{"name":"wp","href":"https:\/\/api.w.org\/{rel}","templated":true}]}}