{"id":18813,"date":"2021-10-25T16:52:19","date_gmt":"2021-10-25T16:52:19","guid":{"rendered":"http:\/\/5lo.lublin.pl\/?p=18813"},"modified":"2021-12-04T14:06:00","modified_gmt":"2021-12-04T14:06:00","slug":"ocalic-od-zapomnienia","status":"publish","type":"post","link":"https:\/\/5lo.lublin.pl\/?p=18813","title":{"rendered":",, Ocali\u0107 od zapomnienia\u201d"},"content":{"rendered":"\n<p><strong>,, Ocali\u0107 od zapomnienia\u201d-w ramach przygotowa\u0144 do &nbsp;obchod\u00f3w Mi\u0119dzynarodowego Dnia Holocaustu i pami\u0119ci o tych ofiarach&nbsp; &nbsp;zorganizowane zosta\u0142y warsztaty dla m\u0142odzie\u017cy zainteresowanej pochyleniem si\u0119 nad tym zagadnieniem.<\/strong><\/p>\n\n\n\n<p><strong>W pierwszej cz\u0119\u015bci tego wydarzenia uczestniczyli \u00a0zainteresowani t\u0105 tematyk\u0105 uczniowie klas pierwszych 1e i 1g. Czym by\u0142 Holocaust, \u00a0jak si\u0119 zacz\u0105\u0142, dlaczego dosz\u0142o do eksterminacji narodu \u017cydowskiego w czasie II wojny \u015bwiatowej , a tak\u017ce wiele innych nurtuj\u0105cych zagadnie\u0144 zwi\u0105zanych z drug\u0105 wojn\u0105 \u015bwiatow\u0105. Na te i inne pytanie pr\u00f3bowali odpowiedzie\u0107 uczniowie \u00a0w ramach szkolnego\u00a0 edukacyjnego projektu Klubu UNESCO \u00a0realizowanego <\/strong><br \/><strong>w\u00a0 Miejscu Pami\u0119ci na Majdanku, jako jednego z etap\u00f3w przygotowa\u0144 do Mi\u0119dzynarodowego Dnia Holocaustu \u00a0obchodzonego w V LO. Celem projektu by\u0142o umo\u017cliwienie m\u0142odym ludziom wsp\u00f3lnego odkrywania i badania historii, wyci\u0105gania wniosk\u00f3w z przesz\u0142o\u015bci oraz rozbudzania odpowiedzialno\u015bci za kszta\u0142towanie przysz\u0142o\u015bci, poszerzenie zainteresowa\u0144 m\u0142odych ludzi, a nast\u0119pnie dzielenie si\u0119 zdobyt\u0105 wiedz\u0105\u00a0 <\/strong><br \/><strong>z r\u00f3wie\u015bnikami, kole\u017cankami<\/strong> <strong>i kolegami\u00a0 z klasy\u00a0 w ramach godzin wychowawczych. Kolejna cz\u0119\u015b\u0107 realizowanego projektu niebawem.<\/strong><\/p>\n\n\n\n<figure class=\"wp-block-gallery columns-3 is-cropped wp-block-gallery-1 is-layout-flex wp-block-gallery-is-layout-flex\"><ul class=\"blocks-gallery-grid\"><li class=\"blocks-gallery-item\"><figure><img loading=\"lazy\" decoding=\"async\" width=\"1024\" height=\"768\" src=\"https:\/\/5lo.lublin.pl\/wp-content\/uploads\/2021\/10\/20210921_093948.jpg\" alt=\"\" data-id=\"18815\" data-link=\"https:\/\/5lo.lublin.pl\/?attachment_id=18815\" class=\"wp-image-18815\"\/><\/figure><\/li><li class=\"blocks-gallery-item\"><figure><img loading=\"lazy\" decoding=\"async\" width=\"1024\" height=\"768\" src=\"https:\/\/5lo.lublin.pl\/wp-content\/uploads\/2021\/10\/20210921_130915.jpg\" alt=\"\" data-id=\"18816\" data-link=\"https:\/\/5lo.lublin.pl\/?attachment_id=18816\" class=\"wp-image-18816\"\/><\/figure><\/li><li class=\"blocks-gallery-item\"><figure><img loading=\"lazy\" decoding=\"async\" width=\"1024\" height=\"768\" src=\"https:\/\/5lo.lublin.pl\/wp-content\/uploads\/2021\/10\/20210921_130921.jpg\" alt=\"\" data-id=\"18817\" data-link=\"https:\/\/5lo.lublin.pl\/?attachment_id=18817\" class=\"wp-image-18817\"\/><\/figure><\/li><li class=\"blocks-gallery-item\"><figure><img loading=\"lazy\" decoding=\"async\" width=\"1024\" height=\"768\" src=\"https:\/\/5lo.lublin.pl\/wp-content\/uploads\/2021\/10\/20210921_131127.jpg\" alt=\"\" data-id=\"18818\" data-link=\"https:\/\/5lo.lublin.pl\/?attachment_id=18818\" class=\"wp-image-18818\"\/><\/figure><\/li><li class=\"blocks-gallery-item\"><figure><img loading=\"lazy\" decoding=\"async\" width=\"1024\" height=\"768\" src=\"https:\/\/5lo.lublin.pl\/wp-content\/uploads\/2021\/10\/20210921_145759.jpg\" alt=\"\" data-id=\"18819\" data-link=\"https:\/\/5lo.lublin.pl\/?attachment_id=18819\" class=\"wp-image-18819\"\/><\/figure><\/li><\/ul><\/figure>\n","protected":false},"excerpt":{"rendered":"<p>,, Ocali\u0107 od zapomnienia\u201d-w ramach przygotowa\u0144 do &nbsp;obchod\u00f3w Mi\u0119dzynarodowego Dnia Holocaustu i pami\u0119ci o tych ofiarach&nbsp; &nbsp;zorganizowane zosta\u0142y warsztaty dla m\u0142odzie\u017cy zainteresowanej pochyleniem si\u0119 nad tym zagadnieniem. W pierwszej cz\u0119\u015bci tego wydarzenia uczestniczyli \u00a0zainteresowani t\u0105 tematyk\u0105 uczniowie klas pierwszych 1e i 1g. Czym by\u0142 Holocaust, \u00a0jak si\u0119 zacz\u0105\u0142, dlaczego dosz\u0142o do eksterminacji narodu \u017cydowskiego w [&hellip;]<\/p>\n","protected":false},"author":29,"featured_media":18815,"comment_status":"open","ping_status":"open","sticky":false,"template":"","format":"standard","meta":{"footnotes":""},"categories":[1,135,371],"tags":[],"_links":{"self":[{"href":"https:\/\/5lo.lublin.pl\/index.php?rest_route=\/wp\/v2\/posts\/18813"}],"collection":[{"href":"https:\/\/5lo.lublin.pl\/index.php?rest_route=\/wp\/v2\/posts"}],"about":[{"href":"https:\/\/5lo.lublin.pl\/index.php?rest_route=\/wp\/v2\/types\/post"}],"author":[{"embeddable":true,"href":"https:\/\/5lo.lublin.pl\/index.php?rest_route=\/wp\/v2\/users\/29"}],"replies":[{"embeddable":true,"href":"https:\/\/5lo.lublin.pl\/index.php?rest_route=%2Fwp%2Fv2%2Fcomments&post=18813"}],"version-history":[{"count":1,"href":"https:\/\/5lo.lublin.pl\/index.php?rest_route=\/wp\/v2\/posts\/18813\/revisions"}],"predecessor-version":[{"id":18825,"href":"https:\/\/5lo.lublin.pl\/index.php?rest_route=\/wp\/v2\/posts\/18813\/revisions\/18825"}],"wp:featuredmedia":[{"embeddable":true,"href":"https:\/\/5lo.lublin.pl\/index.php?rest_route=\/wp\/v2\/media\/18815"}],"wp:attachment":[{"href":"https:\/\/5lo.lublin.pl\/index.php?rest_route=%2Fwp%2Fv2%2Fmedia&parent=18813"}],"wp:term":[{"taxonomy":"category","embeddable":true,"href":"https:\/\/5lo.lublin.pl\/index.php?rest_route=%2Fwp%2Fv2%2Fcategories&post=18813"},{"taxonomy":"post_tag","embeddable":true,"href":"https:\/\/5lo.lublin.pl\/index.php?rest_route=%2Fwp%2Fv2%2Ftags&post=18813"}],"curies":[{"name":"wp","href":"https:\/\/api.w.org\/{rel}","templated":true}]}}